{"id":11821,"date":"2015-04-18T16:46:37","date_gmt":"2015-04-18T21:46:37","guid":{"rendered":"http:\/\/www.imer.mx\/rmi\/?p=11821"},"modified":"2015-04-20T12:11:37","modified_gmt":"2015-04-20T17:11:37","slug":"dia-mundial-de-la-bicicleta","status":"publish","type":"post","link":"https:\/\/www.imer.mx\/rmi\/dia-mundial-de-la-bicicleta\/","title":{"rendered":"D\u00cdA MUNDIAL DE LA BICICLETA"},"content":{"rendered":"<p style=\"text-align: right\">Texto de Mario Leyva Escalante<\/p>\n<div id=\"attachment_11841\" style=\"width: 310px\" class=\"wp-caption alignleft\"><a href=\"https:\/\/www.imer.mx\/rmi\/wp-content\/uploads\/sites\/3\/2015\/04\/CaballitoBicicletas.jpg\"><img loading=\"lazy\" decoding=\"async\" aria-describedby=\"caption-attachment-11841\" class=\"wp-image-11841 size-medium\" src=\"https:\/\/www.imer.mx\/rmi\/wp-content\/uploads\/sites\/3\/2015\/04\/CaballitoBicicletas-300x218.jpg\" alt=\"CaballitoBicicletas\" width=\"300\" height=\"218\" srcset=\"https:\/\/www.imer.mx\/rmi\/wp-content\/uploads\/sites\/3\/2015\/04\/CaballitoBicicletas-300x218.jpg 300w, https:\/\/www.imer.mx\/rmi\/wp-content\/uploads\/sites\/3\/2015\/04\/CaballitoBicicletas.jpg 500w\" sizes=\"auto, (max-width: 300px) 100vw, 300px\" \/><\/a><p id=\"caption-attachment-11841\" class=\"wp-caption-text\">J\u00f3venes del periodo porfiriano en bicicleta frente al &#8220;Caballito&#8221;, tomada de: historiademexicomputacion.blogspot<\/p><\/div>\n<p style=\"text-align: left\"><strong>LA BICICLETA DESDE EL MUNDO ANTIGUO<\/strong><\/p>\n<p style=\"text-align: left\">Rastreando el origen de tan singular veh\u00edculo tendr\u00edamos que remontarnos al antiguo Egipto donde se fabricaban artefactos rudimentarios compuestos por dos ruedas unidas por una barra. Incluso a China donde exist\u00eda un instrumento similar, pero con ruedas hechas de bamb\u00fa. Se piensa que las primeras noticias de la bicicleta datan del siglo XV, concretamente del a\u00f1o 1490 cuando Leonardo da Vinci en su obra Codex Atlanticus muestra el boceto de una bicicleta con transmisi\u00f3n de cadena impulsada por unos pedales aunque siempre se puso en duda la autenticidad del dise\u00f1o, lo cual pudo corroborarse hasta los a\u00f1os 90 del siglo XX. Tambi\u00e9n se ha especulado sobre el aparato denominado \u201cCeler\u00edfero\u201d o \u201ccaballo de ruedas\u201d inventado en Par\u00eds, y atribuido al conde franc\u00e9s Mede de Syvrac en 1791, Pero con el tiempo se comprob\u00f3 que tal conde nunca existi\u00f3 y, por consiguiente, tampoco el invento. Pero lo realmente comprobable es que en 1817 el bar\u00f3n alem\u00e1n Karl Christian Ludwig Drais von Sauerbronn invent\u00f3 el primer veh\u00edculo de dos ruedas, al que llam\u00f3 \u201cm\u00e1quina andante\u201d, precursora de la bicicleta y la motocicleta. Consist\u00eda en una especie de carrito con dos ruedas, colocadas una detr\u00e1s de otra, y un manubrio. La persona se manten\u00eda sentada sobre una peque\u00f1a montura colocada en el centro de un marco de madera. Para moverse empujaba alternativamente con el pie izquierdo y el derecho hacia adelante, en forma parecida al movimiento de un patinador. El impulso le permit\u00eda adquirir la velocidad de un carruaje. Sus brazos descansaban sobre un apoyabrazos de hierro y con las manos sosten\u00eda una vara de madera, unida a la rueda delantera, que giraba en la direcci\u00f3n hacia la cual quer\u00eda ir el conductor.<\/p>\n<p><a href=\"https:\/\/www.imer.mx\/rmi\/wp-content\/uploads\/sites\/3\/2015\/04\/IMG_2728.jpg\"><img loading=\"lazy\" decoding=\"async\" class=\" size-medium wp-image-11827 alignright\" src=\"https:\/\/www.imer.mx\/rmi\/wp-content\/uploads\/sites\/3\/2015\/04\/IMG_2728-300x248.jpg\" alt=\"IMG_2728\" width=\"300\" height=\"248\" srcset=\"https:\/\/www.imer.mx\/rmi\/wp-content\/uploads\/sites\/3\/2015\/04\/IMG_2728-300x248.jpg 300w, https:\/\/www.imer.mx\/rmi\/wp-content\/uploads\/sites\/3\/2015\/04\/IMG_2728.jpg 704w\" sizes=\"auto, (max-width: 300px) 100vw, 300px\" \/><\/a>LA BICICLETA EN LA ERA MODERNA<br \/>\nCon el transcurrir de los a\u00f1os el veh\u00edculo se fue trasformando hasta tomar las caracter\u00edsticas que tiene hoy. Las bicicletas fueron muy populares en la d\u00e9cada de 1890 y posteriormente en las de 1950 y 1970. En la actualidad hay m\u00e1s de 800 millones de bicicletas en el mundo, la mayor parte de ellas en China, utilizadas tanto como veh\u00edculos de transporte, de carga, deportivos o de ocio. Su uso est\u00e1 generalizado en la mayor parte de Europa, llegando a ser en algunos pa\u00edses uno de los principales medios de transporte. En Asia, principalmente en China y la India, es el principal medio de transporte.<br \/>\nEn nuestro pa\u00eds la bicicleta se volvi\u00f3 un veh\u00edculo de moda y de diversi\u00f3n entre los j\u00f3venes de las clases altas durante el porfiriato, y su uso se volvi\u00f3 s\u00edmbolo de modernidad. Una de las piezas musicales m\u00e1s identificadas con ese periodo est\u00e1 dedicada a ella: la polka \u201cLas Bicicletas\u201d, del compositor Salvador Morlet, de quien se sabe poco pero que, al parecer, naci\u00f3 en la ciudad de M\u00e9xico en el a\u00f1o 1867. Sin embargo el uso de la bicicleta tard\u00f3 en extenderse a otros sectores, pero en cuanto lo hizo se posicion\u00f3 de inmediato como un transporte popular. Giacinto Benotto corredor de bicicletas, cre\u00f3 en 1931, en su natal Italia, una f\u00e1brica de estos veh\u00edculos.<\/p>\n<p><a href=\"https:\/\/www.imer.mx\/rmi\/wp-content\/uploads\/sites\/3\/2015\/04\/IMG_8165.jpg\"><img loading=\"lazy\" decoding=\"async\" class=\" size-medium wp-image-11832 alignleft\" src=\"https:\/\/www.imer.mx\/rmi\/wp-content\/uploads\/sites\/3\/2015\/04\/IMG_8165-225x300.jpg\" alt=\"IMG_8165\" width=\"225\" height=\"300\" srcset=\"https:\/\/www.imer.mx\/rmi\/wp-content\/uploads\/sites\/3\/2015\/04\/IMG_8165-225x300.jpg 225w, https:\/\/www.imer.mx\/rmi\/wp-content\/uploads\/sites\/3\/2015\/04\/IMG_8165.jpg 529w\" sizes=\"auto, (max-width: 225px) 100vw, 225px\" \/><\/a>Lleg\u00f3 a M\u00e9xico en los a\u00f1os cincuenta y fund\u00f3 la f\u00e1brica de bicicletas C\u00f3ndor, con la que comenz\u00f3 a cubrir la creciente demanda de un veh\u00edculo que pronto se convirti\u00f3, tambi\u00e9n, en una herramienta de trabajo. Muchos oficios en nuestro pa\u00eds est\u00e1n ligados a ella: panadero, lechero, jardinero, vendedor de tacos de canasta, afilador, repartidor, mensajero&#8230; Con el paso del tiempo se lleg\u00f3 a acu\u00f1ar la frase \u201cpueblo bicicletero\u201d en tono despreciativo pero hoy hemos descubierto que ser un \u201cpueblo bicicletero\u201d es la opci\u00f3n m\u00e1s sana y amable que puede tener una ciudad para resolver sus necesidades de transporte particular. Incluso en la Ciudad de M\u00e9xico y en otras capitales, las autoridades la han promovido como un medio seguro y, sobre todo, anticontaminante, apoyando programas y construyendo ciclopistas que faciliten el tr\u00e1nsito de los ciclistas.<br \/>\nA prop\u00f3sito de la bicicleta queremos invitarles a que visiten la interesante muestra que el Museo Franz Mayer ha montado con el t\u00edtulo \u201cLa vuelta a la bici\u201d, en la que a lo largo de m\u00e1s de 600 metros cuadrados se podr\u00e1n apreciar los or\u00edgenes de la bicicleta. El recinto se encuentra en Avenida Hidalgo n\u00famero 45 en el Centro Hist\u00f3rico de la Ciudad de M\u00e9xico y la muestra concluye ne este fin de semana (18 y 19 de abril).<\/p>\n<p>&nbsp;<\/p>\n<p>GALER\u00cdA<\/p>\n\n\t\t\t<style type='text\/css'>\n\t\t\t\t#gallery-1 {\n\t\t\t\t\tmargin: auto;\n\t\t\t\t}\n\t\t\t\t#gallery-1 .gallery-item {\n\t\t\t\t\tfloat: left;\n\t\t\t\t\tmargin-top: 10px;\n\t\t\t\t\ttext-align: center;\n\t\t\t\t\twidth: 25%;\n\t\t\t\t}\n\t\t\t\t#gallery-1 img {\n\t\t\t\t\tborder: 2px solid #cfcfcf;\n\t\t\t\t}\n\t\t\t\t#gallery-1 .gallery-caption {\n\t\t\t\t\tmargin-left: 0;\n\t\t\t\t}\n\t\t\t\t\/* see gallery_shortcode() in wp-includes\/media.php *\/\n\t\t\t<\/style>\n\t\t<div id='gallery-1' class='dt-gallery-container gallery galleryid-11821 gallery-columns-4 gallery-size-thumbnail'><dl class='gallery-item'>\n\t\t\t\t<dt class='gallery-icon landscape'>\n\t\t\t\t\t<a class=\"rollover rollover-zoom dt-pswp-item\" title=\"el lechero\" data-dt-img-description=\"\" data-large_image_width=\"600\" data-large_image_height=\"466\"href='https:\/\/www.imer.mx\/rmi\/wp-content\/uploads\/sites\/3\/2015\/04\/el-lechero.jpg'><img loading=\"lazy\" decoding=\"async\" width=\"150\" height=\"150\" src=\"https:\/\/www.imer.mx\/rmi\/wp-content\/uploads\/sites\/3\/2015\/04\/el-lechero-150x150.jpg\" class=\"attachment-thumbnail size-thumbnail\" alt=\"\" aria-describedby=\"gallery-1-11843\" \/><\/a>\n\t\t\t\t<\/dt>\n\t\t\t\t\t<dd class='wp-caption-text gallery-caption' id='gallery-1-11843'>\n\t\t\t\t\t&#8220;El Lechero&#8221; de Antonio Ruiz, el &#8220;Corcito&#8221;obra del Museo de la SHCP, Antiguo Palacio del Arzobizpado. \n\t\t\t\t\t<\/dd><\/dl><dl class='gallery-item'>\n\t\t\t\t<dt class='gallery-icon landscape'>\n\t\t\t\t\t<a class=\"rollover rollover-zoom dt-pswp-item\" title=\"beneficios-de-una-bicicleta1-660x350\" data-dt-img-description=\"\" data-large_image_width=\"579\" data-large_image_height=\"350\"href='https:\/\/www.imer.mx\/rmi\/wp-content\/uploads\/sites\/3\/2015\/04\/beneficios-de-una-bicicleta1-660x350.jpg'><img loading=\"lazy\" decoding=\"async\" width=\"150\" height=\"150\" src=\"https:\/\/www.imer.mx\/rmi\/wp-content\/uploads\/sites\/3\/2015\/04\/beneficios-de-una-bicicleta1-660x350-150x150.jpg\" class=\"attachment-thumbnail size-thumbnail\" alt=\"\" \/><\/a>\n\t\t\t\t<\/dt><\/dl><dl class='gallery-item'>\n\t\t\t\t<dt class='gallery-icon landscape'>\n\t\t\t\t\t<a class=\"rollover rollover-zoom dt-pswp-item\" title=\"CaballitoBicicletas\" data-dt-img-description=\"\" data-large_image_width=\"500\" data-large_image_height=\"363\"href='https:\/\/www.imer.mx\/rmi\/wp-content\/uploads\/sites\/3\/2015\/04\/CaballitoBicicletas.jpg'><img loading=\"lazy\" decoding=\"async\" width=\"150\" height=\"150\" src=\"https:\/\/www.imer.mx\/rmi\/wp-content\/uploads\/sites\/3\/2015\/04\/CaballitoBicicletas-150x150.jpg\" class=\"attachment-thumbnail size-thumbnail\" alt=\"\" aria-describedby=\"gallery-1-11841\" \/><\/a>\n\t\t\t\t<\/dt>\n\t\t\t\t\t<dd class='wp-caption-text gallery-caption' id='gallery-1-11841'>\n\t\t\t\t\tJ\u00f3venes  del periodo porfiriano en bicicleta frente al &#8220;Caballito&#8221;, tomada de: historiademexicomputacion.blogspot\n\t\t\t\t\t<\/dd><\/dl><dl class='gallery-item'>\n\t\t\t\t<dt class='gallery-icon landscape'>\n\t\t\t\t\t<a class=\"rollover rollover-zoom dt-pswp-item\" title=\"IMG_8432\" data-dt-img-description=\"\" data-large_image_width=\"704\" data-large_image_height=\"495\"href='https:\/\/www.imer.mx\/rmi\/wp-content\/uploads\/sites\/3\/2015\/04\/IMG_8432.jpg'><img loading=\"lazy\" decoding=\"async\" width=\"150\" height=\"150\" src=\"https:\/\/www.imer.mx\/rmi\/wp-content\/uploads\/sites\/3\/2015\/04\/IMG_8432-150x150.jpg\" class=\"attachment-thumbnail size-thumbnail\" alt=\"\" aria-describedby=\"gallery-1-11835\" \/><\/a>\n\t\t\t\t<\/dt>\n\t\t\t\t\t<dd class='wp-caption-text gallery-caption' id='gallery-1-11835'>\n\t\t\t\t\tFoto: Enrique Rivera\n\t\t\t\t\t<\/dd><\/dl><br style=\"clear: both\" \/><dl class='gallery-item'>\n\t\t\t\t<dt class='gallery-icon portrait'>\n\t\t\t\t\t<a class=\"rollover rollover-zoom dt-pswp-item\" title=\"IMG_8165\" data-dt-img-description=\"\" data-large_image_width=\"529\" data-large_image_height=\"704\"href='https:\/\/www.imer.mx\/rmi\/wp-content\/uploads\/sites\/3\/2015\/04\/IMG_8165.jpg'><img loading=\"lazy\" decoding=\"async\" width=\"150\" height=\"150\" src=\"https:\/\/www.imer.mx\/rmi\/wp-content\/uploads\/sites\/3\/2015\/04\/IMG_8165-150x150.jpg\" class=\"attachment-thumbnail size-thumbnail\" alt=\"\" aria-describedby=\"gallery-1-11832\" \/><\/a>\n\t\t\t\t<\/dt>\n\t\t\t\t\t<dd class='wp-caption-text gallery-caption' id='gallery-1-11832'>\n\t\t\t\t\tFoto: Enrique Rivera\n\t\t\t\t\t<\/dd><\/dl><dl class='gallery-item'>\n\t\t\t\t<dt class='gallery-icon landscape'>\n\t\t\t\t\t<a class=\"rollover rollover-zoom dt-pswp-item\" title=\"IMG_7978\" data-dt-img-description=\"\" data-large_image_width=\"704\" data-large_image_height=\"480\"href='https:\/\/www.imer.mx\/rmi\/wp-content\/uploads\/sites\/3\/2015\/04\/IMG_7978.jpg'><img loading=\"lazy\" decoding=\"async\" width=\"150\" height=\"150\" src=\"https:\/\/www.imer.mx\/rmi\/wp-content\/uploads\/sites\/3\/2015\/04\/IMG_7978-150x150.jpg\" class=\"attachment-thumbnail size-thumbnail\" alt=\"\" aria-describedby=\"gallery-1-11829\" \/><\/a>\n\t\t\t\t<\/dt>\n\t\t\t\t\t<dd class='wp-caption-text gallery-caption' id='gallery-1-11829'>\n\t\t\t\t\tFoto: Enrique Rivera\n\t\t\t\t\t<\/dd><\/dl><dl class='gallery-item'>\n\t\t\t\t<dt class='gallery-icon portrait'>\n\t\t\t\t\t<a class=\"rollover rollover-zoom dt-pswp-item\" title=\"IMG_2556\" data-dt-img-description=\"\" data-large_image_width=\"453\" data-large_image_height=\"704\"href='https:\/\/www.imer.mx\/rmi\/wp-content\/uploads\/sites\/3\/2015\/04\/IMG_2556.jpg'><img loading=\"lazy\" decoding=\"async\" width=\"150\" height=\"150\" src=\"https:\/\/www.imer.mx\/rmi\/wp-content\/uploads\/sites\/3\/2015\/04\/IMG_2556-150x150.jpg\" class=\"attachment-thumbnail size-thumbnail\" alt=\"\" aria-describedby=\"gallery-1-11826\" \/><\/a>\n\t\t\t\t<\/dt>\n\t\t\t\t\t<dd class='wp-caption-text gallery-caption' id='gallery-1-11826'>\n\t\t\t\t\tFoto: Enrique Rivera\n\t\t\t\t\t<\/dd><\/dl><dl class='gallery-item'>\n\t\t\t\t<dt class='gallery-icon landscape'>\n\t\t\t\t\t<a class=\"rollover rollover-zoom dt-pswp-item\" title=\"IMG_0137\" data-dt-img-description=\"\" data-large_image_width=\"704\" data-large_image_height=\"510\"href='https:\/\/www.imer.mx\/rmi\/wp-content\/uploads\/sites\/3\/2015\/04\/IMG_0137.jpg'><img loading=\"lazy\" decoding=\"async\" width=\"150\" height=\"150\" src=\"https:\/\/www.imer.mx\/rmi\/wp-content\/uploads\/sites\/3\/2015\/04\/IMG_0137-150x150.jpg\" class=\"attachment-thumbnail size-thumbnail\" alt=\"\" aria-describedby=\"gallery-1-11822\" \/><\/a>\n\t\t\t\t<\/dt>\n\t\t\t\t\t<dd class='wp-caption-text gallery-caption' id='gallery-1-11822'>\n\t\t\t\t\tFoto: Enrique Rivera\n\t\t\t\t\t<\/dd><\/dl><br style=\"clear: both\" \/><dl class='gallery-item'>\n\t\t\t\t<dt class='gallery-icon landscape'>\n\t\t\t\t\t<a class=\"rollover rollover-zoom dt-pswp-item\" title=\"IMG_2470\" data-dt-img-description=\"\" data-large_image_width=\"704\" data-large_image_height=\"491\"href='https:\/\/www.imer.mx\/rmi\/wp-content\/uploads\/sites\/3\/2015\/04\/IMG_2470.jpg'><img loading=\"lazy\" decoding=\"async\" width=\"150\" height=\"150\" src=\"https:\/\/www.imer.mx\/rmi\/wp-content\/uploads\/sites\/3\/2015\/04\/IMG_2470-150x150.jpg\" class=\"attachment-thumbnail size-thumbnail\" alt=\"\" aria-describedby=\"gallery-1-11825\" \/><\/a>\n\t\t\t\t<\/dt>\n\t\t\t\t\t<dd class='wp-caption-text gallery-caption' id='gallery-1-11825'>\n\t\t\t\t\tFoto: Enrique Rivera\n\t\t\t\t\t<\/dd><\/dl><dl class='gallery-item'>\n\t\t\t\t<dt class='gallery-icon landscape'>\n\t\t\t\t\t<a class=\"rollover rollover-zoom dt-pswp-item\" title=\"IMG_8148\" data-dt-img-description=\"\" data-large_image_width=\"704\" data-large_image_height=\"457\"href='https:\/\/www.imer.mx\/rmi\/wp-content\/uploads\/sites\/3\/2015\/04\/IMG_8148.jpg'><img loading=\"lazy\" decoding=\"async\" width=\"150\" height=\"150\" src=\"https:\/\/www.imer.mx\/rmi\/wp-content\/uploads\/sites\/3\/2015\/04\/IMG_8148-150x150.jpg\" class=\"attachment-thumbnail size-thumbnail\" alt=\"\" aria-describedby=\"gallery-1-11831\" \/><\/a>\n\t\t\t\t<\/dt>\n\t\t\t\t\t<dd class='wp-caption-text gallery-caption' id='gallery-1-11831'>\n\t\t\t\t\tFoto: Enrique Rivera\n\t\t\t\t\t<\/dd><\/dl>\n\t\t\t\t<br style='clear: both' \/>\n\t\t\t<\/div>\n\n","protected":false},"excerpt":{"rendered":"<p>El 19 de abril se festeja el \u201cD\u00eda Mundial de la Bicicleta\u201d, creado con el prop\u00f3sito de alentar el uso de este medio de transporte ecol\u00f3gico y amigable. En M\u00e9xico los festejos comenzar\u00e1n desde el s\u00e1bado 18 con una gran \u201crodada\u201d en el DF y otras ciudades y este fin de semana es la \u00faltima oportunidad de visitar una bella exposici\u00f3n dedicada a la bicicleta que se encuentra en el Museo Franz Mayer. Les invitamos a dar clic en el t\u00edtulo de este art\u00edculo para leer el texto que prepar\u00f3 sobre el tema nuestro compa\u00f1ero Mario Leyva Escalante. <\/p>\n","protected":false},"author":34,"featured_media":11831,"comment_status":"closed","ping_status":"closed","sticky":false,"template":"","format":"standard","meta":{"wp_popup_display_lightbox":0,"wp_popup_suppress":"","wp_popup_trigger":"","wp_popup_trigger_amount":0,"wp_popup_disable_on_mobile":false,"footnotes":""},"categories":[8,1,3],"tags":[],"class_list":["post-11821","post","type-post","status-publish","format-standard","has-post-thumbnail","hentry","category-destacados","category-imer","category-radiomexicointernacional","category-8","category-1","category-3","description-off"],"_links":{"self":[{"href":"https:\/\/www.imer.mx\/rmi\/wp-json\/wp\/v2\/posts\/11821","targetHints":{"allow":["GET"]}}],"collection":[{"href":"https:\/\/www.imer.mx\/rmi\/wp-json\/wp\/v2\/posts"}],"about":[{"href":"https:\/\/www.imer.mx\/rmi\/wp-json\/wp\/v2\/types\/post"}],"author":[{"embeddable":true,"href":"https:\/\/www.imer.mx\/rmi\/wp-json\/wp\/v2\/users\/34"}],"replies":[{"embeddable":true,"href":"https:\/\/www.imer.mx\/rmi\/wp-json\/wp\/v2\/comments?post=11821"}],"version-history":[{"count":0,"href":"https:\/\/www.imer.mx\/rmi\/wp-json\/wp\/v2\/posts\/11821\/revisions"}],"wp:featuredmedia":[{"embeddable":true,"href":"https:\/\/www.imer.mx\/rmi\/wp-json\/wp\/v2\/media\/11831"}],"wp:attachment":[{"href":"https:\/\/www.imer.mx\/rmi\/wp-json\/wp\/v2\/media?parent=11821"}],"wp:term":[{"taxonomy":"category","embeddable":true,"href":"https:\/\/www.imer.mx\/rmi\/wp-json\/wp\/v2\/categories?post=11821"},{"taxonomy":"post_tag","embeddable":true,"href":"https:\/\/www.imer.mx\/rmi\/wp-json\/wp\/v2\/tags?post=11821"}],"curies":[{"name":"wp","href":"https:\/\/api.w.org\/{rel}","templated":true}]}}