{"id":11640,"date":"2015-04-07T14:22:54","date_gmt":"2015-04-07T19:22:54","guid":{"rendered":"http:\/\/www.imer.mx\/rmi\/?p=11640"},"modified":"2015-04-07T14:24:53","modified_gmt":"2015-04-07T19:24:53","slug":"tercer-encuentro-del-son-jarocho-fiesta-de-las-jaranas-y-las-tarimas","status":"publish","type":"post","link":"https:\/\/www.imer.mx\/rmi\/tercer-encuentro-del-son-jarocho-fiesta-de-las-jaranas-y-las-tarimas\/","title":{"rendered":"TERCER ENCUENTRO DEL SON JAROCHO. FIESTA DE LAS JARANAS Y LAS TARIMAS."},"content":{"rendered":"<p><a href=\"https:\/\/www.imer.mx\/rmi\/wp-content\/uploads\/sites\/3\/2015\/04\/sonjarochoweb.jpg\"><img loading=\"lazy\" decoding=\"async\" class=\" size-medium wp-image-11647 aligncenter\" src=\"https:\/\/www.imer.mx\/rmi\/wp-content\/uploads\/sites\/3\/2015\/04\/sonjarochoweb-300x169.jpg\" alt=\"sonjarochoweb\" width=\"300\" height=\"169\" srcset=\"https:\/\/www.imer.mx\/rmi\/wp-content\/uploads\/sites\/3\/2015\/04\/sonjarochoweb-300x169.jpg 300w, https:\/\/www.imer.mx\/rmi\/wp-content\/uploads\/sites\/3\/2015\/04\/sonjarochoweb-1024x576.jpg 1024w, https:\/\/www.imer.mx\/rmi\/wp-content\/uploads\/sites\/3\/2015\/04\/sonjarochoweb.jpg 1030w\" sizes=\"auto, (max-width: 300px) 100vw, 300px\" \/><\/a><br \/>\nA partir del pr\u00f3ximo 16 de abril y hasta el d\u00eda 19, tendr\u00e1 lugar en el Centro Nacional de las Artes, el \u201cTercer Encuentro de Son Jarocho. Fiesta de las Jaranas y las Tarimas\u201d. De acuerdo con los organizadores del evento: \u201cEl son jarocho es un g\u00e9nero en el que se combinan muchas disciplinas: est\u00e1 dotado de poes\u00eda, dotado de sensualidad, de una m\u00fasica elevad\u00edsima, cuyo origen se da en un contexto casi de a\u00f1oranza, como es el universo rural\u201d. <a href=\"https:\/\/www.imer.mx\/rmi\/wp-content\/uploads\/sites\/3\/2015\/04\/9015.jpg\"><img loading=\"lazy\" decoding=\"async\" class=\" size-medium wp-image-11642 alignright\" src=\"https:\/\/www.imer.mx\/rmi\/wp-content\/uploads\/sites\/3\/2015\/04\/9015-200x300.jpg\" alt=\"9015\" width=\"200\" height=\"300\" srcset=\"https:\/\/www.imer.mx\/rmi\/wp-content\/uploads\/sites\/3\/2015\/04\/9015-200x300.jpg 200w, https:\/\/www.imer.mx\/rmi\/wp-content\/uploads\/sites\/3\/2015\/04\/9015.jpg 553w\" sizes=\"auto, (max-width: 200px) 100vw, 200px\" \/><\/a><\/p>\n<p>La primera edici\u00f3n del Encuentro se realiz\u00f3 hace dos a\u00f1os en el mismo CENART, gracias al inter\u00e9s y el esfuerzo de quienes a lo largo de las \u00faltimas d\u00e9cadas se han dedicado a impulsarlo y dotarlo de la vitalidad con la que permanece hasta nuestros d\u00edas. En este a\u00f1o 2015, en la tercera reuni\u00f3n musical, que ha logrado trascender sus fronteras regionales, se observa una mayor presencia del Instituto Veracruzano de la Cultura y sobre todo del Consejo Nacional para la Cultura y las Artes, con la concurrencia de grupos tan destacados como \u201cCa\u00f1a Dulce y Ca\u00f1a Brava\u201d, \u201cSon de Madera\u201d, \u201cLos Cultivadores del Son\u201d o \u201cMono Blanco\u201d.<\/p>\n<p>Desde la perspectiva de Eduardo Lizalde Far\u00edas, coordinador del evento, se trata de un g\u00e9nero que construye tejido social y que a trav\u00e9s de la fiesta del fandango, permite que la gente se acerque al son jarocho y participe de muchas formas, ya sea tocando, versando o zapateando. La inauguraci\u00f3n, el pr\u00f3ximo 16 de abril, correr\u00e1 a cargo de Eblen Macari Tr\u00edo e invitados con la presentaci\u00f3n de un concierto denominado: \u201cDe Beirut a Cosamaloapan\u201d, una muestra de la fusi\u00f3n que se puede alcanzar entre la m\u00fasica \u00e1rabe y el son jarocho.<\/p>\n<p><a href=\"https:\/\/www.imer.mx\/rmi\/wp-content\/uploads\/sites\/3\/2015\/04\/IMG_4171.jpg\"><img loading=\"lazy\" decoding=\"async\" class=\" size-medium wp-image-11643 alignleft\" src=\"https:\/\/www.imer.mx\/rmi\/wp-content\/uploads\/sites\/3\/2015\/04\/IMG_4171-200x300.jpg\" alt=\"IMG_4171\" width=\"200\" height=\"300\" srcset=\"https:\/\/www.imer.mx\/rmi\/wp-content\/uploads\/sites\/3\/2015\/04\/IMG_4171-200x300.jpg 200w, https:\/\/www.imer.mx\/rmi\/wp-content\/uploads\/sites\/3\/2015\/04\/IMG_4171-683x1024.jpg 683w, https:\/\/www.imer.mx\/rmi\/wp-content\/uploads\/sites\/3\/2015\/04\/IMG_4171.jpg 2048w\" sizes=\"auto, (max-width: 200px) 100vw, 200px\" \/><\/a><\/p>\n<p>Una interesante propuesta del m\u00fasico de origen liban\u00e9s. El programa incluye, adem\u00e1s de conciertos, la celebraci\u00f3n de conferencias y talleres. En su oportunidad le iremos dando m\u00e1s informaci\u00f3n sobre este importante acontecimiento. Para datos de participantes, fechas y horarios les invitamos a que visiten la p\u00e1gina: www.cenart.gob.mx o a que los busquen en faceook como jaranas y tarimas.<\/p>\n<p>&nbsp;<\/p>\n<p>&nbsp;<\/p>\n<p>&nbsp;<\/p>\n<p>&nbsp;<\/p>\n<p>&nbsp;<\/p>\n<p>&nbsp;<\/p>\n<p>&nbsp;<\/p>\n<p>Galer\u00eda<\/p>\n\n\t\t\t<style type='text\/css'>\n\t\t\t\t#gallery-1 {\n\t\t\t\t\tmargin: auto;\n\t\t\t\t}\n\t\t\t\t#gallery-1 .gallery-item {\n\t\t\t\t\tfloat: left;\n\t\t\t\t\tmargin-top: 10px;\n\t\t\t\t\ttext-align: center;\n\t\t\t\t\twidth: 25%;\n\t\t\t\t}\n\t\t\t\t#gallery-1 img {\n\t\t\t\t\tborder: 2px solid #cfcfcf;\n\t\t\t\t}\n\t\t\t\t#gallery-1 .gallery-caption {\n\t\t\t\t\tmargin-left: 0;\n\t\t\t\t}\n\t\t\t\t\/* see gallery_shortcode() in wp-includes\/media.php *\/\n\t\t\t<\/style>\n\t\t<div id='gallery-1' class='dt-gallery-container gallery galleryid-11640 gallery-columns-4 gallery-size-thumbnail'><dl class='gallery-item'>\n\t\t\t\t<dt class='gallery-icon portrait'>\n\t\t\t\t\t<a class=\"rollover rollover-zoom dt-pswp-item\" title=\"IMG_4580\" data-dt-img-description=\"\" data-large_image_width=\"623\" data-large_image_height=\"830\"href='https:\/\/www.imer.mx\/rmi\/wp-content\/uploads\/sites\/3\/2015\/04\/IMG_4580.jpg'><img loading=\"lazy\" decoding=\"async\" width=\"150\" height=\"150\" src=\"https:\/\/www.imer.mx\/rmi\/wp-content\/uploads\/sites\/3\/2015\/04\/IMG_4580-150x150.jpg\" class=\"attachment-thumbnail size-thumbnail\" alt=\"\" \/><\/a>\n\t\t\t\t<\/dt><\/dl><dl class='gallery-item'>\n\t\t\t\t<dt class='gallery-icon portrait'>\n\t\t\t\t\t<a class=\"rollover rollover-zoom dt-pswp-item\" title=\"IMG_4534\" data-dt-img-description=\"\" data-large_image_width=\"623\" data-large_image_height=\"830\"href='https:\/\/www.imer.mx\/rmi\/wp-content\/uploads\/sites\/3\/2015\/04\/IMG_4534.jpg'><img loading=\"lazy\" decoding=\"async\" width=\"150\" height=\"150\" src=\"https:\/\/www.imer.mx\/rmi\/wp-content\/uploads\/sites\/3\/2015\/04\/IMG_4534-150x150.jpg\" class=\"attachment-thumbnail size-thumbnail\" alt=\"\" \/><\/a>\n\t\t\t\t<\/dt><\/dl><dl class='gallery-item'>\n\t\t\t\t<dt class='gallery-icon landscape'>\n\t\t\t\t\t<a class=\"rollover rollover-zoom dt-pswp-item\" title=\"IMG_4499\" data-dt-img-description=\"\" data-large_image_width=\"830\" data-large_image_height=\"623\"href='https:\/\/www.imer.mx\/rmi\/wp-content\/uploads\/sites\/3\/2015\/04\/IMG_4499.jpg'><img loading=\"lazy\" decoding=\"async\" width=\"150\" height=\"150\" src=\"https:\/\/www.imer.mx\/rmi\/wp-content\/uploads\/sites\/3\/2015\/04\/IMG_4499-150x150.jpg\" class=\"attachment-thumbnail size-thumbnail\" alt=\"\" \/><\/a>\n\t\t\t\t<\/dt><\/dl><dl class='gallery-item'>\n\t\t\t\t<dt class='gallery-icon portrait'>\n\t\t\t\t\t<a class=\"rollover rollover-zoom dt-pswp-item\" title=\"IMG_4171\" data-dt-img-description=\"\" data-large_image_width=\"2048\" data-large_image_height=\"3072\"href='https:\/\/www.imer.mx\/rmi\/wp-content\/uploads\/sites\/3\/2015\/04\/IMG_4171.jpg'><img loading=\"lazy\" decoding=\"async\" width=\"150\" height=\"150\" src=\"https:\/\/www.imer.mx\/rmi\/wp-content\/uploads\/sites\/3\/2015\/04\/IMG_4171-150x150.jpg\" class=\"attachment-thumbnail size-thumbnail\" alt=\"\" \/><\/a>\n\t\t\t\t<\/dt><\/dl><br style=\"clear: both\" \/><dl class='gallery-item'>\n\t\t\t\t<dt class='gallery-icon portrait'>\n\t\t\t\t\t<a class=\"rollover rollover-zoom dt-pswp-item\" title=\"9015\" data-dt-img-description=\"\" data-large_image_width=\"553\" data-large_image_height=\"830\"href='https:\/\/www.imer.mx\/rmi\/wp-content\/uploads\/sites\/3\/2015\/04\/9015.jpg'><img loading=\"lazy\" decoding=\"async\" width=\"150\" height=\"150\" src=\"https:\/\/www.imer.mx\/rmi\/wp-content\/uploads\/sites\/3\/2015\/04\/9015-150x150.jpg\" class=\"attachment-thumbnail size-thumbnail\" alt=\"\" \/><\/a>\n\t\t\t\t<\/dt><\/dl><dl class='gallery-item'>\n\t\t\t\t<dt class='gallery-icon landscape'>\n\t\t\t\t\t<a class=\"rollover rollover-zoom dt-pswp-item\" title=\"690\" data-dt-img-description=\"\" data-large_image_width=\"830\" data-large_image_height=\"623\"href='https:\/\/www.imer.mx\/rmi\/wp-content\/uploads\/sites\/3\/2015\/04\/690.jpg'><img loading=\"lazy\" decoding=\"async\" width=\"150\" height=\"150\" src=\"https:\/\/www.imer.mx\/rmi\/wp-content\/uploads\/sites\/3\/2015\/04\/690-150x150.jpg\" class=\"attachment-thumbnail size-thumbnail\" alt=\"\" \/><\/a>\n\t\t\t\t<\/dt><\/dl>\n\t\t\t\t<br style='clear: both' \/>\n\t\t\t<\/div>\n\n<p>Fotos: Enrique Rivera<\/p>\n","protected":false},"excerpt":{"rendered":"<p> A partir del pr\u00f3ximo 16 de abril y hasta el d\u00eda 19, tendr\u00e1 lugar en el Centro Nacional de las Artes, el \u201cTercer Encuentro de Son Jarocho. Fiesta de las Jaranas y las Tarimas\u201d. De acuerdo con los organizadores del evento: \u201cEl son jarocho es un g\u00e9nero en el que se combinan muchas disciplinas: est\u00e1 dotado de poes\u00eda, dotado de sensualidad, de una m\u00fasica elevad\u00edsima, cuyo origen se da en un contexto casi de a\u00f1oranza, como es el universo rural\u201d. Para leer m\u00e1s, hacer clic en el t\u00edtulo.<\/p>\n","protected":false},"author":34,"featured_media":11644,"comment_status":"closed","ping_status":"closed","sticky":false,"template":"","format":"standard","meta":{"wp_popup_display_lightbox":0,"wp_popup_suppress":"","wp_popup_trigger":"","wp_popup_trigger_amount":0,"wp_popup_disable_on_mobile":false,"footnotes":""},"categories":[8,1,3],"tags":[],"class_list":["post-11640","post","type-post","status-publish","format-standard","has-post-thumbnail","hentry","category-destacados","category-imer","category-radiomexicointernacional","category-8","category-1","category-3","description-off"],"_links":{"self":[{"href":"https:\/\/www.imer.mx\/rmi\/wp-json\/wp\/v2\/posts\/11640","targetHints":{"allow":["GET"]}}],"collection":[{"href":"https:\/\/www.imer.mx\/rmi\/wp-json\/wp\/v2\/posts"}],"about":[{"href":"https:\/\/www.imer.mx\/rmi\/wp-json\/wp\/v2\/types\/post"}],"author":[{"embeddable":true,"href":"https:\/\/www.imer.mx\/rmi\/wp-json\/wp\/v2\/users\/34"}],"replies":[{"embeddable":true,"href":"https:\/\/www.imer.mx\/rmi\/wp-json\/wp\/v2\/comments?post=11640"}],"version-history":[{"count":0,"href":"https:\/\/www.imer.mx\/rmi\/wp-json\/wp\/v2\/posts\/11640\/revisions"}],"wp:featuredmedia":[{"embeddable":true,"href":"https:\/\/www.imer.mx\/rmi\/wp-json\/wp\/v2\/media\/11644"}],"wp:attachment":[{"href":"https:\/\/www.imer.mx\/rmi\/wp-json\/wp\/v2\/media?parent=11640"}],"wp:term":[{"taxonomy":"category","embeddable":true,"href":"https:\/\/www.imer.mx\/rmi\/wp-json\/wp\/v2\/categories?post=11640"},{"taxonomy":"post_tag","embeddable":true,"href":"https:\/\/www.imer.mx\/rmi\/wp-json\/wp\/v2\/tags?post=11640"}],"curies":[{"name":"wp","href":"https:\/\/api.w.org\/{rel}","templated":true}]}}