{"id":11197,"date":"2015-02-20T19:35:44","date_gmt":"2015-02-21T01:35:44","guid":{"rendered":"http:\/\/www.imer.mx\/rmi\/?p=11197"},"modified":"2015-02-25T13:32:19","modified_gmt":"2015-02-25T19:32:19","slug":"festejo-del-dia-internacional-de-la-lengua-materna-en-el-imer","status":"publish","type":"post","link":"https:\/\/www.imer.mx\/rmi\/festejo-del-dia-internacional-de-la-lengua-materna-en-el-imer\/","title":{"rendered":"FESTEJO DEL D\u00cdA INTERNACIONAL DE LA LENGUA MATERNA EN EL IMER\u2026"},"content":{"rendered":"<blockquote>\n<p style=\"text-align: right;\"><strong>&#8220;Cuando una lengua muere<\/strong><br \/>\n<strong> las cosas divinas<\/strong><br \/>\n<strong> estrellas, sol y luna;<\/strong><br \/>\n<strong> las cosas humanas,<\/strong><br \/>\n<strong> pensar y sentir,<\/strong><br \/>\n<strong> no se reflejan ya<\/strong><br \/>\n<strong> en ese espejo&#8230;&#8221;<\/strong><br \/>\n<strong> Miguel Le\u00f3n Portilla.<\/strong><\/p>\n<\/blockquote>\n<p>&nbsp;<\/p>\n<p>Voces, m\u00fasica, colores, sonrisas, preguntas, poes\u00eda, conversaci\u00f3n, nuevos y antiguos sonidos\u2026 Todo eso estuvo presente en las instalaciones del Instituto Mexicano de la Radio en la celebraci\u00f3n del \u201cD\u00eda Internacional de la Lengua Materna\u201d, fecha instituida por la UNESCO con la intenci\u00f3n de subrayar la importancia de todas las lenguas que se hablan en el mundo, las cuales constituyen uno de los m\u00e1s entra\u00f1able tesoros que tiene la humanidad que es necesario proteger.<\/p>\n<p>El IMER organiz\u00f3 un tianguis artesanal e informativo que se instal\u00f3 en nuestra explanada desde las 11 de la ma\u00f1ana. En \u00e9l participaron representantes de algunas instituciones de M\u00e9xico que se preocupan, y se ocupan, por la protecci\u00f3n de las diferentes lenguas ind\u00edgenas que se hablan en M\u00e9xico (cada una de ellas un universo completo lleno de poes\u00eda y m\u00faltiples significados). Las personas que asistieron se pudieron llevar libros, folletos, mapas, explicaciones claras y datos precisos para conocer las caracter\u00edsticas de las lenguas ind\u00edgenas de M\u00e9xico y para tener contacto con las instituciones que se ocupan de su estudio y protecci\u00f3n desde el terreno acad\u00e9mico y desde las pol\u00edticas p\u00fablicas. Estuvieron el Instituto Nacional para la Educaci\u00f3n de los Adultos, el Instituto Nacional de Lenguas Ind\u00edgenas, la Comisi\u00f3n Nacional para el Desarrollo de los Pueblos Ind\u00edgenas, el Laboratorio de Lengua y Cultura V\u00edctor Franco, La Fundaci\u00f3n Le\u00f3n XIII y la Secretar\u00eda de Desarrollo Rural y Equidad para las Comunidades.<\/p>\n<p><a href=\"https:\/\/www.imer.mx\/rmi\/wp-content\/uploads\/sites\/3\/2015\/02\/IMG_20150220_144411.jpg\"><img loading=\"lazy\" decoding=\"async\" class=\" size-medium wp-image-11222 alignleft\" src=\"https:\/\/www.imer.mx\/rmi\/wp-content\/uploads\/sites\/3\/2015\/02\/IMG_20150220_144411-169x300.jpg\" alt=\"IMG_20150220_144411\" width=\"169\" height=\"300\" srcset=\"https:\/\/www.imer.mx\/rmi\/wp-content\/uploads\/sites\/3\/2015\/02\/IMG_20150220_144411-169x300.jpg 169w, https:\/\/www.imer.mx\/rmi\/wp-content\/uploads\/sites\/3\/2015\/02\/IMG_20150220_144411-576x1024.jpg 576w, https:\/\/www.imer.mx\/rmi\/wp-content\/uploads\/sites\/3\/2015\/02\/IMG_20150220_144411.jpg 1440w\" sizes=\"auto, (max-width: 169px) 100vw, 169px\" \/><\/a><\/p>\n<p style=\"text-align: right;\"><a href=\"https:\/\/www.imer.mx\/rmi\/wp-content\/uploads\/sites\/3\/2015\/02\/IMG_20150220_144149.jpg\"><img loading=\"lazy\" decoding=\"async\" class=\" size-medium wp-image-11212 alignright\" src=\"https:\/\/www.imer.mx\/rmi\/wp-content\/uploads\/sites\/3\/2015\/02\/IMG_20150220_144149-169x300.jpg\" alt=\"IMG_20150220_144149\" width=\"169\" height=\"300\" srcset=\"https:\/\/www.imer.mx\/rmi\/wp-content\/uploads\/sites\/3\/2015\/02\/IMG_20150220_144149-169x300.jpg 169w, https:\/\/www.imer.mx\/rmi\/wp-content\/uploads\/sites\/3\/2015\/02\/IMG_20150220_144149-576x1024.jpg 576w, https:\/\/www.imer.mx\/rmi\/wp-content\/uploads\/sites\/3\/2015\/02\/IMG_20150220_144149.jpg 1440w\" sizes=\"auto, (max-width: 169px) 100vw, 169px\" \/><\/a><\/p>\n<p>En la parte artesanal se desplegaron los colores de los textiles chiapanecos, la fina trama de los bordados amusgos, la elegancia de los huipiles oaxaque\u00f1os, la minuciosa belleza de la chaquira huichola y tambi\u00e9n los dulces cristalizados, el sabor \u00e1cido e intenso de la jamaica, el caf\u00e9 del sur de M\u00e9xico, los instrumentos musicales que imitan sonidos de animales, los juguetes tejidos a mano y muchos otros objetos realizados con cuidado y con ese sello \u00fanico que solamente puede tener el trabajo artesanal, siempre vinculado a las tradiciones y a la riqueza de las lenguas antiguas.<\/p>\n<p>Pero la parte de mayor emoci\u00f3n estuvo tejida en torno a la poes\u00eda y la m\u00fasica y Radio M\u00e9xico Internacional llev\u00f3 hasta sus oyentes todas las presentaciones que se realizaron a lo largo del d\u00eda. \u201cVoces del Chiquihuit\u00e1n\u201d (\u201cXta R\u00eb Nankya\u201d, en lengua mazateca) abri\u00f3 la parte musical con un bello repertorio en el que, explicaron, escriben en lengua mazateca, o traducen a ella, las letras de varias canciones con ritmos alegres y entusiastas. Pronto los tendremos formando parte de la programaci\u00f3n de RMI.<\/p>\n<p>A ellos les sigui\u00f3 el grupo \u201cTribu\u201d, toda una instituci\u00f3n dentro de la investigaci\u00f3n musical en M\u00e9xico, que ha trabajado para identificar la forma y los posibles sonidos de los instrumentos musicales de la antigua Mesoam\u00e9rica y que permanentemente crea melod\u00edas y nuevas rutas sonoras a trav\u00e9s de ellos. Ver a \u201cTribu\u201d fue, como siempre, un placer y un excelente espect\u00e1culo.<\/p>\n<p><a href=\"https:\/\/www.imer.mx\/rmi\/wp-content\/uploads\/sites\/3\/2015\/02\/IMG_20150220_154243.jpg\"><img loading=\"lazy\" decoding=\"async\" class=\" size-medium wp-image-11216 alignleft\" src=\"https:\/\/www.imer.mx\/rmi\/wp-content\/uploads\/sites\/3\/2015\/02\/IMG_20150220_154243-169x300.jpg\" alt=\"IMG_20150220_154243\" width=\"169\" height=\"300\" srcset=\"https:\/\/www.imer.mx\/rmi\/wp-content\/uploads\/sites\/3\/2015\/02\/IMG_20150220_154243-169x300.jpg 169w, https:\/\/www.imer.mx\/rmi\/wp-content\/uploads\/sites\/3\/2015\/02\/IMG_20150220_154243-576x1024.jpg 576w, https:\/\/www.imer.mx\/rmi\/wp-content\/uploads\/sites\/3\/2015\/02\/IMG_20150220_154243.jpg 1440w\" sizes=\"auto, (max-width: 169px) 100vw, 169px\" \/><\/a><\/p>\n<p>El cierre de este festejo fue el concierto-recital que llevaron a cabo, en el Estudio \u201cA\u201d del IMER, el piano flamenco del espa\u00f1ol Alfonso Aroca y la poes\u00eda de la escritora en lengua pur\u00e9pecha Rub\u00ed Huerta. Fue una experiencia realmente sublime que reuni\u00f3 dos expresiones art\u00edsticas y dos mundos distintos en un di\u00e1logo que llen\u00f3 de emociones intensas a quienes estuvieron presentes y a quienes lo escucharon a trav\u00e9s de Horizonte 107.9 FM y de Radio M\u00e9xico Internacional.<a href=\"https:\/\/www.imer.mx\/rmi\/wp-content\/uploads\/sites\/3\/2015\/02\/IMG_20150220_154408.jpg\"><img loading=\"lazy\" decoding=\"async\" class=\" size-medium wp-image-11219 alignright\" src=\"https:\/\/www.imer.mx\/rmi\/wp-content\/uploads\/sites\/3\/2015\/02\/IMG_20150220_154408-169x300.jpg\" alt=\"IMG_20150220_154408\" width=\"169\" height=\"300\" srcset=\"https:\/\/www.imer.mx\/rmi\/wp-content\/uploads\/sites\/3\/2015\/02\/IMG_20150220_154408-169x300.jpg 169w, https:\/\/www.imer.mx\/rmi\/wp-content\/uploads\/sites\/3\/2015\/02\/IMG_20150220_154408-576x1024.jpg 576w, https:\/\/www.imer.mx\/rmi\/wp-content\/uploads\/sites\/3\/2015\/02\/IMG_20150220_154408.jpg 1440w\" sizes=\"auto, (max-width: 169px) 100vw, 169px\" \/><\/a><\/p>\n<p>Cerremos con un verso de Rub\u00ed Huerta en un bello poema que se llama Colibr\u00ed, que nos demuestra que las lenguas ind\u00edgenas de M\u00e9xico est\u00e1n vivas y sirven para la creaci\u00f3n m\u00e1s profunda y hermosa:<\/p>\n<p>&nbsp;<\/p>\n<p>&nbsp;<\/p>\n<blockquote>\n<p style=\"text-align: center;\"><em><strong>&#8220;Tzinzui<\/strong><\/em><br \/>\n<em><strong> \u00bfNamuni xanharuter pires\u00efni, cheti uandaku jimb\u00f3<\/strong><\/em><br \/>\n<em><strong> Ixu enka n\u00f3tehu ambarukaraka para t\u00b4u pireni?&#8221;<\/strong><\/em><\/p>\n<p style=\"text-align: right;\"><strong>&#8220;Colibr\u00ed&#8221;<\/strong><br \/>\n<strong> \u00bfPor qu\u00e9 no cantas?<\/strong><br \/>\n<strong> \u00bfCantaste alguna vez entre ruinas tu propia lengua viva, tu lengua universal?<\/strong><\/p>\n<p style=\"text-align: right;\"><strong>Rub\u00ed Huerta<\/strong><\/p>\n<\/blockquote>\n<p>GALER\u00cdA CONCIERTO CLAUSURA:<\/p>\n<p>&nbsp;<\/p>\n\n\t\t\t<style type='text\/css'>\n\t\t\t\t#gallery-1 {\n\t\t\t\t\tmargin: auto;\n\t\t\t\t}\n\t\t\t\t#gallery-1 .gallery-item {\n\t\t\t\t\tfloat: left;\n\t\t\t\t\tmargin-top: 10px;\n\t\t\t\t\ttext-align: center;\n\t\t\t\t\twidth: 33%;\n\t\t\t\t}\n\t\t\t\t#gallery-1 img {\n\t\t\t\t\tborder: 2px solid #cfcfcf;\n\t\t\t\t}\n\t\t\t\t#gallery-1 .gallery-caption {\n\t\t\t\t\tmargin-left: 0;\n\t\t\t\t}\n\t\t\t\t\/* see gallery_shortcode() in wp-includes\/media.php *\/\n\t\t\t<\/style>\n\t\t<div id='gallery-1' class='dt-gallery-container gallery galleryid-11197 gallery-columns-3 gallery-size-thumbnail'><dl class='gallery-item'>\n\t\t\t\t<dt class='gallery-icon landscape'>\n\t\t\t\t\t<a class=\"rollover rollover-zoom dt-pswp-item\" title=\"IMG_3500-1024x682\" data-dt-img-description=\"\" data-large_image_width=\"1024\" data-large_image_height=\"682\"href='https:\/\/www.imer.mx\/rmi\/wp-content\/uploads\/sites\/3\/2015\/02\/IMG_3500-1024x6821.jpg'><img loading=\"lazy\" decoding=\"async\" width=\"150\" height=\"150\" src=\"https:\/\/www.imer.mx\/rmi\/wp-content\/uploads\/sites\/3\/2015\/02\/IMG_3500-1024x6821-150x150.jpg\" class=\"attachment-thumbnail size-thumbnail\" alt=\"\" aria-describedby=\"gallery-1-11256\" \/><\/a>\n\t\t\t\t<\/dt>\n\t\t\t\t\t<dd class='wp-caption-text gallery-caption' id='gallery-1-11256'>\n\t\t\t\t\tRub\u00ed Huerta, Pablo Gomez, Alfonso Aroca y Octavio Ech\u00e1varri.\n\t\t\t\t\t<\/dd><\/dl><dl class='gallery-item'>\n\t\t\t\t<dt class='gallery-icon landscape'>\n\t\t\t\t\t<a class=\"rollover rollover-zoom dt-pswp-item\" title=\"IMG_3499-1024x768\" data-dt-img-description=\"\" data-large_image_width=\"1024\" data-large_image_height=\"768\"href='https:\/\/www.imer.mx\/rmi\/wp-content\/uploads\/sites\/3\/2015\/02\/IMG_3499-1024x7681.jpg'><img loading=\"lazy\" decoding=\"async\" width=\"150\" height=\"150\" src=\"https:\/\/www.imer.mx\/rmi\/wp-content\/uploads\/sites\/3\/2015\/02\/IMG_3499-1024x7681-150x150.jpg\" class=\"attachment-thumbnail size-thumbnail\" alt=\"\" aria-describedby=\"gallery-1-11255\" \/><\/a>\n\t\t\t\t<\/dt>\n\t\t\t\t\t<dd class='wp-caption-text gallery-caption' id='gallery-1-11255'>\n\t\t\t\t\tAlfonso Aroca, Pablo Gomez y Rub\u00ed Huerta.\n\t\t\t\t\t<\/dd><\/dl><dl class='gallery-item'>\n\t\t\t\t<dt class='gallery-icon landscape'>\n\t\t\t\t\t<a class=\"rollover rollover-zoom dt-pswp-item\" title=\"IMG_3490-1024x575\" data-dt-img-description=\"\" data-large_image_width=\"1024\" data-large_image_height=\"575\"href='https:\/\/www.imer.mx\/rmi\/wp-content\/uploads\/sites\/3\/2015\/02\/IMG_3490-1024x5751.jpg'><img loading=\"lazy\" decoding=\"async\" width=\"150\" height=\"150\" src=\"https:\/\/www.imer.mx\/rmi\/wp-content\/uploads\/sites\/3\/2015\/02\/IMG_3490-1024x5751-150x150.jpg\" class=\"attachment-thumbnail size-thumbnail\" alt=\"\" aria-describedby=\"gallery-1-11254\" \/><\/a>\n\t\t\t\t<\/dt>\n\t\t\t\t\t<dd class='wp-caption-text gallery-caption' id='gallery-1-11254'>\n\t\t\t\t\tAlfonso Aroca.\n\t\t\t\t\t<\/dd><\/dl><br style=\"clear: both\" \/><dl class='gallery-item'>\n\t\t\t\t<dt class='gallery-icon landscape'>\n\t\t\t\t\t<a class=\"rollover rollover-zoom dt-pswp-item\" title=\"IMG_3489-1024x575\" data-dt-img-description=\"\" data-large_image_width=\"1024\" data-large_image_height=\"575\"href='https:\/\/www.imer.mx\/rmi\/wp-content\/uploads\/sites\/3\/2015\/02\/IMG_3489-1024x5751.jpg'><img loading=\"lazy\" decoding=\"async\" width=\"150\" height=\"150\" src=\"https:\/\/www.imer.mx\/rmi\/wp-content\/uploads\/sites\/3\/2015\/02\/IMG_3489-1024x5751-150x150.jpg\" class=\"attachment-thumbnail size-thumbnail\" alt=\"\" aria-describedby=\"gallery-1-11253\" \/><\/a>\n\t\t\t\t<\/dt>\n\t\t\t\t\t<dd class='wp-caption-text gallery-caption' id='gallery-1-11253'>\n\t\t\t\t\tAlfonso Aroca.\n\t\t\t\t\t<\/dd><\/dl><dl class='gallery-item'>\n\t\t\t\t<dt class='gallery-icon landscape'>\n\t\t\t\t\t<a class=\"rollover rollover-zoom dt-pswp-item\" title=\"IMG_3476-1024x768\" data-dt-img-description=\"\" data-large_image_width=\"1024\" data-large_image_height=\"768\"href='https:\/\/www.imer.mx\/rmi\/wp-content\/uploads\/sites\/3\/2015\/02\/IMG_3476-1024x7681.jpg'><img loading=\"lazy\" decoding=\"async\" width=\"150\" height=\"150\" src=\"https:\/\/www.imer.mx\/rmi\/wp-content\/uploads\/sites\/3\/2015\/02\/IMG_3476-1024x7681-150x150.jpg\" class=\"attachment-thumbnail size-thumbnail\" alt=\"\" aria-describedby=\"gallery-1-11252\" \/><\/a>\n\t\t\t\t<\/dt>\n\t\t\t\t\t<dd class='wp-caption-text gallery-caption' id='gallery-1-11252'>\n\t\t\t\t\tEstudio A del IMER.\n\t\t\t\t\t<\/dd><\/dl><dl class='gallery-item'>\n\t\t\t\t<dt class='gallery-icon landscape'>\n\t\t\t\t\t<a class=\"rollover rollover-zoom dt-pswp-item\" title=\"IMG_3453-1024x682\" data-dt-img-description=\"\" data-large_image_width=\"1024\" data-large_image_height=\"682\"href='https:\/\/www.imer.mx\/rmi\/wp-content\/uploads\/sites\/3\/2015\/02\/IMG_3453-1024x6821.jpg'><img loading=\"lazy\" decoding=\"async\" width=\"150\" height=\"150\" src=\"https:\/\/www.imer.mx\/rmi\/wp-content\/uploads\/sites\/3\/2015\/02\/IMG_3453-1024x6821-150x150.jpg\" class=\"attachment-thumbnail size-thumbnail\" alt=\"\" aria-describedby=\"gallery-1-11246\" \/><\/a>\n\t\t\t\t<\/dt>\n\t\t\t\t\t<dd class='wp-caption-text gallery-caption' id='gallery-1-11246'>\n\t\t\t\t\tEstudio A del IMER.\n\t\t\t\t\t<\/dd><\/dl><br style=\"clear: both\" \/><dl class='gallery-item'>\n\t\t\t\t<dt class='gallery-icon landscape'>\n\t\t\t\t\t<a class=\"rollover rollover-zoom dt-pswp-item\" title=\"IMG_3462-1024x768\" data-dt-img-description=\"\" data-large_image_width=\"1024\" data-large_image_height=\"768\"href='https:\/\/www.imer.mx\/rmi\/wp-content\/uploads\/sites\/3\/2015\/02\/IMG_3462-1024x7681.jpg'><img loading=\"lazy\" decoding=\"async\" width=\"150\" height=\"150\" src=\"https:\/\/www.imer.mx\/rmi\/wp-content\/uploads\/sites\/3\/2015\/02\/IMG_3462-1024x7681-150x150.jpg\" class=\"attachment-thumbnail size-thumbnail\" alt=\"\" aria-describedby=\"gallery-1-11248\" \/><\/a>\n\t\t\t\t<\/dt>\n\t\t\t\t\t<dd class='wp-caption-text gallery-caption' id='gallery-1-11248'>\n\t\t\t\t\tFaro al viejo mundo.\n\t\t\t\t\t<\/dd><\/dl><dl class='gallery-item'>\n\t\t\t\t<dt class='gallery-icon landscape'>\n\t\t\t\t\t<a class=\"rollover rollover-zoom dt-pswp-item\" title=\"IMG_3463-1024x768\" data-dt-img-description=\"\" data-large_image_width=\"1024\" data-large_image_height=\"768\"href='https:\/\/www.imer.mx\/rmi\/wp-content\/uploads\/sites\/3\/2015\/02\/IMG_3463-1024x7681.jpg'><img loading=\"lazy\" decoding=\"async\" width=\"150\" height=\"150\" src=\"https:\/\/www.imer.mx\/rmi\/wp-content\/uploads\/sites\/3\/2015\/02\/IMG_3463-1024x7681-150x150.jpg\" class=\"attachment-thumbnail size-thumbnail\" alt=\"\" aria-describedby=\"gallery-1-11249\" \/><\/a>\n\t\t\t\t<\/dt>\n\t\t\t\t\t<dd class='wp-caption-text gallery-caption' id='gallery-1-11249'>\n\t\t\t\t\tAmanecer.\n\t\t\t\t\t<\/dd><\/dl><dl class='gallery-item'>\n\t\t\t\t<dt class='gallery-icon landscape'>\n\t\t\t\t\t<a class=\"rollover rollover-zoom dt-pswp-item\" title=\"IMG_3466-1024x575\" data-dt-img-description=\"\" data-large_image_width=\"1024\" data-large_image_height=\"575\"href='https:\/\/www.imer.mx\/rmi\/wp-content\/uploads\/sites\/3\/2015\/02\/IMG_3466-1024x5751.jpg'><img loading=\"lazy\" decoding=\"async\" width=\"150\" height=\"150\" src=\"https:\/\/www.imer.mx\/rmi\/wp-content\/uploads\/sites\/3\/2015\/02\/IMG_3466-1024x5751-150x150.jpg\" class=\"attachment-thumbnail size-thumbnail\" alt=\"\" aria-describedby=\"gallery-1-11250\" \/><\/a>\n\t\t\t\t<\/dt>\n\t\t\t\t\t<dd class='wp-caption-text gallery-caption' id='gallery-1-11250'>\n\t\t\t\t\tCoraje.\n\t\t\t\t\t<\/dd><\/dl><br style=\"clear: both\" \/><dl class='gallery-item'>\n\t\t\t\t<dt class='gallery-icon landscape'>\n\t\t\t\t\t<a class=\"rollover rollover-zoom dt-pswp-item\" title=\"IMG_3468-1024x575\" data-dt-img-description=\"\" data-large_image_width=\"1024\" data-large_image_height=\"575\"href='https:\/\/www.imer.mx\/rmi\/wp-content\/uploads\/sites\/3\/2015\/02\/IMG_3468-1024x5751.jpg'><img loading=\"lazy\" decoding=\"async\" width=\"150\" height=\"150\" src=\"https:\/\/www.imer.mx\/rmi\/wp-content\/uploads\/sites\/3\/2015\/02\/IMG_3468-1024x5751-150x150.jpg\" class=\"attachment-thumbnail size-thumbnail\" alt=\"\" aria-describedby=\"gallery-1-11251\" \/><\/a>\n\t\t\t\t<\/dt>\n\t\t\t\t\t<dd class='wp-caption-text gallery-caption' id='gallery-1-11251'>\n\t\t\t\t\tAlegr\u00edas.\n\t\t\t\t\t<\/dd><\/dl><dl class='gallery-item'>\n\t\t\t\t<dt class='gallery-icon landscape'>\n\t\t\t\t\t<a class=\"rollover rollover-zoom dt-pswp-item\" title=\"IMG_3458-1024x575\" data-dt-img-description=\"\" data-large_image_width=\"1024\" data-large_image_height=\"575\"href='https:\/\/www.imer.mx\/rmi\/wp-content\/uploads\/sites\/3\/2015\/02\/IMG_3458-1024x5751.jpg'><img loading=\"lazy\" decoding=\"async\" width=\"150\" height=\"150\" src=\"https:\/\/www.imer.mx\/rmi\/wp-content\/uploads\/sites\/3\/2015\/02\/IMG_3458-1024x5751-150x150.jpg\" class=\"attachment-thumbnail size-thumbnail\" alt=\"\" aria-describedby=\"gallery-1-11247\" \/><\/a>\n\t\t\t\t<\/dt>\n\t\t\t\t\t<dd class='wp-caption-text gallery-caption' id='gallery-1-11247'>\n\t\t\t\t\tEres tarde.\n\t\t\t\t\t<\/dd><\/dl><dl class='gallery-item'>\n\t\t\t\t<dt class='gallery-icon landscape'>\n\t\t\t\t\t<a class=\"rollover rollover-zoom dt-pswp-item\" title=\"IMG_3453-1024x682-2\" data-dt-img-description=\"\" data-large_image_width=\"1024\" data-large_image_height=\"682\"href='https:\/\/www.imer.mx\/rmi\/wp-content\/uploads\/sites\/3\/2015\/02\/IMG_3453-1024x682-2.jpg'><img loading=\"lazy\" decoding=\"async\" width=\"150\" height=\"150\" src=\"https:\/\/www.imer.mx\/rmi\/wp-content\/uploads\/sites\/3\/2015\/02\/IMG_3453-1024x682-2-150x150.jpg\" class=\"attachment-thumbnail size-thumbnail\" alt=\"\" aria-describedby=\"gallery-1-11257\" \/><\/a>\n\t\t\t\t<\/dt>\n\t\t\t\t\t<dd class='wp-caption-text gallery-caption' id='gallery-1-11257'>\n\t\t\t\t\tFandango.\n\t\t\t\t\t<\/dd><\/dl><br style=\"clear: both\" \/>\n\t\t\t<\/div>\n\n<p>&nbsp;<\/p>\n","protected":false},"excerpt":{"rendered":"<p>Voces, m\u00fasica, colores, sonrisas, preguntas, poes\u00eda, conversaci\u00f3n, nuevos y antiguos sonidos\u2026 Todo eso estuvo presente en las instalaciones del Instituto Mexicano de la Radio en la celebraci\u00f3n del \u201cD\u00eda Internacional de la Lengua Materna\u201d, fecha instituida por la UNESCO con la intenci\u00f3n de subrayar la importancia de todas las lenguas que se hablan en el mundo, las cuales constituyen uno de los m\u00e1s entra\u00f1able tesoros que tiene la humanidad que es necesario proteger.<br \/>\nPara leer m\u00e1s haz clic en el t\u00edtulo.<\/p>\n","protected":false},"author":34,"featured_media":11221,"comment_status":"closed","ping_status":"closed","sticky":false,"template":"","format":"standard","meta":{"wp_popup_display_lightbox":0,"wp_popup_suppress":"","wp_popup_trigger":"","wp_popup_trigger_amount":0,"wp_popup_disable_on_mobile":false,"footnotes":""},"categories":[8,3],"tags":[],"class_list":["post-11197","post","type-post","status-publish","format-standard","has-post-thumbnail","hentry","category-destacados","category-radiomexicointernacional","category-8","category-3","description-off"],"_links":{"self":[{"href":"https:\/\/www.imer.mx\/rmi\/wp-json\/wp\/v2\/posts\/11197","targetHints":{"allow":["GET"]}}],"collection":[{"href":"https:\/\/www.imer.mx\/rmi\/wp-json\/wp\/v2\/posts"}],"about":[{"href":"https:\/\/www.imer.mx\/rmi\/wp-json\/wp\/v2\/types\/post"}],"author":[{"embeddable":true,"href":"https:\/\/www.imer.mx\/rmi\/wp-json\/wp\/v2\/users\/34"}],"replies":[{"embeddable":true,"href":"https:\/\/www.imer.mx\/rmi\/wp-json\/wp\/v2\/comments?post=11197"}],"version-history":[{"count":0,"href":"https:\/\/www.imer.mx\/rmi\/wp-json\/wp\/v2\/posts\/11197\/revisions"}],"wp:featuredmedia":[{"embeddable":true,"href":"https:\/\/www.imer.mx\/rmi\/wp-json\/wp\/v2\/media\/11221"}],"wp:attachment":[{"href":"https:\/\/www.imer.mx\/rmi\/wp-json\/wp\/v2\/media?parent=11197"}],"wp:term":[{"taxonomy":"category","embeddable":true,"href":"https:\/\/www.imer.mx\/rmi\/wp-json\/wp\/v2\/categories?post=11197"},{"taxonomy":"post_tag","embeddable":true,"href":"https:\/\/www.imer.mx\/rmi\/wp-json\/wp\/v2\/tags?post=11197"}],"curies":[{"name":"wp","href":"https:\/\/api.w.org\/{rel}","templated":true}]}}