{"id":11181,"date":"2015-02-19T20:32:12","date_gmt":"2015-02-20T02:32:12","guid":{"rendered":"http:\/\/www.imer.mx\/rmi\/?p=11181"},"modified":"2015-02-19T20:39:18","modified_gmt":"2015-02-20T02:39:18","slug":"el-sitio-de-cuautla","status":"publish","type":"post","link":"https:\/\/www.imer.mx\/rmi\/el-sitio-de-cuautla\/","title":{"rendered":"&#8220;El Sitio de Cuautla&#8221;"},"content":{"rendered":"<blockquote><p><a href=\"https:\/\/www.imer.mx\/rmi\/wp-content\/uploads\/sites\/3\/2015\/02\/IMAGEN1.jpg\"><img loading=\"lazy\" decoding=\"async\" class=\" size-medium wp-image-11186 alignright\" src=\"https:\/\/www.imer.mx\/rmi\/wp-content\/uploads\/sites\/3\/2015\/02\/IMAGEN1-211x300.jpg\" alt=\"IMAGEN\" width=\"211\" height=\"300\" srcset=\"https:\/\/www.imer.mx\/rmi\/wp-content\/uploads\/sites\/3\/2015\/02\/IMAGEN1-211x300.jpg 211w, https:\/\/www.imer.mx\/rmi\/wp-content\/uploads\/sites\/3\/2015\/02\/IMAGEN1.jpg 327w\" sizes=\"auto, (max-width: 211px) 100vw, 211px\" \/><\/a><br \/>\nEl 19 de febrero de 1812, en Cuautla de Amilpas (actual estado de Morelos), ocurri\u00f3 la batalla que marc\u00f3 el inicio de un acontecimiento legendario de la historia de M\u00e9xico, el &#8220;Sitio de Cuautla&#8221;. En la madrugada de ese d\u00eda las numerosas y bien armadas tropas del ej\u00e9rcito virreinal, comandadas por el afamado General F\u00e9lix Mar\u00eda Calleja, atacaron esa poblaci\u00f3n en la que se hab\u00eda instalado el Ej\u00e9rcito Insurgente al mando de Jos\u00e9 Mar\u00eda Morelos y Pav\u00f3n. Supon\u00edan que lograr\u00edan tomar la plaza en menos de dos horas y que har\u00edan prisioneros a los m\u00e1s importantes dirigentes de la insurgencia. No fue as\u00ed. Por la tarde de ese d\u00eda los hombres de Calleja debieron huir en desbandada y se reordenaron solamente para poner sitio al poblado. La gente de Jos\u00e9 Mar\u00eda Morelos resisti\u00f3 43 d\u00edas de asedio y logr\u00f3 romper el sitio el 3 de mayo de 1812. Ah\u00ed se construy\u00f3 la leyenda del General\u00edsmo Morelos. (Ilustraci\u00f3n de Jos\u00e9 Guadalupe Posada para la &#8220;Biblioteca del Ni\u00f1o Mexicano&#8221;, tomada de noticiasnet.mx)<br \/>\nRadio M\u00e9xico Internacional: armon\u00edas, sonidos y palabras de M\u00e9xico&#8230; Para escucharnos entra a www.imer.mx\/rmi, en radio digital estamos en el 105.7 canal HD2 y tambi\u00e9n nos encuentras en el sistema TuneIn.<\/p><\/blockquote>\n","protected":false},"excerpt":{"rendered":"<p>El 19 de febrero de 1812, en Cuautla de Amilpas (actual estado de Morelos), ocurri\u00f3 la batalla que marc\u00f3 el inicio de un acontecimiento legendario de la historia de M\u00e9xico, el &#8220;Sitio de Cuautla&#8221;. En la madrugada de ese d\u00eda las numerosas y bien armadas tropas del ej\u00e9rcito virreinal, comandadas por el afamado General F\u00e9lix Mar\u00eda Calleja, atacaron esa poblaci\u00f3n en la que se hab\u00eda instalado el Ej\u00e9rcito Insurgente al mando de Jos\u00e9 Mar\u00eda Morelos y Pav\u00f3n. Supon\u00edan que lograr\u00edan tomar la plaza en menos de dos horas y que har\u00edan prisioneros a los m\u00e1s importantes dirigentes de la insurgencia. No fue as\u00ed. Por la tarde de ese d\u00eda los hombres de Calleja debieron huir en desbandada y se reordenaron solamente para poner sitio al poblado. La gente de Jos\u00e9 Mar\u00eda Morelos resisti\u00f3 43 d\u00edas de asedio y logr\u00f3 romper el sitio el 3 de mayo de 1812. Ah\u00ed se construy\u00f3 la leyenda del General\u00edsmo Morelos. (Ilustraci\u00f3n de Jos\u00e9 Guadalupe Posada para la &#8220;Biblioteca del Ni\u00f1o Mexicano&#8221;, tomada de noticiasnet.mx)<\/p>\n","protected":false},"author":34,"featured_media":11182,"comment_status":"closed","ping_status":"closed","sticky":false,"template":"","format":"standard","meta":{"wp_popup_display_lightbox":0,"wp_popup_suppress":"","wp_popup_trigger":"","wp_popup_trigger_amount":0,"wp_popup_disable_on_mobile":false,"footnotes":""},"categories":[8,3],"tags":[],"class_list":["post-11181","post","type-post","status-publish","format-standard","has-post-thumbnail","hentry","category-destacados","category-radiomexicointernacional","category-8","category-3","description-off"],"_links":{"self":[{"href":"https:\/\/www.imer.mx\/rmi\/wp-json\/wp\/v2\/posts\/11181","targetHints":{"allow":["GET"]}}],"collection":[{"href":"https:\/\/www.imer.mx\/rmi\/wp-json\/wp\/v2\/posts"}],"about":[{"href":"https:\/\/www.imer.mx\/rmi\/wp-json\/wp\/v2\/types\/post"}],"author":[{"embeddable":true,"href":"https:\/\/www.imer.mx\/rmi\/wp-json\/wp\/v2\/users\/34"}],"replies":[{"embeddable":true,"href":"https:\/\/www.imer.mx\/rmi\/wp-json\/wp\/v2\/comments?post=11181"}],"version-history":[{"count":0,"href":"https:\/\/www.imer.mx\/rmi\/wp-json\/wp\/v2\/posts\/11181\/revisions"}],"wp:featuredmedia":[{"embeddable":true,"href":"https:\/\/www.imer.mx\/rmi\/wp-json\/wp\/v2\/media\/11182"}],"wp:attachment":[{"href":"https:\/\/www.imer.mx\/rmi\/wp-json\/wp\/v2\/media?parent=11181"}],"wp:term":[{"taxonomy":"category","embeddable":true,"href":"https:\/\/www.imer.mx\/rmi\/wp-json\/wp\/v2\/categories?post=11181"},{"taxonomy":"post_tag","embeddable":true,"href":"https:\/\/www.imer.mx\/rmi\/wp-json\/wp\/v2\/tags?post=11181"}],"curies":[{"name":"wp","href":"https:\/\/api.w.org\/{rel}","templated":true}]}}