{"id":10987,"date":"2015-01-26T07:00:04","date_gmt":"2015-01-26T13:00:04","guid":{"rendered":"http:\/\/www.imer.mx\/rmi\/?p=10987"},"modified":"2015-01-26T10:12:41","modified_gmt":"2015-01-26T16:12:41","slug":"jose-emilio-pacheco-un-ano-sin-el-poeta","status":"publish","type":"post","link":"https:\/\/www.imer.mx\/rmi\/jose-emilio-pacheco-un-ano-sin-el-poeta\/","title":{"rendered":"Jos\u00e9 Emilio Pacheco, un a\u00f1o sin el poeta"},"content":{"rendered":"<p style=\"text-align: right;\"><em>Cecilia K\u00fchne P.<\/em><\/p>\n<p><a href=\"https:\/\/www.imer.mx\/rmi\/wp-content\/uploads\/sites\/3\/2015\/01\/jose_emilio_pacheco_01.jpg\"><img loading=\"lazy\" decoding=\"async\" class=\"alignright wp-image-10990 size-medium\" src=\"https:\/\/www.imer.mx\/rmi\/wp-content\/uploads\/sites\/3\/2015\/01\/jose_emilio_pacheco_01-232x300.jpg\" alt=\"jose_emilio_pacheco_01\" width=\"232\" height=\"300\" srcset=\"https:\/\/www.imer.mx\/rmi\/wp-content\/uploads\/sites\/3\/2015\/01\/jose_emilio_pacheco_01-232x300.jpg 232w, https:\/\/www.imer.mx\/rmi\/wp-content\/uploads\/sites\/3\/2015\/01\/jose_emilio_pacheco_01.jpg 456w\" sizes=\"auto, (max-width: 232px) 100vw, 232px\" \/><\/a>Hace un a\u00f1o que el poeta ya no est\u00e1.<\/p>\n<p>Jos\u00e9 Emilio Pacheco muri\u00f3 en su ciudad favorita -la suya, la Ciudad de M\u00e9xico- el 26 de enero del a\u00f1o 2014. Durante todo este tiempo s\u00f3lo qued\u00f3 echar mano de la memoria, la relectura, los homenajes en su honor y los nuevos libros de su autor\u00eda, m\u00e1s bien afortunadas reuniones de sus textos m\u00e1s antiguos.<\/p>\n<p>Jos\u00e9 Emilio Pacheco, nacido en la Ciudad de M\u00e9xico en 1939, justo el a\u00f1o en el que acab\u00f3 la Guerra Civil Espa\u00f1ola y el Castillo de Chapultepec se convirti\u00f3 en el Museo Nacional de Historia. Su obra literaria fue reconocida muy pronto. Ya en la d\u00e9cada de los cincuenta figuraba en antolog\u00edas al lado de los grandes poetas de Latinoam\u00e9rica y los cr\u00edticos lo hac\u00edan miembro relevante de la generaci\u00f3n de Salvador Elizondo, Juan Garc\u00eda Ponce, Sergio Pitol y Carlos Monsiv\u00e1is.<\/p>\n<p>De manera inevitable, muchos conocieron primero sus versos y despu\u00e9s se interesaron por la prosa. Sin embargo, \u00e9l mismo dec\u00eda que escribi\u00f3 cuentos desde muy temprano y no trat\u00f3 de hacer versos hasta los diecis\u00e9is o diecisiete a\u00f1os. Fue poco antes de cumplir veinte a\u00f1os, cuando public\u00f3 su primer libro<em> La Sangre de Medusa y otros cuentos marginales<\/em>.<\/p>\n<p><img loading=\"lazy\" decoding=\"async\" class=\"alignleft wp-image-10993 size-medium\" src=\"https:\/\/www.imer.mx\/rmi\/wp-content\/uploads\/sites\/3\/2015\/01\/jose_emilio_pacheco_batallas-199x300.jpg\" alt=\"jose_emilio_pacheco_batallas\" width=\"199\" height=\"300\" srcset=\"https:\/\/www.imer.mx\/rmi\/wp-content\/uploads\/sites\/3\/2015\/01\/jose_emilio_pacheco_batallas-199x300.jpg 199w, https:\/\/www.imer.mx\/rmi\/wp-content\/uploads\/sites\/3\/2015\/01\/jose_emilio_pacheco_batallas.jpg 239w\" sizes=\"auto, (max-width: 199px) 100vw, 199px\" \/>Estudiante de la UNAM, inici\u00f3 sus actividades como escritor profesional publicando en la revista <em>Medio Siglo.<\/em> Dirigi\u00f3 con Carlos Monsiv\u00e1is el suplemento de la revista <em>Estaciones<\/em>, fue secretario de redacci\u00f3n de la <em>Revista de la Universidad de M\u00e9xico<\/em> tambi\u00e9n de <em>M\u00e9xico en la Cultura<\/em>, y colaborador de publicaciones como <em>Novedades<\/em> y <em>Siempre. <\/em>Transit\u00f3 del poema a la novela, desde el cuento hasta el art\u00edculo period\u00edstico y no le fueron ajenos los secretos de la traducci\u00f3n, los rigores del ensayo ni las minucias de la antolog\u00eda. Y en todos los g\u00e9neros que cultiv\u00f3 su pluma hubo talento, disciplina e inteligencia.<\/p>\n<p>Muchos libros nos regal\u00f3 Jos\u00e9 Emilio Pacheco. Libros que conmocionan al lector desde el principio, otros emocionantes en cada una de sus l\u00edneas. Libros favoritos de t\u00edtulos perfectos: <em>No me preguntes c\u00f3mo pasa el tiempo, Ir\u00e1s y no volver\u00e1s, Morir\u00e1s lejos.<\/em> Y tambi\u00e9n libros que, como <em>Batallas en el desierto<\/em>, son patrimonio hist\u00f3rico, memoria colectiva y testimonio generacional.<\/p>\n<p>Escrito en 1981, <em>Batallas en el desierto<\/em> fue se puede leer en menos de un d\u00eda. O en lo que tarda cualquiera en llegar de sur a norte en cualquier hora pico de la Ciudad de M\u00e9xico. Carlos, el personaje central de la novela, habla desde su propio recuerdo pero tambi\u00e9n le presta su voz a la Ciudad de M\u00e9xico de los a\u00f1os cuarenta. El campo de batalla es la Colonia Roma. Acaba de terminar la Segunda Guerra Mundial. Y a falta de juguetes y porque el patio de la escuela tiene mucho polvo, Carlos y sus amigos imaginan que combaten sobre la arena. Como si fueran bandos del conflicto de Medio Oriente. El lector gradualmente se va enterando que la guerra no es met\u00e1fora ni solamente esa. Es la batalla de un pa\u00eds lento e inocente contra la modernidad y la de un ni\u00f1o que deja de serlo al toparse con un amor primero. Igual de legendaria que la novela de Pacheco, fue la canci\u00f3n de Caf\u00e9 Tacuba inspirada en ella. Hubo pel\u00edcula, versiones, adaptaciones y un gran \u00e9xito literario de <em>Batallas en el Desierto<\/em>. Tan vigente que se sigue poniendo de moda cada cierto tiempo.<\/p>\n<p><a href=\"https:\/\/www.imer.mx\/rmi\/wp-content\/uploads\/sites\/3\/2015\/01\/jose_emilio_pacheco_03.jpg\"><img loading=\"lazy\" decoding=\"async\" class=\"alignright wp-image-10992 size-medium\" src=\"https:\/\/www.imer.mx\/rmi\/wp-content\/uploads\/sites\/3\/2015\/01\/jose_emilio_pacheco_03-300x291.jpg\" alt=\"jose_emilio_pacheco_03\" width=\"300\" height=\"291\" srcset=\"https:\/\/www.imer.mx\/rmi\/wp-content\/uploads\/sites\/3\/2015\/01\/jose_emilio_pacheco_03-300x291.jpg 300w, https:\/\/www.imer.mx\/rmi\/wp-content\/uploads\/sites\/3\/2015\/01\/jose_emilio_pacheco_03.jpg 548w\" sizes=\"auto, (max-width: 300px) 100vw, 300px\" \/><\/a>Hace un a\u00f1o que el poeta ya no est\u00e1.<\/p>\n<p>Pero los versos y palabras de Jos\u00e9 Emilio Pacheco son definitivos y atemporales. Tanto, que parecer\u00eda nada tuvieron que ver con la voluntad, el genio, la pluma o la vocaci\u00f3n. Pero es mentira.<\/p>\n<p>&nbsp;<\/p>\n","protected":false},"excerpt":{"rendered":"<p>Radio M\u00e9xico Internacional recuerda a Jos\u00e9 Emilio Pacheco a un a\u00f1o de su muerte. Escritor mexicano, fallecido el 26 de enero de 2014, perteneci\u00f3 a la generaci\u00f3n de Salvador Elizondo, Juan Garc\u00eda Ponce, Sergio Pitol y Carlos Monsiv\u00e1is. Nacido en 1939, transit\u00f3 del poema a la novela, del cuento al art\u00edculo period\u00edstico. Autor de la novela <i>Batallas en el Desierto<\/i>, que inspir\u00f3 canciones y pel\u00edculas, y de m\u00e1s de una docena de libros de poes\u00eda, como <i>No me preguntes c\u00f3mo pasa el tiempo<\/i>, <i>Ir\u00e1s y no volver\u00e1s<\/i> y <i>Morir\u00e1s lejos<\/i>, por ejemplo.<\/p>\n<p>La muerte de Pacheco dej\u00f3 un enorme hueco en la cultura y la literatura mexicana, pero tambi\u00e9n el compromiso y placer de leerlo y releerlo todo el tiempo.  Ent\u00e9rate de m\u00e1s dando un clic en el t\u00edtulo de este art\u00edculo.<\/p>\n","protected":false},"author":1,"featured_media":10990,"comment_status":"closed","ping_status":"closed","sticky":false,"template":"","format":"standard","meta":{"wp_popup_display_lightbox":0,"wp_popup_suppress":"","wp_popup_trigger":"","wp_popup_trigger_amount":0,"wp_popup_disable_on_mobile":false,"footnotes":""},"categories":[8,3],"tags":[],"class_list":["post-10987","post","type-post","status-publish","format-standard","has-post-thumbnail","hentry","category-destacados","category-radiomexicointernacional","category-8","category-3","description-off"],"_links":{"self":[{"href":"https:\/\/www.imer.mx\/rmi\/wp-json\/wp\/v2\/posts\/10987","targetHints":{"allow":["GET"]}}],"collection":[{"href":"https:\/\/www.imer.mx\/rmi\/wp-json\/wp\/v2\/posts"}],"about":[{"href":"https:\/\/www.imer.mx\/rmi\/wp-json\/wp\/v2\/types\/post"}],"author":[{"embeddable":true,"href":"https:\/\/www.imer.mx\/rmi\/wp-json\/wp\/v2\/users\/1"}],"replies":[{"embeddable":true,"href":"https:\/\/www.imer.mx\/rmi\/wp-json\/wp\/v2\/comments?post=10987"}],"version-history":[{"count":0,"href":"https:\/\/www.imer.mx\/rmi\/wp-json\/wp\/v2\/posts\/10987\/revisions"}],"wp:featuredmedia":[{"embeddable":true,"href":"https:\/\/www.imer.mx\/rmi\/wp-json\/wp\/v2\/media\/10990"}],"wp:attachment":[{"href":"https:\/\/www.imer.mx\/rmi\/wp-json\/wp\/v2\/media?parent=10987"}],"wp:term":[{"taxonomy":"category","embeddable":true,"href":"https:\/\/www.imer.mx\/rmi\/wp-json\/wp\/v2\/categories?post=10987"},{"taxonomy":"post_tag","embeddable":true,"href":"https:\/\/www.imer.mx\/rmi\/wp-json\/wp\/v2\/tags?post=10987"}],"curies":[{"name":"wp","href":"https:\/\/api.w.org\/{rel}","templated":true}]}}