{"id":10953,"date":"2015-01-22T14:10:07","date_gmt":"2015-01-22T20:10:07","guid":{"rendered":"http:\/\/www.imer.mx\/rmi\/?p=10953"},"modified":"2015-04-28T18:35:40","modified_gmt":"2015-04-28T23:35:40","slug":"martha-canfield-una-poesia-con-ecos-del-mundo","status":"publish","type":"post","link":"https:\/\/www.imer.mx\/rmi\/martha-canfield-una-poesia-con-ecos-del-mundo\/","title":{"rendered":"MARTHA CANFIELD, UNA POES\u00cdA CON ECOS DEL MUNDO"},"content":{"rendered":"<p><img loading=\"lazy\" decoding=\"async\" class=\"alignright wp-image-10958 size-medium\" src=\"https:\/\/www.imer.mx\/rmi\/wp-content\/uploads\/sites\/3\/2015\/01\/martha_canfield_02-196x300.jpg\" alt=\"martha_canfield_02\" width=\"196\" height=\"300\" srcset=\"https:\/\/www.imer.mx\/rmi\/wp-content\/uploads\/sites\/3\/2015\/01\/martha_canfield_02-196x300.jpg 196w, https:\/\/www.imer.mx\/rmi\/wp-content\/uploads\/sites\/3\/2015\/01\/martha_canfield_02.jpg 522w\" sizes=\"auto, (max-width: 196px) 100vw, 196px\" \/><\/p>\n<p style=\"text-align: right\"><b><i>Cada palabra que encontramos va abriendo la tiniebla, la hiende,<br \/>\nla desgarra, descubriendo en ella jirones de luz a cada paso.<\/i><\/b><\/p>\n<p style=\"text-align: right\"><b>Martha Canfield.<\/b><\/p>\n<p>Martha Canfield es una de esas personas que saben sonre\u00edr con la mirada. Conversar con ella es f\u00e1cil, tiene muchas cosas que platicar y sabe hacer de los temas literarios y po\u00e9ticos algo cercano y emocionante para todos los que\u00a0 la escuchan. Ella naci\u00f3 en 1949 en Montevideo, Uruguay, una ciudad peque\u00f1a y entra\u00f1able de la que parti\u00f3 en su juventud para continuar sus estudios de literatura en Colombia y despu\u00e9s en Italia. Ahora es catedr\u00e1tica de Lengua y Literatura Hispanoamericana en la Universidad de Florencia pero ha mantenido siempre contacto con su pa\u00eds y ha acercado las letras de Am\u00e9rica Latina a la sensibilidad de los estudiantes y los lectores europeos. Sus tareas en el mundo de las letras son diversas: como investigadora y ensayista se ha ocupado de la obra de muchos escritores (entre ellos, y de manera muy destacada, de Sor Juana In\u00e9s de la Cruz y Ram\u00f3n L\u00f3pez Velarde), como editora ha puesto a los autores italianos al alcance de los p\u00fablicos de habla hispana y ha hecho que la literatura en nuestro idioma se traduzca a la lengua italiana. Tambi\u00e9n ha estudiado la poes\u00eda chicana y ha escrito sobre ella y dirige la colecci\u00f3n \u201cLatinoamericana\u201d de la editorial florentina <i>La Lettere<\/i>.<\/p>\n<p>[quote align=&#8221;left&#8221; width=&#8221;45%&#8221;]<b>\u201cS\u00f3lo con el tiempo y no siempre, sino a veces, en la lectura del pasaje escrito, se recupera una sensaci\u00f3n de belleza y el recuerdo de una beatitud. Sin embargo el recuerdo no satisface; al contrario, despierta, incita. Y entonces, poco m\u00e1s tarde, nos volvemos a encontrar con la pluma en la mano, \u00fanica espada admitida.\u201d<\/b>[\/quote]<\/p>\n<p>Dentro de su propia creaci\u00f3n po\u00e9tica, Martha Canfield se ha distinguido por expresarse en los dos idiomas que le son cercanos: el espa\u00f1ol, su lengua natal, y el italiano, su lengua por adopci\u00f3n. Tiene cuatro poemarios en italiano: <i>Mar\/Mare <\/i>(1989), <i>Nero cuore dell\u00b4alba<\/i> (1998), <i>Capriccio di un colore<\/i> (2004) y <i>Per abissi d\u00b4amore<\/i> (2006); y seis en espa\u00f1ol <i>Anunciaciones<\/i> (1977),<i> El viaje de Orfeo<\/i> (1990),<i> Caza de altura<\/i> (1994),<i> Orillas como mares <\/i>(2004),<i> El cuerpo de los sue\u00f1os<\/i> (2009) y<i> Coraz\u00f3n abismo <\/i>(2011).<\/p>\n<p><img loading=\"lazy\" decoding=\"async\" class=\"alignright wp-image-10959 size-medium\" src=\"https:\/\/www.imer.mx\/rmi\/wp-content\/uploads\/sites\/3\/2015\/01\/martha_canfield_03-223x300.jpg\" alt=\"martha_canfield_03\" width=\"223\" height=\"300\" srcset=\"https:\/\/www.imer.mx\/rmi\/wp-content\/uploads\/sites\/3\/2015\/01\/martha_canfield_03-223x300.jpg 223w, https:\/\/www.imer.mx\/rmi\/wp-content\/uploads\/sites\/3\/2015\/01\/martha_canfield_03.jpg 595w\" sizes=\"auto, (max-width: 223px) 100vw, 223px\" \/><\/p>\n<p>&nbsp;<\/p>\n<p>&nbsp;<\/p>\n<p>&nbsp;<\/p>\n<p>&nbsp;<\/p>\n<p>&nbsp;<\/p>\n<p>&nbsp;<\/p>\n<p>Y as\u00ed, tendiendo puentes y viendo la vida con ojos de poes\u00eda y gentileza, Martha Canfield va recorriendo las letras, ajenas y propias, como caminos para descubrir y construir lo cotidiano y lo trascendente y va reforzando, en ella misma y en quienes la leen y la escuchan, la certeza de que la poes\u00eda es necesaria, fundamental, porque da equilibrio, porque comunica, porque ilumina. No queda sino decirle \u201cgracias\u201d y dejarse guiar por su sabidur\u00eda\u2026<\/p>\n<p>[quote align=&#8221;left&#8221; width=&#8221;45%&#8221;]<b>\u201cEscribir se vuelve de ese modo una compulsi\u00f3n, un drama y una alegr\u00eda, un oficio infinito, como la vida.\u201d<\/b>[\/quote]<\/p>\n<p>Les invitamos a escuchar, en el audio que se encuentra bajo estas l\u00edneas, la conversaci\u00f3n que Radio M\u00e9xico Internacional tuvo con Martha Canfield durante su reciente visita a M\u00e9xico para participar en\u00a0el\u00a0<b>XVI Encuentro de Poetas del Mundo Latino en la ciudad de Aguascalientes<\/b>, organizado por el\u00a0<b>Seminario de Cultura Mexicana<\/b>, en colaboraci\u00f3n con el INBAL, la UNAM y el Gobierno de Estado de Aguascalientes a trav\u00e9s del ICA y el CIELA-Fraguas.\u00a0En este audio aparecen tambi\u00e9n dos textos breves de Martha Canfield le\u00eddos por Rita Abreu, conductora, colaboradora del IMER y productora del programa \u201cAcentos\u201d de Opus 94 a quien le agradecemos enormemente este apoyo.<\/p>\n<h3>Escucha el audio.<\/h3>\n<audio class=\"wp-audio-shortcode\" id=\"audio-10953-1\" preload=\"none\" style=\"width: 100%;\" controls=\"controls\"><source type=\"audio\/mpeg\" src=\"http:\/\/www.imer.gob.mx\/phpwrappers\/podcast\/apitrck\/uploads\/339\/rmi_martha_canfield.mp3?_=1\" \/><a href=\"http:\/\/www.imer.gob.mx\/phpwrappers\/podcast\/apitrck\/uploads\/339\/rmi_martha_canfield.mp3\">http:\/\/www.imer.gob.mx\/phpwrappers\/podcast\/apitrck\/uploads\/339\/rmi_martha_canfield.mp3<\/a><\/audio>\n<p>&nbsp;<\/p>\n<p><img loading=\"lazy\" decoding=\"async\" class=\"alignnone size-medium wp-image-10957\" src=\"https:\/\/www.imer.mx\/rmi\/wp-content\/uploads\/sites\/3\/2015\/01\/martha_canfield_01-276x300.jpg\" alt=\"martha_canfield_01\" width=\"276\" height=\"300\" srcset=\"https:\/\/www.imer.mx\/rmi\/wp-content\/uploads\/sites\/3\/2015\/01\/martha_canfield_01-276x300.jpg 276w, https:\/\/www.imer.mx\/rmi\/wp-content\/uploads\/sites\/3\/2015\/01\/martha_canfield_01.jpg 699w\" sizes=\"auto, (max-width: 276px) 100vw, 276px\" \/><\/p>\n","protected":false},"excerpt":{"rendered":"<p style=\"text-align: right\"><b><i>Cada palabra que encontramos va abriendo la tiniebla, la hiende, la desgarra, descubriendo en ella jirones de luz a cada paso. <\/i><br \/>\nMartha Canfield.<\/b><\/p>\n<p>Hace unos meses tuvimos el privilegio de conocer a la poeta uruguaya Martha Canfield que estuvo en la ciudad de M\u00e9xico y en Aguascalientes para participar en el\u00a0XVI Encuentro de Poetas del Mundo Latino, organizado por el\u00a0Seminario de Cultura Mexicana, en colaboraci\u00f3n con el INBAL, la UNAM y el Gobierno de Estado de Aguascalientes a trav\u00e9s del ICA y el CIELA-Fraguas.\u00a0Fue un placer acercarnos a su poes\u00eda y conversar con ella y ahora compartimos esta experiencia con los amigos de Radio M\u00e9xico Internacional a trav\u00e9s de un art\u00edculo y una entrevista a los que pueden ustedes entrar dando clic en el t\u00edtulo de esta publicaci\u00f3n. <\/p>\n","protected":false},"author":1,"featured_media":10985,"comment_status":"closed","ping_status":"closed","sticky":false,"template":"","format":"standard","meta":{"wp_popup_display_lightbox":0,"wp_popup_suppress":"","wp_popup_trigger":"","wp_popup_trigger_amount":0,"wp_popup_disable_on_mobile":false,"footnotes":""},"categories":[8,3],"tags":[],"class_list":["post-10953","post","type-post","status-publish","format-standard","has-post-thumbnail","hentry","category-destacados","category-radiomexicointernacional","category-8","category-3","description-off"],"_links":{"self":[{"href":"https:\/\/www.imer.mx\/rmi\/wp-json\/wp\/v2\/posts\/10953","targetHints":{"allow":["GET"]}}],"collection":[{"href":"https:\/\/www.imer.mx\/rmi\/wp-json\/wp\/v2\/posts"}],"about":[{"href":"https:\/\/www.imer.mx\/rmi\/wp-json\/wp\/v2\/types\/post"}],"author":[{"embeddable":true,"href":"https:\/\/www.imer.mx\/rmi\/wp-json\/wp\/v2\/users\/1"}],"replies":[{"embeddable":true,"href":"https:\/\/www.imer.mx\/rmi\/wp-json\/wp\/v2\/comments?post=10953"}],"version-history":[{"count":0,"href":"https:\/\/www.imer.mx\/rmi\/wp-json\/wp\/v2\/posts\/10953\/revisions"}],"wp:featuredmedia":[{"embeddable":true,"href":"https:\/\/www.imer.mx\/rmi\/wp-json\/wp\/v2\/media\/10985"}],"wp:attachment":[{"href":"https:\/\/www.imer.mx\/rmi\/wp-json\/wp\/v2\/media?parent=10953"}],"wp:term":[{"taxonomy":"category","embeddable":true,"href":"https:\/\/www.imer.mx\/rmi\/wp-json\/wp\/v2\/categories?post=10953"},{"taxonomy":"post_tag","embeddable":true,"href":"https:\/\/www.imer.mx\/rmi\/wp-json\/wp\/v2\/tags?post=10953"}],"curies":[{"name":"wp","href":"https:\/\/api.w.org\/{rel}","templated":true}]}}