{"id":10540,"date":"2014-12-01T17:44:58","date_gmt":"2014-12-01T23:44:58","guid":{"rendered":"http:\/\/www.imer.mx\/rmi\/?p=10540"},"modified":"2014-12-08T12:17:58","modified_gmt":"2014-12-08T18:17:58","slug":"murio-don-miguel-martinez-el-padre-de-la-trompeta-mariachera","status":"publish","type":"post","link":"https:\/\/www.imer.mx\/rmi\/murio-don-miguel-martinez-el-padre-de-la-trompeta-mariachera\/","title":{"rendered":"MURI\u00d3 DON MIGUEL MART\u00cdNEZ, EL PADRE DE LA TROMPETA MARIACHERA&#8230;"},"content":{"rendered":"<div class=\"text_exposed_root text_exposed\">\n<div id=\"attachment_10542\" style=\"width: 310px\" class=\"wp-caption alignnone\"><a href=\"https:\/\/www.imer.mx\/rmi\/wp-content\/uploads\/sites\/3\/2014\/12\/MIGUEL-MART\u00cdNEZ.jpg\"><img loading=\"lazy\" decoding=\"async\" aria-describedby=\"caption-attachment-10542\" class=\"wp-image-10542 size-medium\" src=\"https:\/\/www.imer.mx\/rmi\/wp-content\/uploads\/sites\/3\/2014\/12\/MIGUEL-MART\u00cdNEZ-300x300.jpg\" alt=\"MIGUEL MART\u00cdNEZ\" width=\"300\" height=\"300\" srcset=\"https:\/\/www.imer.mx\/rmi\/wp-content\/uploads\/sites\/3\/2014\/12\/MIGUEL-MART\u00cdNEZ-300x300.jpg 300w, https:\/\/www.imer.mx\/rmi\/wp-content\/uploads\/sites\/3\/2014\/12\/MIGUEL-MART\u00cdNEZ-150x150.jpg 150w, https:\/\/www.imer.mx\/rmi\/wp-content\/uploads\/sites\/3\/2014\/12\/MIGUEL-MART\u00cdNEZ.jpg 526w\" sizes=\"auto, (max-width: 300px) 100vw, 300px\" \/><\/a><p id=\"caption-attachment-10542\" class=\"wp-caption-text\">(La foto que compartimos la tomamos del FB de The Mariachi Channel de San Diego, ciudad en la que hay grandes mariachis y en la que Don Miguel estuvo en varias ocasiones compartiendo sus recuerdos)<\/p><\/div>\n<\/div>\n<div class=\"text_exposed_root text_exposed\"><span class=\"text_exposed_show\">\u00a0<\/span><\/div>\n<div class=\"text_exposed_root text_exposed\"><\/div>\n<div class=\"text_exposed_root text_exposed\"><\/div>\n<div class=\"text_exposed_root text_exposed\">\n<div id=\"id_5485ded010ef98382757310\" class=\"text_exposed_root text_exposed\">Este\u00a0 s\u00e1bado 6 de diciembre muri\u00f3 a los 93 a\u00f1os de edad Don Miguel Mart\u00ednez, gran trompetista de Mariachi, llamado por muchos &#8220;EL PADRE DE LA TROMPETA MARIACHERA&#8221;.<\/div>\n<div class=\"text_exposed_root text_exposed\">U<span class=\"text_exposed_show\">n hombre modesto y gentil que viv\u00eda en un peque\u00f1o departamento de inter\u00e9s social en el rumbo de Tenayuca. Nacido en Celaya, Guanajuato, fue el creador de un estilo singular para tocar la trompeta dentro de los conjuntos de mariachi y fue el primer trompetista que tuvo el Mariachi Vargas de Tecalitl\u00e1n. <\/span><\/div>\n<div class=\"text_exposed_root text_exposed\"><\/div>\n<div class=\"text_exposed_root text_exposed\"><span class=\"text_exposed_show\">Comenz\u00f3 tocando una peque\u00f1a trompeta (un pist\u00f3n) en un mariachi callejero que, de vez en cuando, buscaba clientela en la Plaza Garibaldi. Ah\u00ed lo conoci\u00f3 Silvestre Vargas quien lo invit\u00f3 a hacer una prueba con su mariachi, cuando la XEW le exigi\u00f3 al Mariachi Vargas que incorporara una trompeta a su conjunto para darle m\u00e1s tiempo en la radio. Hizo la prueba, los productores de la radio lo aceptaron y ah\u00ed comenz\u00f3 una larga y emocionante historia, a el sonido de la trompeta de Don Miguel le debemos mucho m\u00e1s de lo que imaginamos. <\/span><\/div>\n<div class=\"text_exposed_root text_exposed\"><\/div>\n<div class=\"text_exposed_root text_exposed\"><span class=\"text_exposed_show\">Despu\u00e9s de muchos a\u00f1os de trabajar con el Mariachi Vargas de Tecalitl\u00e1n\u00a0logro pertenecer tambi\u00e9n \u00a0a otros conjuntos como el Mariachi M\u00e9xico de Pepe Villa, e incluso lleg\u00f3 a tocar, en un estilo totalmente diferente, con el Tr\u00edo Guayac\u00e1n. Lo que \u00e9l siempre hubiera deseado es convertirse en trompetista sinf\u00f3nico, cosa que nunca pudo hacer porque para aprender el estilo de concierto se hubiera visto obligado a dejar de tocar m\u00fasica de mariachi, que fue siempre su medio para ganarse la vida. Hace un par de semanas estuvo presente en la ciudad de Nueva York, invitado por el New York City Mariachi Conservatory y recibi\u00f3 su \u00faltimo homenaje durante el Festival Internacional de Mariachi de esa ciudad. La foto que ahora compartimos es de su \u00e9poca de oro con el Mariachi Vargas y aparece en el libro &#8220;El Mariachi, s\u00edmbolo musical de M\u00e9xico&#8221; del Dr, Jes\u00fas J\u00e1uregui.<br \/>\n<\/span><\/div>\n<div class=\"text_exposed_root text_exposed\">\u00a0<a href=\"https:\/\/www.imer.mx\/rmi\/wp-content\/uploads\/sites\/3\/2014\/12\/MIGUEL-MART\u00cdNEZ-11.jpg\"><img loading=\"lazy\" decoding=\"async\" class=\"size-medium wp-image-10544 aligncenter\" src=\"https:\/\/www.imer.mx\/rmi\/wp-content\/uploads\/sites\/3\/2014\/12\/MIGUEL-MART\u00cdNEZ-11-200x300.jpg\" alt=\"MIGUEL MART\u00cdNEZ 1\" width=\"200\" height=\"300\" srcset=\"https:\/\/www.imer.mx\/rmi\/wp-content\/uploads\/sites\/3\/2014\/12\/MIGUEL-MART\u00cdNEZ-11-200x300.jpg 200w, https:\/\/www.imer.mx\/rmi\/wp-content\/uploads\/sites\/3\/2014\/12\/MIGUEL-MART\u00cdNEZ-11.jpg 350w\" sizes=\"auto, (max-width: 200px) 100vw, 200px\" \/><\/a><\/div>\n<div class=\"text_exposed_root text_exposed\"><\/div>\n<div class=\"text_exposed_root text_exposed\"><\/div>\n<div class=\"text_exposed_root text_exposed\">\n<p><span class=\"text_exposed_show\">Cada vez que oigamos a cualquier mariachi tocando el Son de la Negra y nos emocionemos con la fuerza de la trompeta en sus primeros acordes, tengamos presente que esa versi\u00f3n sigue el modelo que Don Miguel le imprimi\u00f3 a una legendaria grabaci\u00f3n realizada en los a\u00f1os 40 y que dej\u00f3 honda huella en el sonido de la m\u00fasica mexicana. LE RECORDAMOS CON CARI\u00d1O Y UN ENORME RESPETO.<\/span><\/p>\n<p>&nbsp;<\/p>\n<\/div>\n<\/div>\n<p>&nbsp;<\/p>\n","protected":false},"excerpt":{"rendered":"<p>Comenz\u00f3 tocando una peque\u00f1a trompeta (un pist\u00f3n) en un mariachi callejero que, de vez en cuando, buscaba clientela en la Plaza Garibaldi. Ah\u00ed lo conoci\u00f3 Silvestre Vargas quien lo invit\u00f3 a hacer una prueba con su mariachi, cuando la XEW le exigi\u00f3 al Mariachi Vargas que incorporara una trompeta a su conjunto para darle m\u00e1s tiempo en la radio. Hizo la prueba, los productores de la radio lo aceptaron y ah\u00ed comenz\u00f3 una larga y emocionante historia, a el sonido de la trompeta de Don Miguel le debemos mucho m\u00e1s de lo que imaginamos. <\/p>\n<p>Leer m\u00e1s, clic en el t\u00edtulo.<\/p>\n","protected":false},"author":34,"featured_media":10541,"comment_status":"closed","ping_status":"closed","sticky":false,"template":"","format":"standard","meta":{"wp_popup_display_lightbox":0,"wp_popup_suppress":"","wp_popup_trigger":"","wp_popup_trigger_amount":0,"wp_popup_disable_on_mobile":false,"footnotes":""},"categories":[8,3],"tags":[],"class_list":["post-10540","post","type-post","status-publish","format-standard","has-post-thumbnail","hentry","category-destacados","category-radiomexicointernacional","category-8","category-3","description-off"],"_links":{"self":[{"href":"https:\/\/www.imer.mx\/rmi\/wp-json\/wp\/v2\/posts\/10540","targetHints":{"allow":["GET"]}}],"collection":[{"href":"https:\/\/www.imer.mx\/rmi\/wp-json\/wp\/v2\/posts"}],"about":[{"href":"https:\/\/www.imer.mx\/rmi\/wp-json\/wp\/v2\/types\/post"}],"author":[{"embeddable":true,"href":"https:\/\/www.imer.mx\/rmi\/wp-json\/wp\/v2\/users\/34"}],"replies":[{"embeddable":true,"href":"https:\/\/www.imer.mx\/rmi\/wp-json\/wp\/v2\/comments?post=10540"}],"version-history":[{"count":0,"href":"https:\/\/www.imer.mx\/rmi\/wp-json\/wp\/v2\/posts\/10540\/revisions"}],"wp:featuredmedia":[{"embeddable":true,"href":"https:\/\/www.imer.mx\/rmi\/wp-json\/wp\/v2\/media\/10541"}],"wp:attachment":[{"href":"https:\/\/www.imer.mx\/rmi\/wp-json\/wp\/v2\/media?parent=10540"}],"wp:term":[{"taxonomy":"category","embeddable":true,"href":"https:\/\/www.imer.mx\/rmi\/wp-json\/wp\/v2\/categories?post=10540"},{"taxonomy":"post_tag","embeddable":true,"href":"https:\/\/www.imer.mx\/rmi\/wp-json\/wp\/v2\/tags?post=10540"}],"curies":[{"name":"wp","href":"https:\/\/api.w.org\/{rel}","templated":true}]}}