{"id":10076,"date":"2014-10-21T10:10:16","date_gmt":"2014-10-21T15:10:16","guid":{"rendered":"http:\/\/www.imer.mx\/rmi\/?p=10076"},"modified":"2015-04-28T13:48:21","modified_gmt":"2015-04-28T18:48:21","slug":"xvi-encuentro-de-poetas-del-mundo-latino-en-la-ciudad-de-mexico-aguascalientes-y-san-luis-potosi","status":"publish","type":"post","link":"https:\/\/www.imer.mx\/rmi\/xvi-encuentro-de-poetas-del-mundo-latino-en-la-ciudad-de-mexico-aguascalientes-y-san-luis-potosi\/","title":{"rendered":"XVI ENCUENTRO DE POETAS DEL MUNDO LATINO EN LA CIUDAD DE M\u00c9XICO, AGUASCALIENTES Y SAN LUIS POTOS\u00cd\u2026"},"content":{"rendered":"<p><img loading=\"lazy\" decoding=\"async\" class=\"alignleft wp-image-10085 size-medium\" src=\"https:\/\/www.imer.mx\/rmi\/wp-content\/uploads\/sites\/3\/2014\/10\/IMG_9240-180x300.jpg\" alt=\"IMG_9240\" width=\"180\" height=\"300\" srcset=\"https:\/\/www.imer.mx\/rmi\/wp-content\/uploads\/sites\/3\/2014\/10\/IMG_9240-180x300.jpg 180w, https:\/\/www.imer.mx\/rmi\/wp-content\/uploads\/sites\/3\/2014\/10\/IMG_9240.jpg 424w\" sizes=\"auto, (max-width: 180px) 100vw, 180px\" \/>La poes\u00eda toma la palabra\u2026 y la toma en todos los sentidos: el figurado, el real, el metaf\u00f3rico, el com\u00fan, el riguroso, el sutil y hasta el sentido contrario. La poes\u00eda hace que la palabra cobre mayor fuerza y se vuelva un instrumento transformador, una fuente de nuevas energ\u00edas. Por eso la poes\u00eda es cada vez m\u00e1s indispensable, porque la poes\u00eda nos ayuda a vivir. En los pr\u00f3ximos d\u00edas la voz de la poes\u00eda se har\u00e1 presente en varios rincones de M\u00e9xico. Del 23 de octubre al 1\u00ba de noviembre, se llevar\u00e1 a cabo el <strong>XVI Encuentro de Poetas del Mundo Latino<\/strong> y en \u00e9l har\u00e1n sonar sus palabras, 30 poetas de diferentes partes del mundo. Este encuentro se desarrollar\u00e1 en la ciudad de M\u00e9xico, en Aguascalientes y en San Luis Potos\u00ed, y tiene la peculiaridad de convocar a los autores a partir de la afinidad latina de su lengua. En este caso el adjetivo \u201clatino\u201d no corresponde a la \u201clatinidad\u201d que abarca a los pueblos americanos de habla hispana o portuguesa, sino a aquella que incorpora a todos los pueblos que hablan una lengua \u201cromance\u201d, es decir, una lengua que tenga su origen en el lat\u00edn. <img loading=\"lazy\" decoding=\"async\" class=\"alignright wp-image-10087 size-medium\" src=\"https:\/\/www.imer.mx\/rmi\/wp-content\/uploads\/sites\/3\/2014\/10\/IMG_9239-193x300.jpg\" alt=\"IMG_9239\" width=\"193\" height=\"300\" srcset=\"https:\/\/www.imer.mx\/rmi\/wp-content\/uploads\/sites\/3\/2014\/10\/IMG_9239-193x300.jpg 193w, https:\/\/www.imer.mx\/rmi\/wp-content\/uploads\/sites\/3\/2014\/10\/IMG_9239.jpg 454w\" sizes=\"auto, (max-width: 193px) 100vw, 193px\" \/><\/p>\n<p>As\u00ed, el Encuentro de Poetas del Mundo Latino, es una coincidencia de sonoridades en la que la poes\u00eda encuentra una cadencia peculiar, nutrida de experiencias y mensajes que vienen de diversos rincones del planeta: Espa\u00f1a, Italia, Uruguay, Qu\u00e9bec, Colombia, Argentina, B\u00e9lgica, Ecuador, Costa Rica, Ruman\u00eda, Portugal, Honduras, Hait\u00ed, M\u00e9xico\u2026 El encuentro es promovido por el <strong>Seminario de Cultura Mexicana<\/strong>, en colaboraci\u00f3n con el Gobierno de Aguascalientes, la Coordinaci\u00f3n Nacional de Literatura del INBA y la Direcci\u00f3n de Literatura de la UNAM. Una parte muy importante de esta fiesta de la poes\u00eda, es el premio \u201cPoetas del Mundo Latino V\u00edctor Sandoval\u201d que, a\u00f1o con a\u00f1o, se entrega a dos autores, uno mexicano y uno extranjero.<\/p>\n<div id=\"attachment_10077\" style=\"width: 210px\" class=\"wp-caption alignleft\"><img loading=\"lazy\" decoding=\"async\" aria-describedby=\"caption-attachment-10077\" class=\"wp-image-10077 size-medium\" src=\"https:\/\/www.imer.mx\/rmi\/wp-content\/uploads\/sites\/3\/2014\/10\/Francisco-Hern\u00e1ndez-Foto-Sofi\u00b4a-Herna\u00b4ndez-Cortes\u00eda-del-autor-167-KB-200x300.jpg\" alt=\"Francisco Hern\u00e1ndez Foto Sofi\u00b4a Herna\u00b4ndez Cortes\u00eda del autor 167 KB\" width=\"200\" height=\"300\" srcset=\"https:\/\/www.imer.mx\/rmi\/wp-content\/uploads\/sites\/3\/2014\/10\/Francisco-Hern\u00e1ndez-Foto-Sofi\u00b4a-Herna\u00b4ndez-Cortes\u00eda-del-autor-167-KB-200x300.jpg 200w, https:\/\/www.imer.mx\/rmi\/wp-content\/uploads\/sites\/3\/2014\/10\/Francisco-Hern\u00e1ndez-Foto-Sofi\u00b4a-Herna\u00b4ndez-Cortes\u00eda-del-autor-167-KB.jpg 683w\" sizes=\"auto, (max-width: 200px) 100vw, 200px\" \/><p id=\"caption-attachment-10077\" class=\"wp-caption-text\">Francisco Hern\u00e1ndez<\/p><\/div>\n<p>Los poetas ganadores de las ediciones anteriores califican la entrega de este galard\u00f3n que en esta ocasi\u00f3n recay\u00f3 en el poeta veracruzano Francisco Hern\u00e1ndez, nacido en 1946, y ganador del Premio Nacional de Ciencias y Artes en Ling\u00fc\u00edstica y Literatura en 2012; y en el portugu\u00e9s Nuno J\u00fadice, quien naci\u00f3 en 1949 y que en 2013 recibi\u00f3 el Premio Reina Sof\u00eda de Poes\u00eda Iberoamericana.<\/p>\n<div id=\"attachment_10083\" style=\"width: 268px\" class=\"wp-caption alignright\"><img loading=\"lazy\" decoding=\"async\" aria-describedby=\"caption-attachment-10083\" class=\"wp-image-10083 size-medium\" src=\"https:\/\/www.imer.mx\/rmi\/wp-content\/uploads\/sites\/3\/2014\/10\/NUNO-J\u00daDICE-Foto-Cortes\u00eda-del-autor-258x300.jpg\" alt=\"NUNO J\u00daDICE Foto Cortes\u00eda del autor\" width=\"258\" height=\"300\" srcset=\"https:\/\/www.imer.mx\/rmi\/wp-content\/uploads\/sites\/3\/2014\/10\/NUNO-J\u00daDICE-Foto-Cortes\u00eda-del-autor-258x300.jpg 258w, https:\/\/www.imer.mx\/rmi\/wp-content\/uploads\/sites\/3\/2014\/10\/NUNO-J\u00daDICE-Foto-Cortes\u00eda-del-autor-880x1024.jpg 880w, https:\/\/www.imer.mx\/rmi\/wp-content\/uploads\/sites\/3\/2014\/10\/NUNO-J\u00daDICE-Foto-Cortes\u00eda-del-autor.jpg 1321w\" sizes=\"auto, (max-width: 258px) 100vw, 258px\" \/><p id=\"caption-attachment-10083\" class=\"wp-caption-text\">Nuno J\u00fadice<\/p><\/div>\n<p>Les invitamos a escuchar, en el audio que se encuentra bajo estas l\u00edneas, la entrevista que tuvimos, sobre el Festival y los autores premiados, con el Maestro Marco Antonio Campos, uno de los creadores de este Festival. En este audio se encuentran tambi\u00e9n dos poemas, uno de Francisco Hern\u00e1ndez y otro de Nuno J\u00fadice, en la voz de Sergio Alberto Bustos, compa\u00f1ero de Opus 94 del IMER y un gustoso interprete de los textos po\u00e9ticos. Le agradecemos especialmente su colaboraci\u00f3n.<\/p>\n<h3>Escucha el audio.<\/h3>\n<audio class=\"wp-audio-shortcode\" id=\"audio-10076-1\" preload=\"none\" style=\"width: 100%;\" controls=\"controls\"><source type=\"audio\/mpeg\" src=\"https:\/\/www.imer.mx\/rmi\/wp-content\/uploads\/sites\/3\/2014\/10\/festival_de_poesia_rmi_201014.mp3?_=1\" \/><a href=\"https:\/\/www.imer.mx\/rmi\/wp-content\/uploads\/sites\/3\/2014\/10\/festival_de_poesia_rmi_201014.mp3\">https:\/\/www.imer.mx\/rmi\/wp-content\/uploads\/sites\/3\/2014\/10\/festival_de_poesia_rmi_201014.mp3<\/a><\/audio>\n","protected":false},"excerpt":{"rendered":"<p>La poes\u00eda toma la palabra\u2026 y la toma en todos los sentidos: el figurado, el real, el metaf\u00f3rico, el com\u00fan, el riguroso, el sutil y hasta el sentido contrario. La poes\u00eda hace que la palabra cobre mayor fuerza y se vuelva un instrumento transformador, una fuente de nuevas energ\u00edas. Por eso la poes\u00eda es cada vez m\u00e1s indispensable, porque la poes\u00eda nos ayuda a vivir. En los pr\u00f3ximos d\u00edas la voz de la poes\u00eda se har\u00e1 presente en varios rincones de M\u00e9xico.<br \/>\nLeer m\u00e1s y escuchar, click en el t\u00edtulo.<\/p>\n","protected":false},"author":1,"featured_media":10093,"comment_status":"closed","ping_status":"closed","sticky":false,"template":"","format":"standard","meta":{"wp_popup_display_lightbox":0,"wp_popup_suppress":"","wp_popup_trigger":"","wp_popup_trigger_amount":0,"wp_popup_disable_on_mobile":false,"footnotes":""},"categories":[7,8,3],"tags":[],"class_list":["post-10076","post","type-post","status-publish","format-standard","has-post-thumbnail","hentry","category-coberturas","category-destacados","category-radiomexicointernacional","category-7","category-8","category-3","description-off"],"_links":{"self":[{"href":"https:\/\/www.imer.mx\/rmi\/wp-json\/wp\/v2\/posts\/10076","targetHints":{"allow":["GET"]}}],"collection":[{"href":"https:\/\/www.imer.mx\/rmi\/wp-json\/wp\/v2\/posts"}],"about":[{"href":"https:\/\/www.imer.mx\/rmi\/wp-json\/wp\/v2\/types\/post"}],"author":[{"embeddable":true,"href":"https:\/\/www.imer.mx\/rmi\/wp-json\/wp\/v2\/users\/1"}],"replies":[{"embeddable":true,"href":"https:\/\/www.imer.mx\/rmi\/wp-json\/wp\/v2\/comments?post=10076"}],"version-history":[{"count":0,"href":"https:\/\/www.imer.mx\/rmi\/wp-json\/wp\/v2\/posts\/10076\/revisions"}],"wp:featuredmedia":[{"embeddable":true,"href":"https:\/\/www.imer.mx\/rmi\/wp-json\/wp\/v2\/media\/10093"}],"wp:attachment":[{"href":"https:\/\/www.imer.mx\/rmi\/wp-json\/wp\/v2\/media?parent=10076"}],"wp:term":[{"taxonomy":"category","embeddable":true,"href":"https:\/\/www.imer.mx\/rmi\/wp-json\/wp\/v2\/categories?post=10076"},{"taxonomy":"post_tag","embeddable":true,"href":"https:\/\/www.imer.mx\/rmi\/wp-json\/wp\/v2\/tags?post=10076"}],"curies":[{"name":"wp","href":"https:\/\/api.w.org\/{rel}","templated":true}]}}