{"id":1938,"date":"2022-07-15T14:38:00","date_gmt":"2022-07-15T19:38:00","guid":{"rendered":"https:\/\/www.imer.mx\/radiolagarto\/?p=1938"},"modified":"2022-07-15T14:39:07","modified_gmt":"2022-07-15T19:39:07","slug":"de-chile-manteca-y-sal-alferez-y-naguares","status":"publish","type":"post","link":"https:\/\/www.imer.mx\/radiolagarto\/de-chile-manteca-y-sal-alferez-y-naguares\/","title":{"rendered":"De Chile, Manteca y Sal: Alf\u00e9rez y Naguar\u00e9s"},"content":{"rendered":"\n<figure class=\"wp-block-audio\"><audio controls src=\"https:\/\/www.imer.mx\/radiolagarto\/wp-content\/uploads\/sites\/28\/PROG-C-MATECA-Y-SAL-16-JULIO-BLOQUE-01.mp3\"><\/audio><\/figure>\n\n\n\n<figure class=\"wp-block-audio\"><audio controls src=\"https:\/\/www.imer.mx\/radiolagarto\/wp-content\/uploads\/sites\/28\/PROG-C-MATECA-Y-SAL-16-JULIO-BLOQUE-02.mp3\"><\/audio><\/figure>\n\n\n\n<div class=\"wp-block-media-text alignwide is-stacked-on-mobile\"><figure class=\"wp-block-media-text__media\"><img loading=\"lazy\" decoding=\"async\" width=\"1024\" height=\"1024\" src=\"https:\/\/www.imer.mx\/radiolagarto\/wp-content\/uploads\/sites\/28\/alferezynaguares-1024x1024.png\" alt=\"\" class=\"wp-image-1939 size-full\" srcset=\"https:\/\/www.imer.mx\/radiolagarto\/wp-content\/uploads\/sites\/28\/alferezynaguares-1024x1024.png 1024w, https:\/\/www.imer.mx\/radiolagarto\/wp-content\/uploads\/sites\/28\/alferezynaguares-300x300.png 300w, https:\/\/www.imer.mx\/radiolagarto\/wp-content\/uploads\/sites\/28\/alferezynaguares-150x150.png 150w, https:\/\/www.imer.mx\/radiolagarto\/wp-content\/uploads\/sites\/28\/alferezynaguares-768x768.png 768w, https:\/\/www.imer.mx\/radiolagarto\/wp-content\/uploads\/sites\/28\/alferezynaguares-560x560.png 560w, https:\/\/www.imer.mx\/radiolagarto\/wp-content\/uploads\/sites\/28\/alferezynaguares.png 1080w\" sizes=\"auto, (max-width: 1024px) 100vw, 1024px\" \/><\/figure><div class=\"wp-block-media-text__content\">\n<p>Nereo Nigenda nos lleva a conocer las tradiciones chiapacorce\u00f1as: la m\u00fasica, las enramas, las comidas, las danzas&#8230; Lo ancestral heredado desde lo familiar. De m\u00fasico de carrizo a investigador cultural, nos comparte su experiencia de vida. Con la especial invitaci\u00f3n a disfrutar sus libros: <\/p>\n\n\n\n<p><em>Parachicos, una tradici\u00f3n viva<\/em> <\/p>\n\n\n\n<p><em>Rostros pintados y Caras de palo, alf\u00e9rez y naguar\u00e9s<\/em>. <\/p>\n\n\n\n<p>Conduce: Maribel Cordero Mar\u00edn. <\/p>\n<\/div><\/div>\n","protected":false},"excerpt":{"rendered":"<p>Nereo Nigenda nos lleva a conocer las tradiciones chiapacorce\u00f1as: la m\u00fasica, las enramas, las comidas, las danzas&#8230; Lo ancestral heredado desde lo familiar. De m\u00fasico de carrizo a investigador cultural, nos comparte su experiencia de vida. Con la especial invitaci\u00f3n a disfrutar sus libros: Parachicos, una tradici\u00f3n viva Rostros pintados y Caras de palo, alf\u00e9rez&hellip;<\/p>\n","protected":false},"author":197,"featured_media":1939,"comment_status":"open","ping_status":"open","sticky":false,"template":"","format":"standard","meta":{"wp_popup_display_lightbox":0,"wp_popup_suppress":"","wp_popup_trigger":"","wp_popup_trigger_amount":0,"wp_popup_disable_on_mobile":false,"footnotes":""},"categories":[2],"tags":[],"class_list":["post-1938","post","type-post","status-publish","format-standard","has-post-thumbnail","hentry","category-destacados","category-2","description-off"],"_links":{"self":[{"href":"https:\/\/www.imer.mx\/radiolagarto\/wp-json\/wp\/v2\/posts\/1938","targetHints":{"allow":["GET"]}}],"collection":[{"href":"https:\/\/www.imer.mx\/radiolagarto\/wp-json\/wp\/v2\/posts"}],"about":[{"href":"https:\/\/www.imer.mx\/radiolagarto\/wp-json\/wp\/v2\/types\/post"}],"author":[{"embeddable":true,"href":"https:\/\/www.imer.mx\/radiolagarto\/wp-json\/wp\/v2\/users\/197"}],"replies":[{"embeddable":true,"href":"https:\/\/www.imer.mx\/radiolagarto\/wp-json\/wp\/v2\/comments?post=1938"}],"version-history":[{"count":0,"href":"https:\/\/www.imer.mx\/radiolagarto\/wp-json\/wp\/v2\/posts\/1938\/revisions"}],"wp:featuredmedia":[{"embeddable":true,"href":"https:\/\/www.imer.mx\/radiolagarto\/wp-json\/wp\/v2\/media\/1939"}],"wp:attachment":[{"href":"https:\/\/www.imer.mx\/radiolagarto\/wp-json\/wp\/v2\/media?parent=1938"}],"wp:term":[{"taxonomy":"category","embeddable":true,"href":"https:\/\/www.imer.mx\/radiolagarto\/wp-json\/wp\/v2\/categories?post=1938"},{"taxonomy":"post_tag","embeddable":true,"href":"https:\/\/www.imer.mx\/radiolagarto\/wp-json\/wp\/v2\/tags?post=1938"}],"curies":[{"name":"wp","href":"https:\/\/api.w.org\/{rel}","templated":true}]}}