{"id":1931,"date":"2022-07-12T11:00:00","date_gmt":"2022-07-12T16:00:00","guid":{"rendered":"https:\/\/www.imer.mx\/radiolagarto\/?p=1931"},"modified":"2022-07-12T14:55:58","modified_gmt":"2022-07-12T19:55:58","slug":"oficios-que-dan-vida","status":"publish","type":"post","link":"https:\/\/www.imer.mx\/radiolagarto\/oficios-que-dan-vida\/","title":{"rendered":"Oficios que dan vida"},"content":{"rendered":"\n<figure class=\"wp-block-audio\"><audio controls src=\"https:\/\/www.imer.mx\/radiolagarto\/wp-content\/uploads\/sites\/28\/OFICIOS-QUE-DAN...-06-ESPERANZA-DIAZ.mp3\"><\/audio><\/figure>\n\n\n\n<div class=\"wp-block-media-text alignwide is-stacked-on-mobile\"><figure class=\"wp-block-media-text__media\"><img loading=\"lazy\" decoding=\"async\" width=\"300\" height=\"300\" src=\"https:\/\/www.imer.mx\/radiolagarto\/wp-content\/uploads\/sites\/28\/oficiosquedanvida-esperanza-300x300.jpg\" alt=\"\" class=\"wp-image-1932 size-medium\" srcset=\"https:\/\/www.imer.mx\/radiolagarto\/wp-content\/uploads\/sites\/28\/oficiosquedanvida-esperanza-300x300.jpg 300w, https:\/\/www.imer.mx\/radiolagarto\/wp-content\/uploads\/sites\/28\/oficiosquedanvida-esperanza-1024x1024.jpg 1024w, https:\/\/www.imer.mx\/radiolagarto\/wp-content\/uploads\/sites\/28\/oficiosquedanvida-esperanza-150x150.jpg 150w, https:\/\/www.imer.mx\/radiolagarto\/wp-content\/uploads\/sites\/28\/oficiosquedanvida-esperanza-768x768.jpg 768w, https:\/\/www.imer.mx\/radiolagarto\/wp-content\/uploads\/sites\/28\/oficiosquedanvida-esperanza-560x560.jpg 560w, https:\/\/www.imer.mx\/radiolagarto\/wp-content\/uploads\/sites\/28\/oficiosquedanvida-esperanza.jpg 1080w\" sizes=\"auto, (max-width: 300px) 100vw, 300px\" \/><\/figure><div class=\"wp-block-media-text__content\">\n<blockquote class=\"wp-block-quote is-layout-flow wp-block-quote-is-layout-flow\"><p><strong>&#8220;Artesana me considero desde el momento en el que aprend\u00ed la laca y el bordado&#8221;.<\/strong><\/p><\/blockquote>\n\n\n\n<p><strong>Esperanza D\u00edaz Hern\u00e1ndez<\/strong>, Originaria del barrio Santa Elena, en Chiapa de Corzo. Orgullosa de su arte, ha obtenido reconocimientos por su trabajo. Aprendi\u00f3 el decorado en laca con la maestra Rosalba Cameras Balbuena. Actualmente hace bordados en m\u00e1quina de pedal. Su  obra m\u00e1s reciente: un vestido de quincea\u00f1os. <\/p>\n<\/div><\/div>\n","protected":false},"excerpt":{"rendered":"<p>&#8220;Artesana me considero desde el momento en el que aprend\u00ed la laca y el bordado&#8221;. Esperanza D\u00edaz Hern\u00e1ndez, Originaria del barrio Santa Elena, en Chiapa de Corzo. Orgullosa de su arte, ha obtenido reconocimientos por su trabajo. Aprendi\u00f3 el decorado en laca con la maestra Rosalba Cameras Balbuena. Actualmente hace bordados en m\u00e1quina de pedal.&hellip;<\/p>\n","protected":false},"author":197,"featured_media":1932,"comment_status":"open","ping_status":"open","sticky":false,"template":"","format":"standard","meta":{"wp_popup_display_lightbox":0,"wp_popup_suppress":"","wp_popup_trigger":"","wp_popup_trigger_amount":0,"wp_popup_disable_on_mobile":false,"footnotes":""},"categories":[3],"tags":[],"class_list":["post-1931","post","type-post","status-publish","format-standard","has-post-thumbnail","hentry","category-especiales","category-3","description-off"],"_links":{"self":[{"href":"https:\/\/www.imer.mx\/radiolagarto\/wp-json\/wp\/v2\/posts\/1931","targetHints":{"allow":["GET"]}}],"collection":[{"href":"https:\/\/www.imer.mx\/radiolagarto\/wp-json\/wp\/v2\/posts"}],"about":[{"href":"https:\/\/www.imer.mx\/radiolagarto\/wp-json\/wp\/v2\/types\/post"}],"author":[{"embeddable":true,"href":"https:\/\/www.imer.mx\/radiolagarto\/wp-json\/wp\/v2\/users\/197"}],"replies":[{"embeddable":true,"href":"https:\/\/www.imer.mx\/radiolagarto\/wp-json\/wp\/v2\/comments?post=1931"}],"version-history":[{"count":0,"href":"https:\/\/www.imer.mx\/radiolagarto\/wp-json\/wp\/v2\/posts\/1931\/revisions"}],"wp:featuredmedia":[{"embeddable":true,"href":"https:\/\/www.imer.mx\/radiolagarto\/wp-json\/wp\/v2\/media\/1932"}],"wp:attachment":[{"href":"https:\/\/www.imer.mx\/radiolagarto\/wp-json\/wp\/v2\/media?parent=1931"}],"wp:term":[{"taxonomy":"category","embeddable":true,"href":"https:\/\/www.imer.mx\/radiolagarto\/wp-json\/wp\/v2\/categories?post=1931"},{"taxonomy":"post_tag","embeddable":true,"href":"https:\/\/www.imer.mx\/radiolagarto\/wp-json\/wp\/v2\/tags?post=1931"}],"curies":[{"name":"wp","href":"https:\/\/api.w.org\/{rel}","templated":true}]}}