{"id":1909,"date":"2022-06-25T12:47:01","date_gmt":"2022-06-25T17:47:01","guid":{"rendered":"https:\/\/www.imer.mx\/radiolagarto\/?p=1909"},"modified":"2022-06-25T12:50:51","modified_gmt":"2022-06-25T17:50:51","slug":"coro-lgbttiq-en-de-chile-manteca-y-sal","status":"publish","type":"post","link":"https:\/\/www.imer.mx\/radiolagarto\/coro-lgbttiq-en-de-chile-manteca-y-sal\/","title":{"rendered":"De Chile, Manteca y Sal: Coro LGBTTIQ+"},"content":{"rendered":"\n<figure class=\"wp-block-audio\"><audio controls src=\"https:\/\/www.imer.mx\/radiolagarto\/wp-content\/uploads\/sites\/28\/PROG-C-MANTECA-Y-SAL-25-JUNIO-BLOQUE-01-1.mp3\"><\/audio><\/figure>\n\n\n\n<figure class=\"wp-block-audio\"><audio controls src=\"https:\/\/www.imer.mx\/radiolagarto\/wp-content\/uploads\/sites\/28\/PROG-C-MANTECA-Y-SAL-25-JUNIO-BLOQUE-02-1.mp3\"><\/audio><\/figure>\n\n\n\n<div class=\"wp-block-media-text alignwide is-stacked-on-mobile\"><figure class=\"wp-block-media-text__media\"><img loading=\"lazy\" decoding=\"async\" width=\"1024\" height=\"1024\" src=\"https:\/\/www.imer.mx\/radiolagarto\/wp-content\/uploads\/sites\/28\/coro-lgbttiq-1-1024x1024.png\" alt=\"\" class=\"wp-image-1911 size-full\" srcset=\"https:\/\/www.imer.mx\/radiolagarto\/wp-content\/uploads\/sites\/28\/coro-lgbttiq-1-1024x1024.png 1024w, https:\/\/www.imer.mx\/radiolagarto\/wp-content\/uploads\/sites\/28\/coro-lgbttiq-1-300x300.png 300w, https:\/\/www.imer.mx\/radiolagarto\/wp-content\/uploads\/sites\/28\/coro-lgbttiq-1-150x150.png 150w, https:\/\/www.imer.mx\/radiolagarto\/wp-content\/uploads\/sites\/28\/coro-lgbttiq-1-768x768.png 768w, https:\/\/www.imer.mx\/radiolagarto\/wp-content\/uploads\/sites\/28\/coro-lgbttiq-1-560x560.png 560w, https:\/\/www.imer.mx\/radiolagarto\/wp-content\/uploads\/sites\/28\/coro-lgbttiq-1.png 1080w\" sizes=\"auto, (max-width: 1024px) 100vw, 1024px\" \/><\/figure><div class=\"wp-block-media-text__content\">\n<p>Oscar Herrera, director del Coro LGBTTIQ+ platica la historia y los sue\u00f1os de m\u00fasicos- activistas, defensores  de derechos humanos, en Chiapas. Desde la lucha por espacios de participaci\u00f3n respetuosa, a las an\u00e9cdotas de presentarse en escenarios que antes fueron s\u00edmbolos de poder.  <\/p>\n\n\n\n<p>Con la invitaci\u00f3n a &#8220;celebrar juntos el orgullo con m\u00fasica, alegr\u00eda y todos nuestros colores&#8221;. Conoce la agenda art\u00edstica de este grupo.<\/p>\n\n\n\n<p>Conduce: Maribel Cordero Mar\u00edn.<\/p>\n\n\n\n<p>Producci\u00f3n: Enrique Romero Hern\u00e1ndez.<\/p>\n\n\n\n<p><\/p>\n<\/div><\/div>\n","protected":false},"excerpt":{"rendered":"<p>Oscar Herrera, director del Coro LGBTTIQ+ platica la historia y los sue\u00f1os de m\u00fasicos- activistas, defensores de derechos humanos, en Chiapas. Desde la lucha por espacios de participaci\u00f3n respetuosa, a las an\u00e9cdotas de presentarse en escenarios que antes fueron s\u00edmbolos de poder. Con la invitaci\u00f3n a &#8220;celebrar juntos el orgullo con m\u00fasica, alegr\u00eda y todos&hellip;<\/p>\n","protected":false},"author":197,"featured_media":1911,"comment_status":"open","ping_status":"open","sticky":false,"template":"","format":"standard","meta":{"wp_popup_display_lightbox":0,"wp_popup_suppress":"","wp_popup_trigger":"","wp_popup_trigger_amount":0,"wp_popup_disable_on_mobile":false,"footnotes":""},"categories":[2],"tags":[],"class_list":["post-1909","post","type-post","status-publish","format-standard","has-post-thumbnail","hentry","category-destacados","category-2","description-off"],"_links":{"self":[{"href":"https:\/\/www.imer.mx\/radiolagarto\/wp-json\/wp\/v2\/posts\/1909","targetHints":{"allow":["GET"]}}],"collection":[{"href":"https:\/\/www.imer.mx\/radiolagarto\/wp-json\/wp\/v2\/posts"}],"about":[{"href":"https:\/\/www.imer.mx\/radiolagarto\/wp-json\/wp\/v2\/types\/post"}],"author":[{"embeddable":true,"href":"https:\/\/www.imer.mx\/radiolagarto\/wp-json\/wp\/v2\/users\/197"}],"replies":[{"embeddable":true,"href":"https:\/\/www.imer.mx\/radiolagarto\/wp-json\/wp\/v2\/comments?post=1909"}],"version-history":[{"count":0,"href":"https:\/\/www.imer.mx\/radiolagarto\/wp-json\/wp\/v2\/posts\/1909\/revisions"}],"wp:featuredmedia":[{"embeddable":true,"href":"https:\/\/www.imer.mx\/radiolagarto\/wp-json\/wp\/v2\/media\/1911"}],"wp:attachment":[{"href":"https:\/\/www.imer.mx\/radiolagarto\/wp-json\/wp\/v2\/media?parent=1909"}],"wp:term":[{"taxonomy":"category","embeddable":true,"href":"https:\/\/www.imer.mx\/radiolagarto\/wp-json\/wp\/v2\/categories?post=1909"},{"taxonomy":"post_tag","embeddable":true,"href":"https:\/\/www.imer.mx\/radiolagarto\/wp-json\/wp\/v2\/tags?post=1909"}],"curies":[{"name":"wp","href":"https:\/\/api.w.org\/{rel}","templated":true}]}}