{"id":1895,"date":"2022-06-23T18:24:50","date_gmt":"2022-06-23T23:24:50","guid":{"rendered":"https:\/\/www.imer.mx\/radiolagarto\/?p=1895"},"modified":"2022-06-23T19:01:20","modified_gmt":"2022-06-24T00:01:20","slug":"a-mecapale-sirenas","status":"publish","type":"post","link":"https:\/\/www.imer.mx\/radiolagarto\/a-mecapale-sirenas\/","title":{"rendered":"A MECAPALE: SIRENAS"},"content":{"rendered":"\n<p><\/p>\n\n\n\n<figure class=\"wp-block-audio\"><audio controls src=\"https:\/\/www.imer.mx\/radiolagarto\/wp-content\/uploads\/sites\/28\/A-Mecapale-01-Sirena.mp3\"><\/audio><\/figure>\n\n\n\n<div class=\"wp-block-media-text alignwide is-stacked-on-mobile\"><figure class=\"wp-block-media-text__media\"><img loading=\"lazy\" decoding=\"async\" width=\"1024\" height=\"1024\" src=\"https:\/\/www.imer.mx\/radiolagarto\/wp-content\/uploads\/sites\/28\/SIRENAS-1-1024x1024.png\" alt=\"\" class=\"wp-image-1899 size-full\" srcset=\"https:\/\/www.imer.mx\/radiolagarto\/wp-content\/uploads\/sites\/28\/SIRENAS-1-1024x1024.png 1024w, https:\/\/www.imer.mx\/radiolagarto\/wp-content\/uploads\/sites\/28\/SIRENAS-1-300x300.png 300w, https:\/\/www.imer.mx\/radiolagarto\/wp-content\/uploads\/sites\/28\/SIRENAS-1-150x150.png 150w, https:\/\/www.imer.mx\/radiolagarto\/wp-content\/uploads\/sites\/28\/SIRENAS-1-768x768.png 768w, https:\/\/www.imer.mx\/radiolagarto\/wp-content\/uploads\/sites\/28\/SIRENAS-1-560x560.png 560w, https:\/\/www.imer.mx\/radiolagarto\/wp-content\/uploads\/sites\/28\/SIRENAS-1.png 1080w\" sizes=\"auto, (max-width: 1024px) 100vw, 1024px\" \/><\/figure><div class=\"wp-block-media-text__content\">\n<p><\/p>\n\n\n\n<p>&#8220;<em>Cada noche me impulsa la tarima para llevar mi canto de sirena<\/em><\/p>\n\n\n\n<p><em>La Mar ya me ha elegido, mi cantar florece en luna llena\u2026<\/em>&#8220;<\/p>\n\n\n\n<p><\/p>\n\n\n\n<p>Las Sirenas, mujeres m\u00edticas de voz poderosa, con su canto desaf\u00edan a los hombres para defender su cuerpo-territorio: el mar.<\/p>\n\n\n\n<p>En la narrativa com\u00fan se les presenta como poseedoras de la magia de la m\u00fasica para hechizar a quien las escuche. \u00bfNo has so\u00f1ado t\u00fa con una hermosa mujer que te enamora con palabras r\u00edtmicas al o\u00eddo?<\/p>\n\n\n\n<p>A ellas, las sirenas, est\u00e1 dedicado este programa, met\u00e1fora de nosotras las que tenemos voz\u2026 que no callen su canto las sirenas.<\/p>\n\n\n\n<p>M\u00fasica:<\/p>\n\n\n\n<p>El Son de la Sirena, La Mulata, Ya no me cantes Sirena. (Incienso Mulato)<\/p>\n\n\n\n<p>Tonada de Mar. (Natalia Cruz)<\/p>\n\n\n\n<p>La Petenera. (Ca\u00f1a Dulce, Ca\u00f1a Brava)<\/p>\n\n\n\n<p>Audios: <\/p>\n\n\n\n<p>Pirata, Daniela Mel\u00e9ndez.<\/p>\n\n\n\n<p>Bordadora de cantos: Flora de Chazal.<\/p>\n\n\n\n<p>Conducci\u00f3n: Azalia Hern\u00e1ndez Rodr\u00edguez.<\/p>\n\n\n\n<p>Producci\u00f3n: Jorge Ovando Murillo \/ Azalia Hern\u00e1ndez Rodr\u00edguez<\/p>\n\n\n\n<p>Grabaci\u00f3n y asistencia t\u00e9cnica: Jacob Murillo Nangus\u00e9.<\/p>\n\n\n\n<p>Escucha: <\/p>\n\n\n\n<figure class=\"wp-block-embed is-type-rich is-provider-soundcloud wp-block-embed-soundcloud\"><div class=\"wp-block-embed__wrapper\">\n<iframe loading=\"lazy\" title=\"A mecapale Sirenas by Radio Lagarto\" width=\"1200\" height=\"400\" scrolling=\"no\" frameborder=\"no\" src=\"https:\/\/w.soundcloud.com\/player\/?visual=true&#038;url=https%3A%2F%2Fapi.soundcloud.com%2Ftracks%2F1293301273&#038;show_artwork=true&#038;maxheight=1000&#038;maxwidth=1200\"><\/iframe>\n<\/div><\/figure>\n<\/div><\/div>\n","protected":false},"excerpt":{"rendered":"<p>&#8220;Cada noche me impulsa la tarima para llevar mi canto de sirena La Mar ya me ha elegido, mi cantar florece en luna llena\u2026&#8221; Las Sirenas, mujeres m\u00edticas de voz poderosa, con su canto desaf\u00edan a los hombres para defender su cuerpo-territorio: el mar. En la narrativa com\u00fan se les presenta como poseedoras de la&hellip;<\/p>\n","protected":false},"author":197,"featured_media":1899,"comment_status":"open","ping_status":"open","sticky":true,"template":"template-microsite.php","format":"standard","meta":{"wp_popup_display_lightbox":0,"wp_popup_suppress":"","wp_popup_trigger":"","wp_popup_trigger_amount":0,"wp_popup_disable_on_mobile":false,"footnotes":""},"categories":[32,2,5],"tags":[],"class_list":["post-1895","post","type-post","status-publish","format-standard","has-post-thumbnail","hentry","category-a-mecapale","category-destacados","category-programa","category-32","category-2","category-5","description-off"],"_links":{"self":[{"href":"https:\/\/www.imer.mx\/radiolagarto\/wp-json\/wp\/v2\/posts\/1895","targetHints":{"allow":["GET"]}}],"collection":[{"href":"https:\/\/www.imer.mx\/radiolagarto\/wp-json\/wp\/v2\/posts"}],"about":[{"href":"https:\/\/www.imer.mx\/radiolagarto\/wp-json\/wp\/v2\/types\/post"}],"author":[{"embeddable":true,"href":"https:\/\/www.imer.mx\/radiolagarto\/wp-json\/wp\/v2\/users\/197"}],"replies":[{"embeddable":true,"href":"https:\/\/www.imer.mx\/radiolagarto\/wp-json\/wp\/v2\/comments?post=1895"}],"version-history":[{"count":0,"href":"https:\/\/www.imer.mx\/radiolagarto\/wp-json\/wp\/v2\/posts\/1895\/revisions"}],"wp:featuredmedia":[{"embeddable":true,"href":"https:\/\/www.imer.mx\/radiolagarto\/wp-json\/wp\/v2\/media\/1899"}],"wp:attachment":[{"href":"https:\/\/www.imer.mx\/radiolagarto\/wp-json\/wp\/v2\/media?parent=1895"}],"wp:term":[{"taxonomy":"category","embeddable":true,"href":"https:\/\/www.imer.mx\/radiolagarto\/wp-json\/wp\/v2\/categories?post=1895"},{"taxonomy":"post_tag","embeddable":true,"href":"https:\/\/www.imer.mx\/radiolagarto\/wp-json\/wp\/v2\/tags?post=1895"}],"curies":[{"name":"wp","href":"https:\/\/api.w.org\/{rel}","templated":true}]}}