{"id":1086,"date":"2019-02-15T08:00:32","date_gmt":"2019-02-15T14:00:32","guid":{"rendered":"https:\/\/www.imer.mx\/radiolagarto\/?p=1086"},"modified":"2019-02-15T11:43:15","modified_gmt":"2019-02-15T17:43:15","slug":"19-de-febrero-dia-del-ejercito-y-fuerza-aerea","status":"publish","type":"post","link":"https:\/\/www.imer.mx\/radiolagarto\/19-de-febrero-dia-del-ejercito-y-fuerza-aerea\/","title":{"rendered":"19 de febrero: D\u00eda del ej\u00e9rcito y fuerza a\u00e9rea"},"content":{"rendered":"\n<p>El 19 de febrero de 1913, despu\u00e9s de ser asesinado&nbsp; Francisco I. Madero, Venustiano Carranza quien encabez\u00f3 la&nbsp;Revoluci\u00f3n Mexicana, present\u00f3 el&nbsp;plan de Guadalupe&nbsp;en el que se fij\u00f3 por decreto la creaci\u00f3n del Ej\u00e9rcito Constitucionalista, para a\u00f1os m\u00e1s tarde surgir el actualmente conocido ej\u00e9rcito de M\u00e9xico.<\/p>\n\n\n\n<p>El 27 de abril de 1932 se se\u00f1ala como el d\u00eda del soldado de M\u00e9xico, se escoge esa fecha para recordar el hero\u00edsmo de Dami\u00e1n Carmona, militar que se encontraba de guardia en Quer\u00e9taro el 27 de abril de 1867, durante la invasi\u00f3n Francesa<\/p>\n\n\n\n<p>&nbsp;Por Decreto Presidencial del d\u00eda 22 de marzo de 1950 se establece el 19 de febrero como el d\u00eda nacional del Ej\u00e9rcito de M\u00e9xico, con el fin de conmemorar la creaci\u00f3n del Instituto Armado.<\/p>\n\n\n\n<p>Actualmente, el Ej\u00e9rcito Mexicano es la instituci\u00f3n que est\u00e1 conformada por las fuerzas militares, tanto terrestres como a\u00e9reas que est\u00e1n encargadas de salvaguardar la soberan\u00eda del Estado y la paz del pa\u00eds, a partir del a\u00f1o de 1969 el Ej\u00e9rcito sum\u00f3 a sus responsabilidades en los auxilio de la poblaci\u00f3n civil en caso de desastres naturales.&nbsp;<\/p>\n\n\n\n<p>Hoy en la actualidad el Ej\u00e9rcito Nacional Mexicano se caracteriza por una lealtad, inquebrantable a las instituciones y al gobierno nacional, basada en su nacionalismo e Institucionalismo.<\/p>\n","protected":false},"excerpt":{"rendered":"<p>El 19 de febrero de 1913, despu\u00e9s de ser asesinado&nbsp; Francisco I. Madero, Venustiano Carranza quien encabez\u00f3 la&nbsp;Revoluci\u00f3n Mexicana, present\u00f3 el&nbsp;plan de Guadalupe&nbsp;en el que se fij\u00f3 por decreto la creaci\u00f3n del Ej\u00e9rcito Constitucionalista, para a\u00f1os m\u00e1s tarde surgir el actualmente conocido ej\u00e9rcito de M\u00e9xico. El 27 de abril de 1932 se se\u00f1ala como el&hellip;<\/p>\n","protected":false},"author":1,"featured_media":1089,"comment_status":"open","ping_status":"open","sticky":false,"template":"","format":"standard","meta":{"wp_popup_display_lightbox":0,"wp_popup_suppress":"","wp_popup_trigger":"","wp_popup_trigger_amount":0,"wp_popup_disable_on_mobile":false,"footnotes":""},"categories":[2],"tags":[],"class_list":["post-1086","post","type-post","status-publish","format-standard","has-post-thumbnail","hentry","category-destacados","category-2","description-off"],"_links":{"self":[{"href":"https:\/\/www.imer.mx\/radiolagarto\/wp-json\/wp\/v2\/posts\/1086","targetHints":{"allow":["GET"]}}],"collection":[{"href":"https:\/\/www.imer.mx\/radiolagarto\/wp-json\/wp\/v2\/posts"}],"about":[{"href":"https:\/\/www.imer.mx\/radiolagarto\/wp-json\/wp\/v2\/types\/post"}],"author":[{"embeddable":true,"href":"https:\/\/www.imer.mx\/radiolagarto\/wp-json\/wp\/v2\/users\/1"}],"replies":[{"embeddable":true,"href":"https:\/\/www.imer.mx\/radiolagarto\/wp-json\/wp\/v2\/comments?post=1086"}],"version-history":[{"count":0,"href":"https:\/\/www.imer.mx\/radiolagarto\/wp-json\/wp\/v2\/posts\/1086\/revisions"}],"wp:featuredmedia":[{"embeddable":true,"href":"https:\/\/www.imer.mx\/radiolagarto\/wp-json\/wp\/v2\/media\/1089"}],"wp:attachment":[{"href":"https:\/\/www.imer.mx\/radiolagarto\/wp-json\/wp\/v2\/media?parent=1086"}],"wp:term":[{"taxonomy":"category","embeddable":true,"href":"https:\/\/www.imer.mx\/radiolagarto\/wp-json\/wp\/v2\/categories?post=1086"},{"taxonomy":"post_tag","embeddable":true,"href":"https:\/\/www.imer.mx\/radiolagarto\/wp-json\/wp\/v2\/tags?post=1086"}],"curies":[{"name":"wp","href":"https:\/\/api.w.org\/{rel}","templated":true}]}}