{"id":4767,"date":"2026-08-30T10:22:09","date_gmt":"2026-08-30T16:22:09","guid":{"rendered":"https:\/\/www.imer.mx\/radioimer\/?p=4767"},"modified":"2026-08-28T15:25:45","modified_gmt":"2026-08-28T21:25:45","slug":"30-de-agosto","status":"publish","type":"post","link":"https:\/\/www.imer.mx\/radioimer\/30-de-agosto\/","title":{"rendered":"30 de agosto"},"content":{"rendered":"<div class=\"xdj266r x14z9mp xat24cr x1lziwak x1vvkbs x126k92a\">\n<div dir=\"auto\">D\u00eda Internacional de las V\u00edctimas de Desapariciones Forzadas<\/div>\n<\/div>\n<p><!--more--><\/p>\n<div class=\"x14z9mp xat24cr x1lziwak x1vvkbs xtlvy1s x126k92a\">\n<div dir=\"auto\">Recordamos a quienes han desaparecido y acompa\u00f1amos a sus familias en la b\u00fasqueda de verdad, justicia y reparaci\u00f3n.<\/div>\n<\/div>\n<p><!--more-->Escucha aqu\u00ed. \ud83d\udc47<\/p>\n<audio class=\"wp-audio-shortcode\" id=\"audio-4767-1\" preload=\"none\" style=\"width: 100%;\" controls=\"controls\"><source type=\"audio\/mpeg\" src=\"https:\/\/www.imer.mx\/radioimer\/wp-content\/uploads\/sites\/25\/30-AGOSTO.mp3?_=1\" \/><a href=\"https:\/\/www.imer.mx\/radioimer\/wp-content\/uploads\/sites\/25\/30-AGOSTO.mp3\">https:\/\/www.imer.mx\/radioimer\/wp-content\/uploads\/sites\/25\/30-AGOSTO.mp3<\/a><\/audio>\n","protected":false},"excerpt":{"rendered":"<p>D\u00eda Internacional de las V\u00edctimas de Desapariciones Forzadas<\/p>\n","protected":false},"author":42,"featured_media":4769,"comment_status":"open","ping_status":"open","sticky":false,"template":"","format":"standard","meta":{"wp_popup_display_lightbox":0,"wp_popup_suppress":"","wp_popup_trigger":"","wp_popup_trigger_amount":0,"wp_popup_disable_on_mobile":false,"footnotes":""},"categories":[2],"tags":[],"class_list":["post-4767","post","type-post","status-publish","format-standard","has-post-thumbnail","hentry","category-destacados","category-2","description-off"],"_links":{"self":[{"href":"https:\/\/www.imer.mx\/radioimer\/wp-json\/wp\/v2\/posts\/4767","targetHints":{"allow":["GET"]}}],"collection":[{"href":"https:\/\/www.imer.mx\/radioimer\/wp-json\/wp\/v2\/posts"}],"about":[{"href":"https:\/\/www.imer.mx\/radioimer\/wp-json\/wp\/v2\/types\/post"}],"author":[{"embeddable":true,"href":"https:\/\/www.imer.mx\/radioimer\/wp-json\/wp\/v2\/users\/42"}],"replies":[{"embeddable":true,"href":"https:\/\/www.imer.mx\/radioimer\/wp-json\/wp\/v2\/comments?post=4767"}],"version-history":[{"count":2,"href":"https:\/\/www.imer.mx\/radioimer\/wp-json\/wp\/v2\/posts\/4767\/revisions"}],"predecessor-version":[{"id":4771,"href":"https:\/\/www.imer.mx\/radioimer\/wp-json\/wp\/v2\/posts\/4767\/revisions\/4771"}],"wp:featuredmedia":[{"embeddable":true,"href":"https:\/\/www.imer.mx\/radioimer\/wp-json\/wp\/v2\/media\/4769"}],"wp:attachment":[{"href":"https:\/\/www.imer.mx\/radioimer\/wp-json\/wp\/v2\/media?parent=4767"}],"wp:term":[{"taxonomy":"category","embeddable":true,"href":"https:\/\/www.imer.mx\/radioimer\/wp-json\/wp\/v2\/categories?post=4767"},{"taxonomy":"post_tag","embeddable":true,"href":"https:\/\/www.imer.mx\/radioimer\/wp-json\/wp\/v2\/tags?post=4767"}],"curies":[{"name":"wp","href":"https:\/\/api.w.org\/{rel}","templated":true}]}}