{"id":3924,"date":"2025-09-27T11:29:33","date_gmt":"2025-09-27T17:29:33","guid":{"rendered":"https:\/\/www.imer.mx\/radioimer\/?p=3924"},"modified":"2025-10-09T11:29:56","modified_gmt":"2025-10-09T17:29:56","slug":"27-septiembre","status":"publish","type":"post","link":"https:\/\/www.imer.mx\/radioimer\/27-septiembre\/","title":{"rendered":"27 SEPTIEMBRE"},"content":{"rendered":"<p>D\u00eda mundial del Turismo.<!--more--><\/p>\n<p>Cada 27 de septiembre se celebra el D\u00eda Mundial del Turismo, proclamado por la Organizaci\u00f3n Mundial del Turismo (OMT) para reconocer la importancia de esta actividad como motor de desarrollo econ\u00f3mico, cultural y social en todo el mundo.<\/p>\n<p>El turismo fomenta el intercambio cultural, la conservaci\u00f3n del patrimonio, la creaci\u00f3n de empleos y la promoci\u00f3n de la sostenibilidad ambiental, al tiempo que conecta personas y comunidades de diferentes pa\u00edses.<\/p>\n<p>Escucha aqu\u00ed:<\/p>\n<audio class=\"wp-audio-shortcode\" id=\"audio-3924-1\" preload=\"none\" style=\"width: 100%;\" controls=\"controls\"><source type=\"audio\/mpeg\" src=\"https:\/\/www.imer.mx\/radioimer\/wp-content\/uploads\/sites\/25\/EFEMERIDE-27-SEPTIEMBRE.mp3?_=1\" \/><a href=\"https:\/\/www.imer.mx\/radioimer\/wp-content\/uploads\/sites\/25\/EFEMERIDE-27-SEPTIEMBRE.mp3\">https:\/\/www.imer.mx\/radioimer\/wp-content\/uploads\/sites\/25\/EFEMERIDE-27-SEPTIEMBRE.mp3<\/a><\/audio>\n","protected":false},"excerpt":{"rendered":"<p>D\u00eda mundial del Turismo.<\/p>\n","protected":false},"author":42,"featured_media":3883,"comment_status":"open","ping_status":"open","sticky":false,"template":"","format":"standard","meta":{"wp_popup_display_lightbox":0,"wp_popup_suppress":"","wp_popup_trigger":"","wp_popup_trigger_amount":0,"wp_popup_disable_on_mobile":false,"footnotes":""},"categories":[2],"tags":[],"class_list":["post-3924","post","type-post","status-publish","format-standard","has-post-thumbnail","hentry","category-destacados","category-2","description-off"],"_links":{"self":[{"href":"https:\/\/www.imer.mx\/radioimer\/wp-json\/wp\/v2\/posts\/3924","targetHints":{"allow":["GET"]}}],"collection":[{"href":"https:\/\/www.imer.mx\/radioimer\/wp-json\/wp\/v2\/posts"}],"about":[{"href":"https:\/\/www.imer.mx\/radioimer\/wp-json\/wp\/v2\/types\/post"}],"author":[{"embeddable":true,"href":"https:\/\/www.imer.mx\/radioimer\/wp-json\/wp\/v2\/users\/42"}],"replies":[{"embeddable":true,"href":"https:\/\/www.imer.mx\/radioimer\/wp-json\/wp\/v2\/comments?post=3924"}],"version-history":[{"count":1,"href":"https:\/\/www.imer.mx\/radioimer\/wp-json\/wp\/v2\/posts\/3924\/revisions"}],"predecessor-version":[{"id":3925,"href":"https:\/\/www.imer.mx\/radioimer\/wp-json\/wp\/v2\/posts\/3924\/revisions\/3925"}],"wp:featuredmedia":[{"embeddable":true,"href":"https:\/\/www.imer.mx\/radioimer\/wp-json\/wp\/v2\/media\/3883"}],"wp:attachment":[{"href":"https:\/\/www.imer.mx\/radioimer\/wp-json\/wp\/v2\/media?parent=3924"}],"wp:term":[{"taxonomy":"category","embeddable":true,"href":"https:\/\/www.imer.mx\/radioimer\/wp-json\/wp\/v2\/categories?post=3924"},{"taxonomy":"post_tag","embeddable":true,"href":"https:\/\/www.imer.mx\/radioimer\/wp-json\/wp\/v2\/tags?post=3924"}],"curies":[{"name":"wp","href":"https:\/\/api.w.org\/{rel}","templated":true}]}}