{"id":3876,"date":"2025-09-08T19:19:21","date_gmt":"2025-09-09T01:19:21","guid":{"rendered":"https:\/\/www.imer.mx\/radioimer\/?p=3876"},"modified":"2025-09-09T19:25:40","modified_gmt":"2025-09-10T01:25:40","slug":"08-de-septiembre-2","status":"publish","type":"post","link":"https:\/\/www.imer.mx\/radioimer\/08-de-septiembre-2\/","title":{"rendered":"08 DE SEPTIEMBRE"},"content":{"rendered":"<p>D\u00eda Internacional del Periodista.<\/p>\n<p><!--more--><\/p>\n<p>El D\u00eda Internacional del Periodista\u00a0<b>se celebra cada 8 de septiembre, establecido as\u00ed por el Primer Congreso Nacional de Periodistas que se llev\u00f3 a cabo en C\u00f3rdoba, Argentina, en 1938<\/b>. Como un homenaje al periodista checo Julius Fucik, quien fue ejecutado por los nazis el 8 de septiembre de 1943.<\/p>\n<p>Escucha aqu\u00ed.<\/p>\n<audio class=\"wp-audio-shortcode\" id=\"audio-3876-1\" preload=\"none\" style=\"width: 100%;\" controls=\"controls\"><source type=\"audio\/mpeg\" src=\"https:\/\/www.imer.mx\/radioimer\/wp-content\/uploads\/sites\/25\/EFEMERIDE-8-SEPTIEMBRE.mp3?_=1\" \/><a href=\"https:\/\/www.imer.mx\/radioimer\/wp-content\/uploads\/sites\/25\/EFEMERIDE-8-SEPTIEMBRE.mp3\">https:\/\/www.imer.mx\/radioimer\/wp-content\/uploads\/sites\/25\/EFEMERIDE-8-SEPTIEMBRE.mp3<\/a><\/audio>\n","protected":false},"excerpt":{"rendered":"<p>D\u00eda Internacional del Periodista.<\/p>\n","protected":false},"author":42,"featured_media":3860,"comment_status":"open","ping_status":"open","sticky":false,"template":"","format":"standard","meta":{"wp_popup_display_lightbox":0,"wp_popup_suppress":"","wp_popup_trigger":"","wp_popup_trigger_amount":0,"wp_popup_disable_on_mobile":false,"footnotes":""},"categories":[2],"tags":[],"class_list":["post-3876","post","type-post","status-publish","format-standard","has-post-thumbnail","hentry","category-destacados","category-2","description-off"],"_links":{"self":[{"href":"https:\/\/www.imer.mx\/radioimer\/wp-json\/wp\/v2\/posts\/3876","targetHints":{"allow":["GET"]}}],"collection":[{"href":"https:\/\/www.imer.mx\/radioimer\/wp-json\/wp\/v2\/posts"}],"about":[{"href":"https:\/\/www.imer.mx\/radioimer\/wp-json\/wp\/v2\/types\/post"}],"author":[{"embeddable":true,"href":"https:\/\/www.imer.mx\/radioimer\/wp-json\/wp\/v2\/users\/42"}],"replies":[{"embeddable":true,"href":"https:\/\/www.imer.mx\/radioimer\/wp-json\/wp\/v2\/comments?post=3876"}],"version-history":[{"count":1,"href":"https:\/\/www.imer.mx\/radioimer\/wp-json\/wp\/v2\/posts\/3876\/revisions"}],"predecessor-version":[{"id":3877,"href":"https:\/\/www.imer.mx\/radioimer\/wp-json\/wp\/v2\/posts\/3876\/revisions\/3877"}],"wp:featuredmedia":[{"embeddable":true,"href":"https:\/\/www.imer.mx\/radioimer\/wp-json\/wp\/v2\/media\/3860"}],"wp:attachment":[{"href":"https:\/\/www.imer.mx\/radioimer\/wp-json\/wp\/v2\/media?parent=3876"}],"wp:term":[{"taxonomy":"category","embeddable":true,"href":"https:\/\/www.imer.mx\/radioimer\/wp-json\/wp\/v2\/categories?post=3876"},{"taxonomy":"post_tag","embeddable":true,"href":"https:\/\/www.imer.mx\/radioimer\/wp-json\/wp\/v2\/tags?post=3876"}],"curies":[{"name":"wp","href":"https:\/\/api.w.org\/{rel}","templated":true}]}}