{"id":3086,"date":"2024-09-08T06:00:34","date_gmt":"2024-09-08T12:00:34","guid":{"rendered":"https:\/\/www.imer.mx\/radioimer\/?p=3086"},"modified":"2024-09-03T18:58:47","modified_gmt":"2024-09-04T00:58:47","slug":"08-de-septiembre","status":"publish","type":"post","link":"https:\/\/www.imer.mx\/radioimer\/08-de-septiembre\/","title":{"rendered":"08 DE SEPTIEMBRE"},"content":{"rendered":"<p>D\u00eda Internacional del Periodista.<\/p>\n<p><!--more--><\/p>\n<p>Esta fecha busca destacar el papel crucial que juegan los periodistas en la defensa de la libertad de expresi\u00f3n y en la construcci\u00f3n de una sociedad m\u00e1s informada y democr\u00e1tica. El <strong>D\u00eda Internacional del Periodista<\/strong> se conmemora en honor a <strong>Julius Fucik<\/strong>, un periodista checo que fue ejecutado por el r\u00e9gimen nazi en 1943 debido a su trabajo en la resistencia antinazi.<\/p>\n<p>Su legado, plasmado en su obra \u201cReportaje al pie de la horca\u201d se ha convertido en un s\u00edmbolo de valent\u00eda y la defensa de la verdad.<\/p>\n<p>Escucha aqu\u00ed<\/p>\n<audio class=\"wp-audio-shortcode\" id=\"audio-3086-1\" preload=\"none\" style=\"width: 100%;\" controls=\"controls\"><source type=\"audio\/mpeg\" src=\"https:\/\/www.imer.mx\/radioimer\/wp-content\/uploads\/sites\/25\/8-SEPTIEMBRE.mp3?_=1\" \/><a href=\"https:\/\/www.imer.mx\/radioimer\/wp-content\/uploads\/sites\/25\/8-SEPTIEMBRE.mp3\">https:\/\/www.imer.mx\/radioimer\/wp-content\/uploads\/sites\/25\/8-SEPTIEMBRE.mp3<\/a><\/audio>\n","protected":false},"excerpt":{"rendered":"<p>D\u00eda Internacional del Periodista.<\/p>\n","protected":false},"author":42,"featured_media":3079,"comment_status":"open","ping_status":"open","sticky":false,"template":"","format":"standard","meta":{"wp_popup_display_lightbox":0,"wp_popup_suppress":"","wp_popup_trigger":"","wp_popup_trigger_amount":0,"wp_popup_disable_on_mobile":false,"footnotes":""},"categories":[2],"tags":[],"class_list":["post-3086","post","type-post","status-publish","format-standard","has-post-thumbnail","hentry","category-destacados","category-2","description-off"],"_links":{"self":[{"href":"https:\/\/www.imer.mx\/radioimer\/wp-json\/wp\/v2\/posts\/3086","targetHints":{"allow":["GET"]}}],"collection":[{"href":"https:\/\/www.imer.mx\/radioimer\/wp-json\/wp\/v2\/posts"}],"about":[{"href":"https:\/\/www.imer.mx\/radioimer\/wp-json\/wp\/v2\/types\/post"}],"author":[{"embeddable":true,"href":"https:\/\/www.imer.mx\/radioimer\/wp-json\/wp\/v2\/users\/42"}],"replies":[{"embeddable":true,"href":"https:\/\/www.imer.mx\/radioimer\/wp-json\/wp\/v2\/comments?post=3086"}],"version-history":[{"count":1,"href":"https:\/\/www.imer.mx\/radioimer\/wp-json\/wp\/v2\/posts\/3086\/revisions"}],"predecessor-version":[{"id":3087,"href":"https:\/\/www.imer.mx\/radioimer\/wp-json\/wp\/v2\/posts\/3086\/revisions\/3087"}],"wp:featuredmedia":[{"embeddable":true,"href":"https:\/\/www.imer.mx\/radioimer\/wp-json\/wp\/v2\/media\/3079"}],"wp:attachment":[{"href":"https:\/\/www.imer.mx\/radioimer\/wp-json\/wp\/v2\/media?parent=3086"}],"wp:term":[{"taxonomy":"category","embeddable":true,"href":"https:\/\/www.imer.mx\/radioimer\/wp-json\/wp\/v2\/categories?post=3086"},{"taxonomy":"post_tag","embeddable":true,"href":"https:\/\/www.imer.mx\/radioimer\/wp-json\/wp\/v2\/tags?post=3086"}],"curies":[{"name":"wp","href":"https:\/\/api.w.org\/{rel}","templated":true}]}}