{"id":3084,"date":"2024-09-05T06:00:13","date_gmt":"2024-09-05T12:00:13","guid":{"rendered":"https:\/\/www.imer.mx\/radioimer\/?p=3084"},"modified":"2024-09-03T18:53:08","modified_gmt":"2024-09-04T00:53:08","slug":"05-de-septiembre","status":"publish","type":"post","link":"https:\/\/www.imer.mx\/radioimer\/05-de-septiembre\/","title":{"rendered":"05 DE SEPTIEMBRE"},"content":{"rendered":"<p>D\u00eda Internacional de la Mujer Ind\u00edgena.<\/p>\n<p><!--more--><\/p>\n<p>Una fecha dedicada a honrar el papel fundamental que desempe\u00f1an las mujeres ind\u00edgenas en la preservaci\u00f3n de sus culturas. La elecci\u00f3n del 5 de septiembre, se estableci\u00f3 en honor a <strong>Bartolina Sisa<\/strong>, una hero\u00edna aymara que lider\u00f3 una resistencia contra la opresi\u00f3n colonial en Bolivia durante el siglo XVIII.<\/p>\n<p>Bartolina Sisa fue brutalmente asesinada por las fuerzas coloniales en 1782, pero su legado ha inspirado la lucha de muchas generaciones de mujeres ind\u00edgenas que contin\u00faan enfrentando desaf\u00edos similares en su d\u00eda a d\u00eda.<\/p>\n<p>Escucha aqu\u00ed:<\/p>\n<audio class=\"wp-audio-shortcode\" id=\"audio-3084-1\" preload=\"none\" style=\"width: 100%;\" controls=\"controls\"><source type=\"audio\/mpeg\" src=\"https:\/\/www.imer.mx\/radioimer\/wp-content\/uploads\/sites\/25\/5-SEPTIEMBRE.mp3?_=1\" \/><a href=\"https:\/\/www.imer.mx\/radioimer\/wp-content\/uploads\/sites\/25\/5-SEPTIEMBRE.mp3\">https:\/\/www.imer.mx\/radioimer\/wp-content\/uploads\/sites\/25\/5-SEPTIEMBRE.mp3<\/a><\/audio>\n","protected":false},"excerpt":{"rendered":"<p>D\u00eda Internacional de la Mujer Ind\u00edgena.<\/p>\n","protected":false},"author":42,"featured_media":3077,"comment_status":"open","ping_status":"open","sticky":false,"template":"","format":"standard","meta":{"wp_popup_display_lightbox":0,"wp_popup_suppress":"","wp_popup_trigger":"","wp_popup_trigger_amount":0,"wp_popup_disable_on_mobile":false,"footnotes":""},"categories":[2],"tags":[],"class_list":["post-3084","post","type-post","status-publish","format-standard","has-post-thumbnail","hentry","category-destacados","category-2","description-off"],"_links":{"self":[{"href":"https:\/\/www.imer.mx\/radioimer\/wp-json\/wp\/v2\/posts\/3084","targetHints":{"allow":["GET"]}}],"collection":[{"href":"https:\/\/www.imer.mx\/radioimer\/wp-json\/wp\/v2\/posts"}],"about":[{"href":"https:\/\/www.imer.mx\/radioimer\/wp-json\/wp\/v2\/types\/post"}],"author":[{"embeddable":true,"href":"https:\/\/www.imer.mx\/radioimer\/wp-json\/wp\/v2\/users\/42"}],"replies":[{"embeddable":true,"href":"https:\/\/www.imer.mx\/radioimer\/wp-json\/wp\/v2\/comments?post=3084"}],"version-history":[{"count":1,"href":"https:\/\/www.imer.mx\/radioimer\/wp-json\/wp\/v2\/posts\/3084\/revisions"}],"predecessor-version":[{"id":3085,"href":"https:\/\/www.imer.mx\/radioimer\/wp-json\/wp\/v2\/posts\/3084\/revisions\/3085"}],"wp:featuredmedia":[{"embeddable":true,"href":"https:\/\/www.imer.mx\/radioimer\/wp-json\/wp\/v2\/media\/3077"}],"wp:attachment":[{"href":"https:\/\/www.imer.mx\/radioimer\/wp-json\/wp\/v2\/media?parent=3084"}],"wp:term":[{"taxonomy":"category","embeddable":true,"href":"https:\/\/www.imer.mx\/radioimer\/wp-json\/wp\/v2\/categories?post=3084"},{"taxonomy":"post_tag","embeddable":true,"href":"https:\/\/www.imer.mx\/radioimer\/wp-json\/wp\/v2\/tags?post=3084"}],"curies":[{"name":"wp","href":"https:\/\/api.w.org\/{rel}","templated":true}]}}