{"id":2793,"date":"2024-05-10T12:03:03","date_gmt":"2024-05-10T18:03:03","guid":{"rendered":"https:\/\/www.imer.mx\/radioimer\/?p=2793"},"modified":"2024-05-13T12:16:06","modified_gmt":"2024-05-13T18:16:06","slug":"10-de-mayo","status":"publish","type":"post","link":"https:\/\/www.imer.mx\/radioimer\/10-de-mayo\/","title":{"rendered":"10 de Mayo"},"content":{"rendered":"<p><strong>D\u00eda de las Madres en M\u00e9xico.<\/strong><\/p>\n<p><!--more--><\/p>\n<p>El D\u00eda de las Madres en M\u00e9xico es una celebraci\u00f3n dedicada a honrar y reconocer el amor, la dedicaci\u00f3n y el sacrificio de las madres mexicanas. Esta fecha es una de las m\u00e1s importantes y emotivas del calendario mexicano, donde se rinde tributo a las mujeres que desempe\u00f1an un papel fundamental en la familia y en la sociedad.<\/p>\n<p>La idea de celebrar el D\u00eda de las Madres en M\u00e9xico fue promovida por Rafael Alduc\u00edn, un sacerdote cat\u00f3lico, a principios del siglo XX. Sin embargo, la celebraci\u00f3n gan\u00f3 popularidad y se convirti\u00f3 en una festividad nacional gracias a los esfuerzos de la periodista y activista Elvia Carrillo Puerto, quien abog\u00f3 por establecer un d\u00eda oficial para honrar a las madres mexicanas.<\/p>\n<p>&nbsp;<\/p>\n<p>Escucha Aqu\u00ed.<\/p>\n<audio class=\"wp-audio-shortcode\" id=\"audio-2793-1\" preload=\"none\" style=\"width: 100%;\" controls=\"controls\"><source type=\"audio\/mpeg\" src=\"https:\/\/www.imer.mx\/radioimer\/wp-content\/uploads\/sites\/25\/10-MAYO-1.mp3?_=1\" \/><a href=\"https:\/\/www.imer.mx\/radioimer\/wp-content\/uploads\/sites\/25\/10-MAYO-1.mp3\">https:\/\/www.imer.mx\/radioimer\/wp-content\/uploads\/sites\/25\/10-MAYO-1.mp3<\/a><\/audio>\n","protected":false},"excerpt":{"rendered":"<p>D\u00eda de las Madres en M\u00e9xico.<\/p>\n","protected":false},"author":42,"featured_media":2794,"comment_status":"open","ping_status":"open","sticky":false,"template":"","format":"standard","meta":{"wp_popup_display_lightbox":0,"wp_popup_suppress":"","wp_popup_trigger":"","wp_popup_trigger_amount":0,"wp_popup_disable_on_mobile":false,"footnotes":""},"categories":[2],"tags":[],"class_list":["post-2793","post","type-post","status-publish","format-standard","has-post-thumbnail","hentry","category-destacados","category-2","description-off"],"_links":{"self":[{"href":"https:\/\/www.imer.mx\/radioimer\/wp-json\/wp\/v2\/posts\/2793","targetHints":{"allow":["GET"]}}],"collection":[{"href":"https:\/\/www.imer.mx\/radioimer\/wp-json\/wp\/v2\/posts"}],"about":[{"href":"https:\/\/www.imer.mx\/radioimer\/wp-json\/wp\/v2\/types\/post"}],"author":[{"embeddable":true,"href":"https:\/\/www.imer.mx\/radioimer\/wp-json\/wp\/v2\/users\/42"}],"replies":[{"embeddable":true,"href":"https:\/\/www.imer.mx\/radioimer\/wp-json\/wp\/v2\/comments?post=2793"}],"version-history":[{"count":1,"href":"https:\/\/www.imer.mx\/radioimer\/wp-json\/wp\/v2\/posts\/2793\/revisions"}],"predecessor-version":[{"id":2798,"href":"https:\/\/www.imer.mx\/radioimer\/wp-json\/wp\/v2\/posts\/2793\/revisions\/2798"}],"wp:featuredmedia":[{"embeddable":true,"href":"https:\/\/www.imer.mx\/radioimer\/wp-json\/wp\/v2\/media\/2794"}],"wp:attachment":[{"href":"https:\/\/www.imer.mx\/radioimer\/wp-json\/wp\/v2\/media?parent=2793"}],"wp:term":[{"taxonomy":"category","embeddable":true,"href":"https:\/\/www.imer.mx\/radioimer\/wp-json\/wp\/v2\/categories?post=2793"},{"taxonomy":"post_tag","embeddable":true,"href":"https:\/\/www.imer.mx\/radioimer\/wp-json\/wp\/v2\/tags?post=2793"}],"curies":[{"name":"wp","href":"https:\/\/api.w.org\/{rel}","templated":true}]}}