{"id":2779,"date":"2024-05-08T08:00:39","date_gmt":"2024-05-08T14:00:39","guid":{"rendered":"https:\/\/www.imer.mx\/radioimer\/?p=2779"},"modified":"2024-05-06T16:01:42","modified_gmt":"2024-05-06T22:01:42","slug":"8-de-mayo","status":"publish","type":"post","link":"https:\/\/www.imer.mx\/radioimer\/8-de-mayo\/","title":{"rendered":"8 de mayo."},"content":{"rendered":"<p><strong>D\u00eda Mundial de la Cruz Roja.<\/strong><\/p>\n<p><!--more--><\/p>\n<p>El D\u00eda Mundial de la Cruz Roja se celebra cada a\u00f1o el 8 de mayo para conmemorar el nacimiento de Henry Dunant, fundador del Movimiento Internacional de la Cruz Roja, as\u00ed como para reconocer la labor humanitaria realizada por esta organizaci\u00f3n en todo el mundo. Fundado en 1863, el Movimiento Internacional de la Cruz Roja es la mayor red humanitaria del mundo, compuesta por millones de voluntarios.<\/p>\n<p>&nbsp;<\/p>\n<p>Escucha aqu\u00ed.<\/p>\n<audio class=\"wp-audio-shortcode\" id=\"audio-2779-1\" preload=\"none\" style=\"width: 100%;\" controls=\"controls\"><source type=\"audio\/mpeg\" src=\"https:\/\/www.imer.mx\/radioimer\/wp-content\/uploads\/sites\/25\/8-MAYO.mp3?_=1\" \/><a href=\"https:\/\/www.imer.mx\/radioimer\/wp-content\/uploads\/sites\/25\/8-MAYO.mp3\">https:\/\/www.imer.mx\/radioimer\/wp-content\/uploads\/sites\/25\/8-MAYO.mp3<\/a><\/audio>\n","protected":false},"excerpt":{"rendered":"<p>D\u00eda Mundial de la Cruz Roja.<\/p>\n","protected":false},"author":42,"featured_media":2780,"comment_status":"open","ping_status":"open","sticky":false,"template":"","format":"standard","meta":{"wp_popup_display_lightbox":0,"wp_popup_suppress":"","wp_popup_trigger":"","wp_popup_trigger_amount":0,"wp_popup_disable_on_mobile":false,"footnotes":""},"categories":[2],"tags":[],"class_list":["post-2779","post","type-post","status-publish","format-standard","has-post-thumbnail","hentry","category-destacados","category-2","description-off"],"_links":{"self":[{"href":"https:\/\/www.imer.mx\/radioimer\/wp-json\/wp\/v2\/posts\/2779","targetHints":{"allow":["GET"]}}],"collection":[{"href":"https:\/\/www.imer.mx\/radioimer\/wp-json\/wp\/v2\/posts"}],"about":[{"href":"https:\/\/www.imer.mx\/radioimer\/wp-json\/wp\/v2\/types\/post"}],"author":[{"embeddable":true,"href":"https:\/\/www.imer.mx\/radioimer\/wp-json\/wp\/v2\/users\/42"}],"replies":[{"embeddable":true,"href":"https:\/\/www.imer.mx\/radioimer\/wp-json\/wp\/v2\/comments?post=2779"}],"version-history":[{"count":1,"href":"https:\/\/www.imer.mx\/radioimer\/wp-json\/wp\/v2\/posts\/2779\/revisions"}],"predecessor-version":[{"id":2786,"href":"https:\/\/www.imer.mx\/radioimer\/wp-json\/wp\/v2\/posts\/2779\/revisions\/2786"}],"wp:featuredmedia":[{"embeddable":true,"href":"https:\/\/www.imer.mx\/radioimer\/wp-json\/wp\/v2\/media\/2780"}],"wp:attachment":[{"href":"https:\/\/www.imer.mx\/radioimer\/wp-json\/wp\/v2\/media?parent=2779"}],"wp:term":[{"taxonomy":"category","embeddable":true,"href":"https:\/\/www.imer.mx\/radioimer\/wp-json\/wp\/v2\/categories?post=2779"},{"taxonomy":"post_tag","embeddable":true,"href":"https:\/\/www.imer.mx\/radioimer\/wp-json\/wp\/v2\/tags?post=2779"}],"curies":[{"name":"wp","href":"https:\/\/api.w.org\/{rel}","templated":true}]}}