{"id":2770,"date":"2024-05-03T06:30:27","date_gmt":"2024-05-03T12:30:27","guid":{"rendered":"https:\/\/www.imer.mx\/radioimer\/?p=2770"},"modified":"2024-05-02T18:32:48","modified_gmt":"2024-05-03T00:32:48","slug":"3-mayo","status":"publish","type":"post","link":"https:\/\/www.imer.mx\/radioimer\/3-mayo\/","title":{"rendered":"3 mayo"},"content":{"rendered":"<p><strong>D\u00eda Mundial de la Libertad de Prensa.<\/strong><\/p>\n<p><!--more--><\/p>\n<p>El D\u00eda Mundial de la Libertad de Prensa se conmemora anualmente el 3 de mayo para resaltar la importancia fundamental de la libertad de expresi\u00f3n y el papel esencial de los medios de comunicaci\u00f3n libres en la promoci\u00f3n de la democracia y el Estado de derecho.<\/p>\n<p>Escucha aqu\u00ed.<\/p>\n<audio class=\"wp-audio-shortcode\" id=\"audio-2770-1\" preload=\"none\" style=\"width: 100%;\" controls=\"controls\"><source type=\"audio\/mpeg\" src=\"https:\/\/www.imer.mx\/radioimer\/wp-content\/uploads\/sites\/25\/3-MAYO.mp3?_=1\" \/><a href=\"https:\/\/www.imer.mx\/radioimer\/wp-content\/uploads\/sites\/25\/3-MAYO.mp3\">https:\/\/www.imer.mx\/radioimer\/wp-content\/uploads\/sites\/25\/3-MAYO.mp3<\/a><\/audio>\n","protected":false},"excerpt":{"rendered":"<p>D\u00eda Mundial de la Libertad de Prensa.<\/p>\n","protected":false},"author":42,"featured_media":2774,"comment_status":"open","ping_status":"open","sticky":false,"template":"","format":"standard","meta":{"wp_popup_display_lightbox":0,"wp_popup_suppress":"","wp_popup_trigger":"","wp_popup_trigger_amount":0,"wp_popup_disable_on_mobile":false,"footnotes":""},"categories":[2],"tags":[],"class_list":["post-2770","post","type-post","status-publish","format-standard","has-post-thumbnail","hentry","category-destacados","category-2","description-off"],"_links":{"self":[{"href":"https:\/\/www.imer.mx\/radioimer\/wp-json\/wp\/v2\/posts\/2770","targetHints":{"allow":["GET"]}}],"collection":[{"href":"https:\/\/www.imer.mx\/radioimer\/wp-json\/wp\/v2\/posts"}],"about":[{"href":"https:\/\/www.imer.mx\/radioimer\/wp-json\/wp\/v2\/types\/post"}],"author":[{"embeddable":true,"href":"https:\/\/www.imer.mx\/radioimer\/wp-json\/wp\/v2\/users\/42"}],"replies":[{"embeddable":true,"href":"https:\/\/www.imer.mx\/radioimer\/wp-json\/wp\/v2\/comments?post=2770"}],"version-history":[{"count":1,"href":"https:\/\/www.imer.mx\/radioimer\/wp-json\/wp\/v2\/posts\/2770\/revisions"}],"predecessor-version":[{"id":2776,"href":"https:\/\/www.imer.mx\/radioimer\/wp-json\/wp\/v2\/posts\/2770\/revisions\/2776"}],"wp:featuredmedia":[{"embeddable":true,"href":"https:\/\/www.imer.mx\/radioimer\/wp-json\/wp\/v2\/media\/2774"}],"wp:attachment":[{"href":"https:\/\/www.imer.mx\/radioimer\/wp-json\/wp\/v2\/media?parent=2770"}],"wp:term":[{"taxonomy":"category","embeddable":true,"href":"https:\/\/www.imer.mx\/radioimer\/wp-json\/wp\/v2\/categories?post=2770"},{"taxonomy":"post_tag","embeddable":true,"href":"https:\/\/www.imer.mx\/radioimer\/wp-json\/wp\/v2\/tags?post=2770"}],"curies":[{"name":"wp","href":"https:\/\/api.w.org\/{rel}","templated":true}]}}