{"id":2765,"date":"2024-04-19T19:02:17","date_gmt":"2024-04-20T01:02:17","guid":{"rendered":"https:\/\/www.imer.mx\/radioimer\/?p=2765"},"modified":"2024-04-19T19:02:17","modified_gmt":"2024-04-20T01:02:17","slug":"recuerda-apaga-el-fuego-y-enciende-la-conciencia","status":"publish","type":"post","link":"https:\/\/www.imer.mx\/radioimer\/recuerda-apaga-el-fuego-y-enciende-la-conciencia\/","title":{"rendered":"RECUERDA&#8230; APAGA EL FUEGO Y ENCIENDE LA CONCIENCIA"},"content":{"rendered":"<p>Muchos incendios forestales se originan por causas naturales.<\/p>\n<p><!--more--><\/p>\n<p>Seg\u00fan el informe nacional sobre incendios forestales de la Coordinaci\u00f3n General de Conservaci\u00f3n de la Secretar\u00eda de Medio Ambiente y Recursos Naturales (Semarnat), las entidades federativas con el mayor n\u00famero de incendios fueron Jalisco, M\u00e9xico, Ciudad de M\u00e9xico, Michoac\u00e1n, Chihuahua, Chiapas, Durango, Puebla, Veracruz y Guerrero, que en conjunto representan el 79 % del total nacional.<\/p>\n<p>En Chiapas, en lo que va del a\u00f1o, se han registrado m\u00e1s de 30 incendios forestales, los cuales han causado da\u00f1os en m\u00e1s de 6 mil 700 hect\u00e1reas.<\/p>\n<p>Seg\u00fan informaci\u00f3n proporcionada por la Secretar\u00eda de Protecci\u00f3n Civil del Estado, diariamente se detectan hasta 97 puntos de calor en la regi\u00f3n que podr\u00edan desencadenar incendios, aunque gracias al monitoreo satelital se les ha bridado un seguimiento oportuno.<\/p>\n<p>&nbsp;<\/p>\n<p>Aqu\u00ed te decimos algunas recomendaciones que debes seguir.<\/p>\n<p>&nbsp;<\/p>\n<div class=\"wp-playlist wp-audio-playlist wp-playlist-light\">\n\t\t\t<div class=\"wp-playlist-current-item\"><\/div>\n\t\t<audio controls=\"controls\" preload=\"none\" width=\"1178\"\n\t\t\t><\/audio>\n\t<div class=\"wp-playlist-next\"><\/div>\n\t<div class=\"wp-playlist-prev\"><\/div>\n\t<noscript>\n\t<ol>\n\t\t<li><a href='https:\/\/www.imer.mx\/radioimer\/wp-content\/uploads\/sites\/25\/capsula-1-incendios-forestales.mp3'>c\u00e1psula 1 incendios forestales<\/a><\/li><li><a href='https:\/\/www.imer.mx\/radioimer\/wp-content\/uploads\/sites\/25\/capsula-2-incendios-forestales.mp3'>c\u00e1psula 2 incendios forestales<\/a><\/li>\t<\/ol>\n\t<\/noscript>\n\t<script type=\"application\/json\" class=\"wp-playlist-script\">{\"type\":\"audio\",\"tracklist\":true,\"tracknumbers\":true,\"images\":true,\"artists\":true,\"tracks\":[{\"src\":\"https:\/\/www.imer.mx\/radioimer\/wp-content\/uploads\/sites\/25\/capsula-1-incendios-forestales.mp3\",\"type\":\"audio\/mpeg\",\"title\":\"c\\u00e1psula 1 incendios forestales\",\"caption\":\"\",\"description\":\"\\u00abc\\u00e1psula 1 incendios forestales\\u00bb.\",\"meta\":{\"length_formatted\":\"2:11\"},\"image\":{\"src\":\"https:\/\/www.imer.mx\/radioimer\/wp-includes\/images\/media\/audio.svg\",\"width\":48,\"height\":64},\"thumb\":{\"src\":\"https:\/\/www.imer.mx\/radioimer\/wp-includes\/images\/media\/audio.svg\",\"width\":48,\"height\":64}},{\"src\":\"https:\/\/www.imer.mx\/radioimer\/wp-content\/uploads\/sites\/25\/capsula-2-incendios-forestales.mp3\",\"type\":\"audio\/mpeg\",\"title\":\"c\\u00e1psula 2 incendios forestales\",\"caption\":\"\",\"description\":\"\\u00abc\\u00e1psula 2 incendios forestales\\u00bb.\",\"meta\":{\"length_formatted\":\"1:21\"},\"image\":{\"src\":\"https:\/\/www.imer.mx\/radioimer\/wp-includes\/images\/media\/audio.svg\",\"width\":48,\"height\":64},\"thumb\":{\"src\":\"https:\/\/www.imer.mx\/radioimer\/wp-includes\/images\/media\/audio.svg\",\"width\":48,\"height\":64}}]}<\/script>\n<\/div>\n\t\n","protected":false},"excerpt":{"rendered":"<p>Muchos incendios forestales se originan por causas naturales.<\/p>\n","protected":false},"author":42,"featured_media":2766,"comment_status":"open","ping_status":"open","sticky":false,"template":"","format":"standard","meta":{"wp_popup_display_lightbox":0,"wp_popup_suppress":"","wp_popup_trigger":"","wp_popup_trigger_amount":0,"wp_popup_disable_on_mobile":false,"footnotes":""},"categories":[17],"tags":[],"class_list":["post-2765","post","type-post","status-publish","format-standard","has-post-thumbnail","hentry","category-campanas","category-17","description-off"],"_links":{"self":[{"href":"https:\/\/www.imer.mx\/radioimer\/wp-json\/wp\/v2\/posts\/2765","targetHints":{"allow":["GET"]}}],"collection":[{"href":"https:\/\/www.imer.mx\/radioimer\/wp-json\/wp\/v2\/posts"}],"about":[{"href":"https:\/\/www.imer.mx\/radioimer\/wp-json\/wp\/v2\/types\/post"}],"author":[{"embeddable":true,"href":"https:\/\/www.imer.mx\/radioimer\/wp-json\/wp\/v2\/users\/42"}],"replies":[{"embeddable":true,"href":"https:\/\/www.imer.mx\/radioimer\/wp-json\/wp\/v2\/comments?post=2765"}],"version-history":[{"count":1,"href":"https:\/\/www.imer.mx\/radioimer\/wp-json\/wp\/v2\/posts\/2765\/revisions"}],"predecessor-version":[{"id":2768,"href":"https:\/\/www.imer.mx\/radioimer\/wp-json\/wp\/v2\/posts\/2765\/revisions\/2768"}],"wp:featuredmedia":[{"embeddable":true,"href":"https:\/\/www.imer.mx\/radioimer\/wp-json\/wp\/v2\/media\/2766"}],"wp:attachment":[{"href":"https:\/\/www.imer.mx\/radioimer\/wp-json\/wp\/v2\/media?parent=2765"}],"wp:term":[{"taxonomy":"category","embeddable":true,"href":"https:\/\/www.imer.mx\/radioimer\/wp-json\/wp\/v2\/categories?post=2765"},{"taxonomy":"post_tag","embeddable":true,"href":"https:\/\/www.imer.mx\/radioimer\/wp-json\/wp\/v2\/tags?post=2765"}],"curies":[{"name":"wp","href":"https:\/\/api.w.org\/{rel}","templated":true}]}}