{"id":2761,"date":"2024-04-20T06:36:08","date_gmt":"2024-04-20T12:36:08","guid":{"rendered":"https:\/\/www.imer.mx\/radioimer\/?p=2761"},"modified":"2024-04-19T18:39:26","modified_gmt":"2024-04-20T00:39:26","slug":"20-de-abril-de-1993","status":"publish","type":"post","link":"https:\/\/www.imer.mx\/radioimer\/20-de-abril-de-1993\/","title":{"rendered":"20 de abril de 1993"},"content":{"rendered":"<p>Muere Mario Moreno &#8220;Cantinflas&#8221;.<\/p>\n<p><!--more--><\/p>\n<p>Actor y comediante mexicano conocido por su estilo \u00fanico de comedia y sus ic\u00f3nicos personajes. Cantinflas es considerado uno de los m\u00e1s grandes \u00edconos del cine mexicano.<\/p>\n<p>&nbsp;<\/p>\n<p>Escucha Aqu\u00ed.<\/p>\n<p>&nbsp;<\/p>\n<audio class=\"wp-audio-shortcode\" id=\"audio-2761-1\" preload=\"none\" style=\"width: 100%;\" controls=\"controls\"><source type=\"audio\/mpeg\" src=\"https:\/\/www.imer.mx\/radioimer\/wp-content\/uploads\/sites\/25\/20-DE-ABRIL-1.mp3?_=1\" \/><a href=\"https:\/\/www.imer.mx\/radioimer\/wp-content\/uploads\/sites\/25\/20-DE-ABRIL-1.mp3\">https:\/\/www.imer.mx\/radioimer\/wp-content\/uploads\/sites\/25\/20-DE-ABRIL-1.mp3<\/a><\/audio>\n","protected":false},"excerpt":{"rendered":"<p>Muere Mario Moreno &#8220;Cantinflas&#8221;.<\/p>\n","protected":false},"author":42,"featured_media":2758,"comment_status":"open","ping_status":"open","sticky":false,"template":"","format":"standard","meta":{"wp_popup_display_lightbox":0,"wp_popup_suppress":"","wp_popup_trigger":"","wp_popup_trigger_amount":0,"wp_popup_disable_on_mobile":false,"footnotes":""},"categories":[2],"tags":[],"class_list":["post-2761","post","type-post","status-publish","format-standard","has-post-thumbnail","hentry","category-destacados","category-2","description-off"],"_links":{"self":[{"href":"https:\/\/www.imer.mx\/radioimer\/wp-json\/wp\/v2\/posts\/2761","targetHints":{"allow":["GET"]}}],"collection":[{"href":"https:\/\/www.imer.mx\/radioimer\/wp-json\/wp\/v2\/posts"}],"about":[{"href":"https:\/\/www.imer.mx\/radioimer\/wp-json\/wp\/v2\/types\/post"}],"author":[{"embeddable":true,"href":"https:\/\/www.imer.mx\/radioimer\/wp-json\/wp\/v2\/users\/42"}],"replies":[{"embeddable":true,"href":"https:\/\/www.imer.mx\/radioimer\/wp-json\/wp\/v2\/comments?post=2761"}],"version-history":[{"count":1,"href":"https:\/\/www.imer.mx\/radioimer\/wp-json\/wp\/v2\/posts\/2761\/revisions"}],"predecessor-version":[{"id":2762,"href":"https:\/\/www.imer.mx\/radioimer\/wp-json\/wp\/v2\/posts\/2761\/revisions\/2762"}],"wp:featuredmedia":[{"embeddable":true,"href":"https:\/\/www.imer.mx\/radioimer\/wp-json\/wp\/v2\/media\/2758"}],"wp:attachment":[{"href":"https:\/\/www.imer.mx\/radioimer\/wp-json\/wp\/v2\/media?parent=2761"}],"wp:term":[{"taxonomy":"category","embeddable":true,"href":"https:\/\/www.imer.mx\/radioimer\/wp-json\/wp\/v2\/categories?post=2761"},{"taxonomy":"post_tag","embeddable":true,"href":"https:\/\/www.imer.mx\/radioimer\/wp-json\/wp\/v2\/tags?post=2761"}],"curies":[{"name":"wp","href":"https:\/\/api.w.org\/{rel}","templated":true}]}}