{"id":2721,"date":"2024-04-03T19:05:12","date_gmt":"2024-04-04T01:05:12","guid":{"rendered":"https:\/\/www.imer.mx\/radioimer\/?p=2721"},"modified":"2024-04-03T19:25:27","modified_gmt":"2024-04-04T01:25:27","slug":"panorama-de-la-ninez-en-chiapas","status":"publish","type":"post","link":"https:\/\/www.imer.mx\/radioimer\/panorama-de-la-ninez-en-chiapas\/","title":{"rendered":"Panorama de la Ni\u00f1ez en Chiapas"},"content":{"rendered":"<p><strong>Te invitamos a escuchar la campa\u00f1a &#8220;Panorama de la Ni\u00f1ez en Chiapas&#8221;.<\/strong><\/p>\n<p><!--more--><\/p>\n<p>De acuerdo con el estudio <strong>\u201cLa Infancia Cuenta en Chiapas\u201d<\/strong>, presentado el 9 de noviembre de 2021 por Tania Ram\u00edrez Hern\u00e1ndez, directora ejecutiva de la Red por los Derechos de las Infancias (REDIM), En la actualidad, m\u00e1s de dos millones de ni\u00f1as, ni\u00f1as y adolescentes residen en esta regi\u00f3n, lo que equivale a aproximadamente un tercio de la poblaci\u00f3n total del estado.<\/p>\n<p>La diversidad cultural y ling\u00fc\u00edstica de Chiapas presenta tanto oportunidades como desaf\u00edos para el desarrollo de pol\u00edticas y programas efectivos y ,Aunque se han realizado esfuerzos para mejorar el acceso a servicios, todav\u00eda persisten brechas en t\u00e9rminos de calidad y disponibilidad, especialmente en \u00e1reas rurales y marginadas.<\/p>\n<p><strong>INFANCIAS INDIGENAS.<\/strong><\/p>\n<p>Las infancias ind\u00edgenas en Chiapas enfrentan un panorama complejo marcado por una serie de retos significativos dichas problem\u00e1ticas se ve exacerbadas por la marginaci\u00f3n y la discriminaci\u00f3n estructural que enfrentan estas comunidades en la regi\u00f3n.<\/p>\n<p>Sin embargo, la educaci\u00f3n no es el \u00fanico problema con el que se enfrentan las y los ni\u00f1os de comunidades ind\u00edgenas en Chiapas, el acceso a los servicios de salud p\u00fablica representa un desaf\u00edo pues, m\u00e1s de 662 mil infantes no est\u00e1n afiliados, adscritos o con derecho a recibir servicios de salud en el Instituto de Salud para el Bienestar, la falta de acceso adecuado y puntual a los servicios de salud pone en riesgo la estabilidad de las familias, ya que los gastos relacionados con la atenci\u00f3n m\u00e9dica de una enfermedad, accidente o malestar pueden afectar negativamente sus ingresos.<\/p>\n<p><strong>LAS NI\u00d1AS.<\/strong><\/p>\n<p>En Chiapas, las j\u00f3venes de 15 a\u00f1os que participaron en la Encuesta Nacional sobre Din\u00e1micas de los Hogares 2016, fueron objeto de diversas formas de violencia sexual durante su infancia. Un 7.6% de ellas informaron haber sido tocadas sin su consentimiento, Asimismo, un 2% de las encuestadas respondieron afirmativamente cuando se les pregunt\u00f3 si alguna vez las obligaron a exhibir sus partes \u00edntimas o a observar las partes \u00edntimas de otra persona.<\/p>\n<p>En la vida cotidiana de las ni\u00f1as y adolescentes del estado, tambi\u00e9n se enfrentan a otras formas graves de violencia. Desde el a\u00f1o 2011 hasta la fecha, se han registrado 57 casos de feminicidios contra este grupo de edad en Chiapas, seg\u00fan datos de Melel Xojobal 2019. Adem\u00e1s, es importante tener en cuenta las violencias que experimentan las ni\u00f1as migrantes que atraviesan el territorio estatal.<\/p>\n<p><em><strong>Para la elaboraci\u00f3n de esta campa\u00f1a se cont\u00f3 con la participaci\u00f3n de alumnas y alumnos de la escuela primaria Joaqu\u00edn Miguel Guti\u00e9rrez, en Comit\u00e1n y de Jennifer Haza, Directora de la A.C. Melel Xojobal\u00a0 y colaboradora del informe &#8220;Ni\u00f1eces frente a las violencias criminales en San Crist\u00f3bal de las Casas&#8221;.<\/strong><\/em><\/p>\n<p>#somosradiopublica<\/p>\n<p>Escucha aqu\u00ed:<\/p>\n<div class=\"wp-playlist wp-audio-playlist wp-playlist-light\">\n\t\t\t<div class=\"wp-playlist-current-item\"><\/div>\n\t\t<audio controls=\"controls\" preload=\"none\" width=\"1178\"\n\t\t\t><\/audio>\n\t<div class=\"wp-playlist-next\"><\/div>\n\t<div class=\"wp-playlist-prev\"><\/div>\n\t<noscript>\n\t<ol>\n\t\t<li><a href='https:\/\/www.imer.mx\/radioimer\/wp-content\/uploads\/sites\/25\/PANORAMA-DE-LA-NINEZ-EN-CHIAPAS-V1.mp3'>PANORAMA DE LA NI\u00d1EZ EN CHIAPAS V1<\/a><\/li><li><a href='https:\/\/www.imer.mx\/radioimer\/wp-content\/uploads\/sites\/25\/PANORAMA-DE-LA-NINEZ-EN-CHIAPAS-V2.mp3'>PANORAMA DE LA NI\u00d1EZ EN CHIAPAS V2<\/a><\/li><li><a href='https:\/\/www.imer.mx\/radioimer\/wp-content\/uploads\/sites\/25\/PANORAMA-DE-LA-NINEZ-EN-CHIAPAS-V3.mp3'>PANORAMA DE LA NI\u00d1EZ EN CHIAPAS V3<\/a><\/li><li><a href='https:\/\/www.imer.mx\/radioimer\/wp-content\/uploads\/sites\/25\/PANORAMA-DE-LA-NINEZ-EN-CHIAPAS-V4.mp3'>PANORAMA DE LA NI\u00d1EZ EN CHIAPAS V4<\/a><\/li>\t<\/ol>\n\t<\/noscript>\n\t<script type=\"application\/json\" class=\"wp-playlist-script\">{\"type\":\"audio\",\"tracklist\":true,\"tracknumbers\":true,\"images\":true,\"artists\":true,\"tracks\":[{\"src\":\"https:\/\/www.imer.mx\/radioimer\/wp-content\/uploads\/sites\/25\/PANORAMA-DE-LA-NINEZ-EN-CHIAPAS-V1.mp3\",\"type\":\"audio\/mpeg\",\"title\":\"PANORAMA DE LA NI\\u00d1EZ EN CHIAPAS V1\",\"caption\":\"\",\"description\":\"\\u00abPANORAMA DE LA NI\\u00d1EZ EN CHIAPAS V1\\u00bb.\",\"meta\":{\"length_formatted\":\"2:00\"},\"image\":{\"src\":\"https:\/\/www.imer.mx\/radioimer\/wp-includes\/images\/media\/audio.svg\",\"width\":48,\"height\":64},\"thumb\":{\"src\":\"https:\/\/www.imer.mx\/radioimer\/wp-includes\/images\/media\/audio.svg\",\"width\":48,\"height\":64}},{\"src\":\"https:\/\/www.imer.mx\/radioimer\/wp-content\/uploads\/sites\/25\/PANORAMA-DE-LA-NINEZ-EN-CHIAPAS-V2.mp3\",\"type\":\"audio\/mpeg\",\"title\":\"PANORAMA DE LA NI\\u00d1EZ EN CHIAPAS V2\",\"caption\":\"\",\"description\":\"\\u00abPANORAMA DE LA NI\\u00d1EZ EN CHIAPAS V2\\u00bb.\",\"meta\":{\"length_formatted\":\"2:31\"},\"image\":{\"src\":\"https:\/\/www.imer.mx\/radioimer\/wp-includes\/images\/media\/audio.svg\",\"width\":48,\"height\":64},\"thumb\":{\"src\":\"https:\/\/www.imer.mx\/radioimer\/wp-includes\/images\/media\/audio.svg\",\"width\":48,\"height\":64}},{\"src\":\"https:\/\/www.imer.mx\/radioimer\/wp-content\/uploads\/sites\/25\/PANORAMA-DE-LA-NINEZ-EN-CHIAPAS-V3.mp3\",\"type\":\"audio\/mpeg\",\"title\":\"PANORAMA DE LA NI\\u00d1EZ EN CHIAPAS V3\",\"caption\":\"\",\"description\":\"\\u00abPANORAMA DE LA NI\\u00d1EZ EN CHIAPAS V3\\u00bb.\",\"meta\":{\"length_formatted\":\"3:04\"},\"image\":{\"src\":\"https:\/\/www.imer.mx\/radioimer\/wp-includes\/images\/media\/audio.svg\",\"width\":48,\"height\":64},\"thumb\":{\"src\":\"https:\/\/www.imer.mx\/radioimer\/wp-includes\/images\/media\/audio.svg\",\"width\":48,\"height\":64}},{\"src\":\"https:\/\/www.imer.mx\/radioimer\/wp-content\/uploads\/sites\/25\/PANORAMA-DE-LA-NINEZ-EN-CHIAPAS-V4.mp3\",\"type\":\"audio\/mpeg\",\"title\":\"PANORAMA DE LA NI\\u00d1EZ EN CHIAPAS V4\",\"caption\":\"\",\"description\":\"\\u00abPANORAMA DE LA NI\\u00d1EZ EN CHIAPAS V4\\u00bb.\",\"meta\":{\"length_formatted\":\"4:21\"},\"image\":{\"src\":\"https:\/\/www.imer.mx\/radioimer\/wp-includes\/images\/media\/audio.svg\",\"width\":48,\"height\":64},\"thumb\":{\"src\":\"https:\/\/www.imer.mx\/radioimer\/wp-includes\/images\/media\/audio.svg\",\"width\":48,\"height\":64}}]}<\/script>\n<\/div>\n\t\n<p>&nbsp;<\/p>\n","protected":false},"excerpt":{"rendered":"<p>Te invitamos a escuchar la campa\u00f1a &#8220;Panorama de la Ni\u00f1ez en Chiapas&#8221;.<\/p>\n","protected":false},"author":42,"featured_media":2722,"comment_status":"open","ping_status":"open","sticky":false,"template":"","format":"standard","meta":{"wp_popup_display_lightbox":0,"wp_popup_suppress":"","wp_popup_trigger":"","wp_popup_trigger_amount":0,"wp_popup_disable_on_mobile":false,"footnotes":""},"categories":[17],"tags":[],"class_list":["post-2721","post","type-post","status-publish","format-standard","has-post-thumbnail","hentry","category-campanas","category-17","description-off"],"_links":{"self":[{"href":"https:\/\/www.imer.mx\/radioimer\/wp-json\/wp\/v2\/posts\/2721","targetHints":{"allow":["GET"]}}],"collection":[{"href":"https:\/\/www.imer.mx\/radioimer\/wp-json\/wp\/v2\/posts"}],"about":[{"href":"https:\/\/www.imer.mx\/radioimer\/wp-json\/wp\/v2\/types\/post"}],"author":[{"embeddable":true,"href":"https:\/\/www.imer.mx\/radioimer\/wp-json\/wp\/v2\/users\/42"}],"replies":[{"embeddable":true,"href":"https:\/\/www.imer.mx\/radioimer\/wp-json\/wp\/v2\/comments?post=2721"}],"version-history":[{"count":2,"href":"https:\/\/www.imer.mx\/radioimer\/wp-json\/wp\/v2\/posts\/2721\/revisions"}],"predecessor-version":[{"id":2734,"href":"https:\/\/www.imer.mx\/radioimer\/wp-json\/wp\/v2\/posts\/2721\/revisions\/2734"}],"wp:featuredmedia":[{"embeddable":true,"href":"https:\/\/www.imer.mx\/radioimer\/wp-json\/wp\/v2\/media\/2722"}],"wp:attachment":[{"href":"https:\/\/www.imer.mx\/radioimer\/wp-json\/wp\/v2\/media?parent=2721"}],"wp:term":[{"taxonomy":"category","embeddable":true,"href":"https:\/\/www.imer.mx\/radioimer\/wp-json\/wp\/v2\/categories?post=2721"},{"taxonomy":"post_tag","embeddable":true,"href":"https:\/\/www.imer.mx\/radioimer\/wp-json\/wp\/v2\/tags?post=2721"}],"curies":[{"name":"wp","href":"https:\/\/api.w.org\/{rel}","templated":true}]}}