{"id":2703,"date":"2024-03-06T17:52:11","date_gmt":"2024-03-06T23:52:11","guid":{"rendered":"https:\/\/www.imer.mx\/radioimer\/?p=2703"},"modified":"2024-03-21T18:01:16","modified_gmt":"2024-03-22T00:01:16","slug":"6-de-marzo-de1927","status":"publish","type":"post","link":"https:\/\/www.imer.mx\/radioimer\/6-de-marzo-de1927\/","title":{"rendered":"6 de marzo de1927."},"content":{"rendered":"<p>Nace el escritor colombiano Gabriel Garc\u00eda M\u00e1rquez,<\/p>\n<p><!--more--><\/p>\n<p>uno de los autores m\u00e1s influyentes del siglo XX y ganador del Premio Nobel de Literatura en 1982. Garc\u00eda M\u00e1rquez es conocido por su estilo \u00fanico y su capacidad para mezclar lo real con lo fant\u00e1stico en obras como &#8220;Cien a\u00f1os de soledad&#8221; y &#8220;El amor en los tiempos del c\u00f3lera&#8221;.<\/p>\n","protected":false},"excerpt":{"rendered":"<p>Nace el escritor colombiano Gabriel Garc\u00eda M\u00e1rquez,<\/p>\n","protected":false},"author":42,"featured_media":2697,"comment_status":"open","ping_status":"open","sticky":false,"template":"","format":"standard","meta":{"wp_popup_display_lightbox":0,"wp_popup_suppress":"","wp_popup_trigger":"","wp_popup_trigger_amount":0,"wp_popup_disable_on_mobile":false,"footnotes":""},"categories":[2],"tags":[],"class_list":["post-2703","post","type-post","status-publish","format-standard","has-post-thumbnail","hentry","category-destacados","category-2","description-off"],"_links":{"self":[{"href":"https:\/\/www.imer.mx\/radioimer\/wp-json\/wp\/v2\/posts\/2703","targetHints":{"allow":["GET"]}}],"collection":[{"href":"https:\/\/www.imer.mx\/radioimer\/wp-json\/wp\/v2\/posts"}],"about":[{"href":"https:\/\/www.imer.mx\/radioimer\/wp-json\/wp\/v2\/types\/post"}],"author":[{"embeddable":true,"href":"https:\/\/www.imer.mx\/radioimer\/wp-json\/wp\/v2\/users\/42"}],"replies":[{"embeddable":true,"href":"https:\/\/www.imer.mx\/radioimer\/wp-json\/wp\/v2\/comments?post=2703"}],"version-history":[{"count":1,"href":"https:\/\/www.imer.mx\/radioimer\/wp-json\/wp\/v2\/posts\/2703\/revisions"}],"predecessor-version":[{"id":2704,"href":"https:\/\/www.imer.mx\/radioimer\/wp-json\/wp\/v2\/posts\/2703\/revisions\/2704"}],"wp:featuredmedia":[{"embeddable":true,"href":"https:\/\/www.imer.mx\/radioimer\/wp-json\/wp\/v2\/media\/2697"}],"wp:attachment":[{"href":"https:\/\/www.imer.mx\/radioimer\/wp-json\/wp\/v2\/media?parent=2703"}],"wp:term":[{"taxonomy":"category","embeddable":true,"href":"https:\/\/www.imer.mx\/radioimer\/wp-json\/wp\/v2\/categories?post=2703"},{"taxonomy":"post_tag","embeddable":true,"href":"https:\/\/www.imer.mx\/radioimer\/wp-json\/wp\/v2\/tags?post=2703"}],"curies":[{"name":"wp","href":"https:\/\/api.w.org\/{rel}","templated":true}]}}