{"id":2691,"date":"2024-03-20T17:24:56","date_gmt":"2024-03-20T23:24:56","guid":{"rendered":"https:\/\/www.imer.mx\/radioimer\/?p=2691"},"modified":"2024-03-20T17:24:56","modified_gmt":"2024-03-20T23:24:56","slug":"20-de-marzo-dia-internacional-de-la-felicidad","status":"publish","type":"post","link":"https:\/\/www.imer.mx\/radioimer\/20-de-marzo-dia-internacional-de-la-felicidad\/","title":{"rendered":"20 de marzo: D\u00eda Internacional de la Felicidad."},"content":{"rendered":"<p>Esta efem\u00e9ride busca promover la felicidad como un objetivo fundamental del ser humano<\/p>\n<p><!--more--><\/p>\n<p>y reconocer su importancia en el bienestar individual y colectivo. Es un d\u00eda para reflexionar sobre qu\u00e9 significa la felicidad y c\u00f3mo podemos cultivarla en nuestras vidas y en nuestras comunidades.<\/p>\n","protected":false},"excerpt":{"rendered":"<p>Esta efem\u00e9ride busca promover la felicidad como un objetivo fundamental del ser humano<\/p>\n","protected":false},"author":42,"featured_media":2692,"comment_status":"open","ping_status":"open","sticky":false,"template":"","format":"standard","meta":{"wp_popup_display_lightbox":0,"wp_popup_suppress":"","wp_popup_trigger":"","wp_popup_trigger_amount":0,"wp_popup_disable_on_mobile":false,"footnotes":""},"categories":[2],"tags":[],"class_list":["post-2691","post","type-post","status-publish","format-standard","has-post-thumbnail","hentry","category-destacados","category-2","description-off"],"_links":{"self":[{"href":"https:\/\/www.imer.mx\/radioimer\/wp-json\/wp\/v2\/posts\/2691","targetHints":{"allow":["GET"]}}],"collection":[{"href":"https:\/\/www.imer.mx\/radioimer\/wp-json\/wp\/v2\/posts"}],"about":[{"href":"https:\/\/www.imer.mx\/radioimer\/wp-json\/wp\/v2\/types\/post"}],"author":[{"embeddable":true,"href":"https:\/\/www.imer.mx\/radioimer\/wp-json\/wp\/v2\/users\/42"}],"replies":[{"embeddable":true,"href":"https:\/\/www.imer.mx\/radioimer\/wp-json\/wp\/v2\/comments?post=2691"}],"version-history":[{"count":1,"href":"https:\/\/www.imer.mx\/radioimer\/wp-json\/wp\/v2\/posts\/2691\/revisions"}],"predecessor-version":[{"id":2693,"href":"https:\/\/www.imer.mx\/radioimer\/wp-json\/wp\/v2\/posts\/2691\/revisions\/2693"}],"wp:featuredmedia":[{"embeddable":true,"href":"https:\/\/www.imer.mx\/radioimer\/wp-json\/wp\/v2\/media\/2692"}],"wp:attachment":[{"href":"https:\/\/www.imer.mx\/radioimer\/wp-json\/wp\/v2\/media?parent=2691"}],"wp:term":[{"taxonomy":"category","embeddable":true,"href":"https:\/\/www.imer.mx\/radioimer\/wp-json\/wp\/v2\/categories?post=2691"},{"taxonomy":"post_tag","embeddable":true,"href":"https:\/\/www.imer.mx\/radioimer\/wp-json\/wp\/v2\/tags?post=2691"}],"curies":[{"name":"wp","href":"https:\/\/api.w.org\/{rel}","templated":true}]}}