{"id":2582,"date":"2024-01-22T18:25:42","date_gmt":"2024-01-23T00:25:42","guid":{"rendered":"https:\/\/www.imer.mx\/radioimer\/?p=2582"},"modified":"2024-01-22T18:33:39","modified_gmt":"2024-01-23T00:33:39","slug":"nomofobia","status":"publish","type":"post","link":"https:\/\/www.imer.mx\/radioimer\/nomofobia\/","title":{"rendered":"Nomofobia"},"content":{"rendered":"<p>Causas y perfil de las personas nomof\u00f3bicas o adictas al tel\u00e9fono m\u00f3vil.<\/p>\n<p><!--more--><\/p>\n<p>Expertos se\u00f1alan que, el perfil del nomofobico es el de una persona que tiene poca confianza en s\u00ed misma y baja&nbsp;autoestima, con carencia de habilidades sociales y de resoluci\u00f3n de conflictos, y que en su tiempo de ocio solo usa&nbsp;el m\u00f3vil y parece incapaz de disfrutar sin \u00e9l.<\/p>\n<p>Una de las causas m\u00e1s relevantes que llevan a una persona a padecer de nomofobia es la necesidad de pertenencia, puesto que, sienten la necesidad de ser parte de alg\u00fan grupo social y consideran solo poder lograrlo con la ayuda de los tel\u00e9fonos m\u00f3viles y el sin fin de redes sociales existentes en la actualidad.<\/p>\n<p>Se contempla que alrededor del mundo existen 8.590 millones de tel\u00e9fonos inteligentes en circulaci\u00f3n y 4,760 millones de usuarios de redes sociales, sin embargo esta cifra va en aumento al paso del tiempo.<\/p>\n<div style=\"width: 940px;\" class=\"wp-video\"><video class=\"wp-video-shortcode\" id=\"video-2582-1\" width=\"940\" height=\"788\" preload=\"metadata\" controls=\"controls\"><source type=\"video\/mp4\" src=\"https:\/\/www.imer.mx\/radioimer\/wp-content\/uploads\/sites\/25\/Nomofobia-.mp4?_=1\" \/><a href=\"https:\/\/www.imer.mx\/radioimer\/wp-content\/uploads\/sites\/25\/Nomofobia-.mp4\">https:\/\/www.imer.mx\/radioimer\/wp-content\/uploads\/sites\/25\/Nomofobia-.mp4<\/a><\/video><\/div>\n","protected":false},"excerpt":{"rendered":"<p>Causas y perfil de las personas nomof\u00f3bicas o adictas al tel\u00e9fono m\u00f3vil.<\/p>\n","protected":false},"author":42,"featured_media":2579,"comment_status":"open","ping_status":"open","sticky":false,"template":"","format":"standard","meta":{"wp_popup_display_lightbox":0,"wp_popup_suppress":"","wp_popup_trigger":"","wp_popup_trigger_amount":0,"wp_popup_disable_on_mobile":false,"footnotes":""},"categories":[2],"tags":[],"class_list":["post-2582","post","type-post","status-publish","format-standard","has-post-thumbnail","hentry","category-destacados","category-2","description-off"],"_links":{"self":[{"href":"https:\/\/www.imer.mx\/radioimer\/wp-json\/wp\/v2\/posts\/2582","targetHints":{"allow":["GET"]}}],"collection":[{"href":"https:\/\/www.imer.mx\/radioimer\/wp-json\/wp\/v2\/posts"}],"about":[{"href":"https:\/\/www.imer.mx\/radioimer\/wp-json\/wp\/v2\/types\/post"}],"author":[{"embeddable":true,"href":"https:\/\/www.imer.mx\/radioimer\/wp-json\/wp\/v2\/users\/42"}],"replies":[{"embeddable":true,"href":"https:\/\/www.imer.mx\/radioimer\/wp-json\/wp\/v2\/comments?post=2582"}],"version-history":[{"count":2,"href":"https:\/\/www.imer.mx\/radioimer\/wp-json\/wp\/v2\/posts\/2582\/revisions"}],"predecessor-version":[{"id":2585,"href":"https:\/\/www.imer.mx\/radioimer\/wp-json\/wp\/v2\/posts\/2582\/revisions\/2585"}],"wp:featuredmedia":[{"embeddable":true,"href":"https:\/\/www.imer.mx\/radioimer\/wp-json\/wp\/v2\/media\/2579"}],"wp:attachment":[{"href":"https:\/\/www.imer.mx\/radioimer\/wp-json\/wp\/v2\/media?parent=2582"}],"wp:term":[{"taxonomy":"category","embeddable":true,"href":"https:\/\/www.imer.mx\/radioimer\/wp-json\/wp\/v2\/categories?post=2582"},{"taxonomy":"post_tag","embeddable":true,"href":"https:\/\/www.imer.mx\/radioimer\/wp-json\/wp\/v2\/tags?post=2582"}],"curies":[{"name":"wp","href":"https:\/\/api.w.org\/{rel}","templated":true}]}}