{"id":2453,"date":"2023-09-25T17:18:43","date_gmt":"2023-09-25T23:18:43","guid":{"rendered":"https:\/\/www.imer.mx\/radioimer\/?p=2453"},"modified":"2023-09-25T17:27:28","modified_gmt":"2023-09-25T23:27:28","slug":"29-de-septiembre","status":"publish","type":"post","link":"https:\/\/www.imer.mx\/radioimer\/29-de-septiembre\/","title":{"rendered":"29 de septiembre"},"content":{"rendered":"<p><strong><em>D\u00eda Nacional del Ma\u00edz en M\u00e9xico.<\/em><\/strong><\/p>\n<p><!--more--><\/p>\n<p>Seg\u00fan datos del arque\u00f3logo de la <strong>Escuela Nacional de Antropolog\u00eda e Historia del INAH<\/strong>, <strong><em>Enrique Vela<\/em><\/strong>, se\u00f1ala que, en la era prehisp\u00e1nica de M\u00e9xico, las variedades m\u00e1s utilizadas eran: el ma\u00edz blanco, negro, rojo y amarillo. De acuerdo con las creencias de los pueblos, los granos de ma\u00edz podr\u00edan utilizarse para preparar bebidas embriagantes que se utilizaban en rituales sagrados, las cuales se hac\u00edan exclusivamente bajo la protecci\u00f3n y encargo del Dios <strong><em>Cint\u00e9otl.<\/em><\/strong><\/p>\n<p>Debido a esta importancia que tiene el ma\u00edz en la cultura mexicana, se ha determinado el 29 de septiembre como el <strong><em>D\u00eda Nacional del ma\u00edz<\/em><\/strong>, con la intenci\u00f3n de reconocer el relevante papel que juega en la econom\u00eda nacional, en la alimentaci\u00f3n, en la cultura y en la vida de los mexicanos.<\/p>\n<p>Escucha Aqu\u00ed, las capsulas que hemos preparado para conmemorar este d\u00eda.<\/p>\n<div class=\"wp-playlist wp-audio-playlist wp-playlist-light\">\n\t\t\t<div class=\"wp-playlist-current-item\"><\/div>\n\t\t<audio controls=\"controls\" preload=\"none\" width=\"1178\"\n\t\t\t><\/audio>\n\t<div class=\"wp-playlist-next\"><\/div>\n\t<div class=\"wp-playlist-prev\"><\/div>\n\t<noscript>\n\t<ol>\n\t\t<li><a href='https:\/\/www.imer.mx\/radioimer\/wp-content\/uploads\/sites\/25\/Dia-Nacional-del-Maiz-v1.mp3'>Dia Nacional del Maiz v1<\/a><\/li><li><a href='https:\/\/www.imer.mx\/radioimer\/wp-content\/uploads\/sites\/25\/Dia-Nacional-del-Maiz-v2.mp3'>Dia Nacional del Maiz v2<\/a><\/li><li><a href='https:\/\/www.imer.mx\/radioimer\/wp-content\/uploads\/sites\/25\/Dia-Nacional-del-Maiz-v3.mp3'>Dia Nacional del Maiz v3<\/a><\/li>\t<\/ol>\n\t<\/noscript>\n\t<script type=\"application\/json\" class=\"wp-playlist-script\">{\"type\":\"audio\",\"tracklist\":true,\"tracknumbers\":true,\"images\":true,\"artists\":true,\"tracks\":[{\"src\":\"https:\/\/www.imer.mx\/radioimer\/wp-content\/uploads\/sites\/25\/Dia-Nacional-del-Maiz-v1.mp3\",\"type\":\"audio\/mpeg\",\"title\":\"Dia Nacional del Maiz v1\",\"caption\":\"\",\"description\":\"\\u00abDia Nacional del Maiz v1\\u00bb. Lanzamiento: 2023.\",\"meta\":{\"year\":\"2023\",\"length_formatted\":\"0:54\"},\"image\":{\"src\":\"https:\/\/www.imer.mx\/radioimer\/wp-includes\/images\/media\/audio.svg\",\"width\":48,\"height\":64},\"thumb\":{\"src\":\"https:\/\/www.imer.mx\/radioimer\/wp-includes\/images\/media\/audio.svg\",\"width\":48,\"height\":64}},{\"src\":\"https:\/\/www.imer.mx\/radioimer\/wp-content\/uploads\/sites\/25\/Dia-Nacional-del-Maiz-v2.mp3\",\"type\":\"audio\/mpeg\",\"title\":\"Dia Nacional del Maiz v2\",\"caption\":\"\",\"description\":\"\\u00abDia Nacional del Maiz v2\\u00bb. Lanzamiento: 2023.\",\"meta\":{\"year\":\"2023\",\"length_formatted\":\"0:04\"},\"image\":{\"src\":\"https:\/\/www.imer.mx\/radioimer\/wp-includes\/images\/media\/audio.svg\",\"width\":48,\"height\":64},\"thumb\":{\"src\":\"https:\/\/www.imer.mx\/radioimer\/wp-includes\/images\/media\/audio.svg\",\"width\":48,\"height\":64}},{\"src\":\"https:\/\/www.imer.mx\/radioimer\/wp-content\/uploads\/sites\/25\/Dia-Nacional-del-Maiz-v3.mp3\",\"type\":\"audio\/mpeg\",\"title\":\"Dia Nacional del Maiz v3\",\"caption\":\"\",\"description\":\"\\u00abDia Nacional del Maiz v3\\u00bb. Lanzamiento: 2023.\",\"meta\":{\"year\":\"2023\",\"length_formatted\":\"1:29\"},\"image\":{\"src\":\"https:\/\/www.imer.mx\/radioimer\/wp-includes\/images\/media\/audio.svg\",\"width\":48,\"height\":64},\"thumb\":{\"src\":\"https:\/\/www.imer.mx\/radioimer\/wp-includes\/images\/media\/audio.svg\",\"width\":48,\"height\":64}}]}<\/script>\n<\/div>\n\t\n","protected":false},"excerpt":{"rendered":"<p>D\u00eda Nacional del Ma\u00edz en M\u00e9xico.<\/p>\n","protected":false},"author":42,"featured_media":2457,"comment_status":"open","ping_status":"open","sticky":false,"template":"","format":"standard","meta":{"wp_popup_display_lightbox":0,"wp_popup_suppress":"","wp_popup_trigger":"","wp_popup_trigger_amount":0,"wp_popup_disable_on_mobile":false,"footnotes":""},"categories":[2],"tags":[],"class_list":["post-2453","post","type-post","status-publish","format-standard","has-post-thumbnail","hentry","category-destacados","category-2","description-off"],"_links":{"self":[{"href":"https:\/\/www.imer.mx\/radioimer\/wp-json\/wp\/v2\/posts\/2453","targetHints":{"allow":["GET"]}}],"collection":[{"href":"https:\/\/www.imer.mx\/radioimer\/wp-json\/wp\/v2\/posts"}],"about":[{"href":"https:\/\/www.imer.mx\/radioimer\/wp-json\/wp\/v2\/types\/post"}],"author":[{"embeddable":true,"href":"https:\/\/www.imer.mx\/radioimer\/wp-json\/wp\/v2\/users\/42"}],"replies":[{"embeddable":true,"href":"https:\/\/www.imer.mx\/radioimer\/wp-json\/wp\/v2\/comments?post=2453"}],"version-history":[{"count":1,"href":"https:\/\/www.imer.mx\/radioimer\/wp-json\/wp\/v2\/posts\/2453\/revisions"}],"predecessor-version":[{"id":2458,"href":"https:\/\/www.imer.mx\/radioimer\/wp-json\/wp\/v2\/posts\/2453\/revisions\/2458"}],"wp:featuredmedia":[{"embeddable":true,"href":"https:\/\/www.imer.mx\/radioimer\/wp-json\/wp\/v2\/media\/2457"}],"wp:attachment":[{"href":"https:\/\/www.imer.mx\/radioimer\/wp-json\/wp\/v2\/media?parent=2453"}],"wp:term":[{"taxonomy":"category","embeddable":true,"href":"https:\/\/www.imer.mx\/radioimer\/wp-json\/wp\/v2\/categories?post=2453"},{"taxonomy":"post_tag","embeddable":true,"href":"https:\/\/www.imer.mx\/radioimer\/wp-json\/wp\/v2\/tags?post=2453"}],"curies":[{"name":"wp","href":"https:\/\/api.w.org\/{rel}","templated":true}]}}