{"id":2445,"date":"2023-09-15T17:07:30","date_gmt":"2023-09-15T23:07:30","guid":{"rendered":"https:\/\/www.imer.mx\/radioimer\/?p=2445"},"modified":"2023-09-20T17:26:21","modified_gmt":"2023-09-20T23:26:21","slug":"15-de-septiembre","status":"publish","type":"post","link":"https:\/\/www.imer.mx\/radioimer\/15-de-septiembre\/","title":{"rendered":"15 de septiembre"},"content":{"rendered":"<p>Conmemoraci\u00f3n del 213 aniversario del grito del inicio de la lucha de independencia.<\/p>\n<p><!--more--><\/p>\n<div class=\"xdj266r x11i5rnm xat24cr x1mh8g0r x1vvkbs x126k92a\">\n<div dir=\"auto\">A cargo del cura Miguel Hidalgo y Costilla, con el cual convoc\u00f3 al pueblo de Dolores, Guanajuato; a trav\u00e9s del repique de las campanas de su iglesia, a levantarse en armas en contra del dominio de los espa\u00f1oles.<\/div>\n<\/div>\n<div class=\"x11i5rnm xat24cr x1mh8g0r x1vvkbs xtlvy1s x126k92a\">\n<div dir=\"auto\"><a class=\"x1i10hfl xjbqb8w x6umtig x1b1mbwd xaqea5y xav7gou x9f619 x1ypdohk xt0psk2 xe8uvvx xdj266r x11i5rnm xat24cr x1mh8g0r xexx8yu x4uap5 x18d9i69 xkhd6sd x16tdsg8 x1hl2dhg xggy1nq x1a2a7pz xt0b8zv x1qq9wsj xo1l8bm\" role=\"link\" href=\"https:\/\/www.facebook.com\/hashtag\/somosradiop%C3%BAblica?__eep__=6&amp;__cft__[0]=AZVE2wIA3omhHK8eBaA9lpLo2GibvLYuTUzlAHk3TlqzMZnpF6N3YhhtfB7bSO5XI3yUmWu7ssC6bAkCP14tCe3j6iitD5JQy0gGBrngWF0PSeVxzAJegUEar8eTOi8rY89zty1AVdUXubCJ8yiOnN7WXl_6Ax7uT8sM4a_d0VZDbY25tb5O2Cr4CCom8w45t6Y&amp;__tn__=*NK-R\">#SomosRadioP\u00fablica<\/a><\/div>\n<\/div>\n","protected":false},"excerpt":{"rendered":"<p>Conmemoraci\u00f3n del 213 aniversario del grito del inicio de la lucha de independencia.<\/p>\n","protected":false},"author":42,"featured_media":2446,"comment_status":"open","ping_status":"open","sticky":false,"template":"","format":"standard","meta":{"wp_popup_display_lightbox":0,"wp_popup_suppress":"","wp_popup_trigger":"","wp_popup_trigger_amount":0,"wp_popup_disable_on_mobile":false,"footnotes":""},"categories":[2],"tags":[],"class_list":["post-2445","post","type-post","status-publish","format-standard","has-post-thumbnail","hentry","category-destacados","category-2","description-off"],"_links":{"self":[{"href":"https:\/\/www.imer.mx\/radioimer\/wp-json\/wp\/v2\/posts\/2445","targetHints":{"allow":["GET"]}}],"collection":[{"href":"https:\/\/www.imer.mx\/radioimer\/wp-json\/wp\/v2\/posts"}],"about":[{"href":"https:\/\/www.imer.mx\/radioimer\/wp-json\/wp\/v2\/types\/post"}],"author":[{"embeddable":true,"href":"https:\/\/www.imer.mx\/radioimer\/wp-json\/wp\/v2\/users\/42"}],"replies":[{"embeddable":true,"href":"https:\/\/www.imer.mx\/radioimer\/wp-json\/wp\/v2\/comments?post=2445"}],"version-history":[{"count":1,"href":"https:\/\/www.imer.mx\/radioimer\/wp-json\/wp\/v2\/posts\/2445\/revisions"}],"predecessor-version":[{"id":2447,"href":"https:\/\/www.imer.mx\/radioimer\/wp-json\/wp\/v2\/posts\/2445\/revisions\/2447"}],"wp:featuredmedia":[{"embeddable":true,"href":"https:\/\/www.imer.mx\/radioimer\/wp-json\/wp\/v2\/media\/2446"}],"wp:attachment":[{"href":"https:\/\/www.imer.mx\/radioimer\/wp-json\/wp\/v2\/media?parent=2445"}],"wp:term":[{"taxonomy":"category","embeddable":true,"href":"https:\/\/www.imer.mx\/radioimer\/wp-json\/wp\/v2\/categories?post=2445"},{"taxonomy":"post_tag","embeddable":true,"href":"https:\/\/www.imer.mx\/radioimer\/wp-json\/wp\/v2\/tags?post=2445"}],"curies":[{"name":"wp","href":"https:\/\/api.w.org\/{rel}","templated":true}]}}