{"id":2402,"date":"2023-07-30T14:21:07","date_gmt":"2023-07-30T20:21:07","guid":{"rendered":"https:\/\/www.imer.mx\/radioimer\/?p=2402"},"modified":"2023-07-31T14:25:10","modified_gmt":"2023-07-31T20:25:10","slug":"dia-mundial-contra-la-trata-de-personas","status":"publish","type":"post","link":"https:\/\/www.imer.mx\/radioimer\/dia-mundial-contra-la-trata-de-personas\/","title":{"rendered":"D\u00eda Mundial contra la Trata de Personas"},"content":{"rendered":"<p>La trata de personas es un delito que explota a mujeres, ni\u00f1as, ni\u00f1os y hombres con numerosos prop\u00f3sitos, incluidos el trabajo forzoso y la explotaci\u00f3n sexual.<!--more--><\/p>\n<p>La cantidad de personas que fueron v\u00edctimas de trata en el pa\u00eds increment\u00f3 de 113 durante el periodo de enero a abril de 2022 a 116 en los mismos meses de 2023, esto representa un aumento de 2.7 por ciento, seg\u00fan el Blog de datos e incidencia pol\u00edtica de la<em> Red por los Derechos de la Infancia en M\u00e9xico (REDIM).<\/em><\/p>\n<div style=\"width: 940px;\" class=\"wp-video\"><video class=\"wp-video-shortcode\" id=\"video-2402-1\" width=\"940\" height=\"788\" preload=\"metadata\" controls=\"controls\"><source type=\"video\/mp4\" src=\"https:\/\/www.imer.mx\/radioimer\/wp-content\/uploads\/sites\/25\/DIA-MUNDIAL-CONTRA-LA-TRATA-DE-PERSONAS.mp4?_=1\" \/><a href=\"https:\/\/www.imer.mx\/radioimer\/wp-content\/uploads\/sites\/25\/DIA-MUNDIAL-CONTRA-LA-TRATA-DE-PERSONAS.mp4\">https:\/\/www.imer.mx\/radioimer\/wp-content\/uploads\/sites\/25\/DIA-MUNDIAL-CONTRA-LA-TRATA-DE-PERSONAS.mp4<\/a><\/video><\/div>\n","protected":false},"excerpt":{"rendered":"<p>La trata de personas es un delito que explota a mujeres, ni\u00f1as, ni\u00f1os y hombres con numerosos prop\u00f3sitos, incluidos el trabajo forzoso y la explotaci\u00f3n sexual.<\/p>\n","protected":false},"author":42,"featured_media":2400,"comment_status":"open","ping_status":"open","sticky":false,"template":"","format":"standard","meta":{"wp_popup_display_lightbox":0,"wp_popup_suppress":"","wp_popup_trigger":"","wp_popup_trigger_amount":0,"wp_popup_disable_on_mobile":false,"footnotes":""},"categories":[2],"tags":[],"class_list":["post-2402","post","type-post","status-publish","format-standard","has-post-thumbnail","hentry","category-destacados","category-2","description-off"],"_links":{"self":[{"href":"https:\/\/www.imer.mx\/radioimer\/wp-json\/wp\/v2\/posts\/2402","targetHints":{"allow":["GET"]}}],"collection":[{"href":"https:\/\/www.imer.mx\/radioimer\/wp-json\/wp\/v2\/posts"}],"about":[{"href":"https:\/\/www.imer.mx\/radioimer\/wp-json\/wp\/v2\/types\/post"}],"author":[{"embeddable":true,"href":"https:\/\/www.imer.mx\/radioimer\/wp-json\/wp\/v2\/users\/42"}],"replies":[{"embeddable":true,"href":"https:\/\/www.imer.mx\/radioimer\/wp-json\/wp\/v2\/comments?post=2402"}],"version-history":[{"count":1,"href":"https:\/\/www.imer.mx\/radioimer\/wp-json\/wp\/v2\/posts\/2402\/revisions"}],"predecessor-version":[{"id":2403,"href":"https:\/\/www.imer.mx\/radioimer\/wp-json\/wp\/v2\/posts\/2402\/revisions\/2403"}],"wp:featuredmedia":[{"embeddable":true,"href":"https:\/\/www.imer.mx\/radioimer\/wp-json\/wp\/v2\/media\/2400"}],"wp:attachment":[{"href":"https:\/\/www.imer.mx\/radioimer\/wp-json\/wp\/v2\/media?parent=2402"}],"wp:term":[{"taxonomy":"category","embeddable":true,"href":"https:\/\/www.imer.mx\/radioimer\/wp-json\/wp\/v2\/categories?post=2402"},{"taxonomy":"post_tag","embeddable":true,"href":"https:\/\/www.imer.mx\/radioimer\/wp-json\/wp\/v2\/tags?post=2402"}],"curies":[{"name":"wp","href":"https:\/\/api.w.org\/{rel}","templated":true}]}}