{"id":1956,"date":"2022-05-15T15:02:00","date_gmt":"2022-05-15T20:02:00","guid":{"rendered":"https:\/\/www.imer.mx\/radioimer\/?p=1956"},"modified":"2022-05-17T15:02:50","modified_gmt":"2022-05-17T20:02:50","slug":"dia-del-maestro-en-mexico","status":"publish","type":"post","link":"https:\/\/www.imer.mx\/radioimer\/dia-del-maestro-en-mexico\/","title":{"rendered":"D\u00eda del Maestro en M\u00e9xico"},"content":{"rendered":"<p>15 DE MAYO.<\/p>\n<p><!--more--><\/p>\n<p>D\u00eda del Maestro en M\u00e9xico.<\/p>\n<p>Celebraci\u00f3n que dio inicio en 1918, gracias a la iniciativa de legisladores en turno con el fin de instituir un d\u00eda del a\u00f1o para homenajear al magisterio de nuestro pa\u00eds.<\/p>\n","protected":false},"excerpt":{"rendered":"<p>15 DE MAYO.<\/p>\n","protected":false},"author":42,"featured_media":1957,"comment_status":"open","ping_status":"open","sticky":false,"template":"","format":"standard","meta":{"wp_popup_display_lightbox":0,"wp_popup_suppress":"","wp_popup_trigger":"","wp_popup_trigger_amount":0,"wp_popup_disable_on_mobile":false,"footnotes":""},"categories":[2],"tags":[],"class_list":["post-1956","post","type-post","status-publish","format-standard","has-post-thumbnail","hentry","category-destacados","category-2","description-off"],"_links":{"self":[{"href":"https:\/\/www.imer.mx\/radioimer\/wp-json\/wp\/v2\/posts\/1956","targetHints":{"allow":["GET"]}}],"collection":[{"href":"https:\/\/www.imer.mx\/radioimer\/wp-json\/wp\/v2\/posts"}],"about":[{"href":"https:\/\/www.imer.mx\/radioimer\/wp-json\/wp\/v2\/types\/post"}],"author":[{"embeddable":true,"href":"https:\/\/www.imer.mx\/radioimer\/wp-json\/wp\/v2\/users\/42"}],"replies":[{"embeddable":true,"href":"https:\/\/www.imer.mx\/radioimer\/wp-json\/wp\/v2\/comments?post=1956"}],"version-history":[{"count":0,"href":"https:\/\/www.imer.mx\/radioimer\/wp-json\/wp\/v2\/posts\/1956\/revisions"}],"wp:featuredmedia":[{"embeddable":true,"href":"https:\/\/www.imer.mx\/radioimer\/wp-json\/wp\/v2\/media\/1957"}],"wp:attachment":[{"href":"https:\/\/www.imer.mx\/radioimer\/wp-json\/wp\/v2\/media?parent=1956"}],"wp:term":[{"taxonomy":"category","embeddable":true,"href":"https:\/\/www.imer.mx\/radioimer\/wp-json\/wp\/v2\/categories?post=1956"},{"taxonomy":"post_tag","embeddable":true,"href":"https:\/\/www.imer.mx\/radioimer\/wp-json\/wp\/v2\/tags?post=1956"}],"curies":[{"name":"wp","href":"https:\/\/api.w.org\/{rel}","templated":true}]}}