{"id":878,"date":"2013-12-01T10:44:40","date_gmt":"2013-12-01T16:44:40","guid":{"rendered":"http:\/\/radioazul.imer.gob.mx\/?p=878"},"modified":"2016-02-29T11:14:20","modified_gmt":"2016-02-29T17:14:20","slug":"rellenos-sanitarios","status":"publish","type":"post","link":"https:\/\/www.imer.mx\/radioazul\/rellenos-sanitarios\/","title":{"rendered":"Rellenos sanitarios"},"content":{"rendered":"<p><img loading=\"lazy\" decoding=\"async\" class=\"alignleft wp-image-885\" src=\"https:\/\/www.imer.mx\/radioazul\/wp-content\/uploads\/sites\/29\/rellenossanitarios_fbk.jpg\" alt=\"rellenossanitarios_fbk\" width=\"300\" height=\"300\" srcset=\"https:\/\/www.imer.mx\/radioazul\/wp-content\/uploads\/sites\/29\/rellenossanitarios_fbk.jpg 500w, https:\/\/www.imer.mx\/radioazul\/wp-content\/uploads\/sites\/29\/rellenossanitarios_fbk-150x150.jpg 150w, https:\/\/www.imer.mx\/radioazul\/wp-content\/uploads\/sites\/29\/rellenossanitarios_fbk-300x300.jpg 300w\" sizes=\"auto, (max-width: 300px) 100vw, 300px\" \/>En su campa\u00f1a &#8220;un planeta para todos&#8221;, Radio Azul, la radio p\u00fablica, te invita a escuchar el programa <b><i>Rellenos sanitarios: una alternativa o una fuente de contaminaci\u00f3n<\/i><\/b>, espacio en el que se debaten puntos importantes de la problem\u00e1tica social y de salud, que traen los rellenos sanitarios cuando no son construidos y utilizados como se deben.<\/p>\n<p>Escucha el programa \u201c<strong>Rellenos sanitarios<\/strong>\u201d.<\/p>\n<p>&nbsp;<\/p>\n","protected":false},"excerpt":{"rendered":"<p>En su campa\u00f1a &#8220;un planeta para todos&#8221;, Radio Azul, la radio p\u00fablica, te invita a escuchar el programa Rellenos sanitarios: una alternativa o una fuente de contaminaci\u00f3n.<br \/>\n<a href=\"https:\/\/www.imer.mx\/radioazul\/rellenos-sanitarios\/\">Escucha el audio<\/a><\/p>\n","protected":false},"author":1,"featured_media":885,"comment_status":"closed","ping_status":"closed","sticky":false,"template":"","format":"audio","meta":{"wp_popup_display_lightbox":0,"wp_popup_suppress":"","wp_popup_trigger":"","wp_popup_trigger_amount":0,"wp_popup_disable_on_mobile":false,"footnotes":""},"categories":[2,14],"tags":[],"class_list":["post-878","post","type-post","status-publish","format-audio","has-post-thumbnail","hentry","category-audiosold","category-un-planeta-para-todos","post_format-post-format-audio","category-2","category-14","description-off"],"_links":{"self":[{"href":"https:\/\/www.imer.mx\/radioazul\/wp-json\/wp\/v2\/posts\/878","targetHints":{"allow":["GET"]}}],"collection":[{"href":"https:\/\/www.imer.mx\/radioazul\/wp-json\/wp\/v2\/posts"}],"about":[{"href":"https:\/\/www.imer.mx\/radioazul\/wp-json\/wp\/v2\/types\/post"}],"author":[{"embeddable":true,"href":"https:\/\/www.imer.mx\/radioazul\/wp-json\/wp\/v2\/users\/1"}],"replies":[{"embeddable":true,"href":"https:\/\/www.imer.mx\/radioazul\/wp-json\/wp\/v2\/comments?post=878"}],"version-history":[{"count":0,"href":"https:\/\/www.imer.mx\/radioazul\/wp-json\/wp\/v2\/posts\/878\/revisions"}],"wp:featuredmedia":[{"embeddable":true,"href":"https:\/\/www.imer.mx\/radioazul\/wp-json\/wp\/v2\/media\/885"}],"wp:attachment":[{"href":"https:\/\/www.imer.mx\/radioazul\/wp-json\/wp\/v2\/media?parent=878"}],"wp:term":[{"taxonomy":"category","embeddable":true,"href":"https:\/\/www.imer.mx\/radioazul\/wp-json\/wp\/v2\/categories?post=878"},{"taxonomy":"post_tag","embeddable":true,"href":"https:\/\/www.imer.mx\/radioazul\/wp-json\/wp\/v2\/tags?post=878"}],"curies":[{"name":"wp","href":"https:\/\/api.w.org\/{rel}","templated":true}]}}