{"id":844,"date":"2013-11-26T10:57:41","date_gmt":"2013-11-26T16:57:41","guid":{"rendered":"http:\/\/radioazul.imer.mx\/?p=844"},"modified":"2016-02-29T11:24:32","modified_gmt":"2016-02-29T17:24:32","slug":"victor-yturbe-el-piruli","status":"publish","type":"post","link":"https:\/\/www.imer.mx\/radioazul\/victor-yturbe-el-piruli\/","title":{"rendered":"V\u00edctor Yturbe \u201cEl Pirul\u00ed\u201d"},"content":{"rendered":"<p><b><img loading=\"lazy\" decoding=\"async\" class=\"alignleft wp-image-839\" src=\"https:\/\/www.imer.mx\/radioazul\/wp-content\/uploads\/sites\/29\/piruli_fbk.jpg\" alt=\"piruli_fbk\" width=\"300\" height=\"300\" srcset=\"https:\/\/www.imer.mx\/radioazul\/wp-content\/uploads\/sites\/29\/piruli_fbk.jpg 500w, https:\/\/www.imer.mx\/radioazul\/wp-content\/uploads\/sites\/29\/piruli_fbk-150x150.jpg 150w, https:\/\/www.imer.mx\/radioazul\/wp-content\/uploads\/sites\/29\/piruli_fbk-300x300.jpg 300w\" sizes=\"auto, (max-width: 300px) 100vw, 300px\" \/><\/b>V\u00edctor Yturbe \u201cEl Pirul\u00ed\u201d, fue un cantante mexicano de boleros y ranchero, considerado como uno de los mejores int\u00e9rpretes en M\u00e9xico.<\/p>\n<p>Esc\u00fachalo el viernes 29 de noviembre, en &#8220;Con sabor a M\u00e9xico&#8221; a las 13:00 horas y 21:00 horas en C\u00e1psula del tiempo.<\/p>\n<p><b>Radio Azul 107.9 de FM y 1560 de AM, <\/b><\/p>\n<p><b><a href=\"http:\/\/www.imer.mx\">www.imer.mx<\/a><\/b><\/p>\n<p>Una alternativa en el cuadrante\u2026<\/p>\n","protected":false},"excerpt":{"rendered":"<p>V\u00edctor Yturbe \u201cEl Pirul\u00ed\u201d, fue un cantante mexicano de boleros y ranchero, considerado como uno de los mejores int\u00e9rpretes en M\u00e9xico.<br \/>\n<a href=\"https:\/\/www.imer.mx\/radioazul\/victor-yturbe-el-piruli\/\">Leer m\u00e1s<\/a><\/p>\n","protected":false},"author":1,"featured_media":839,"comment_status":"closed","ping_status":"closed","sticky":false,"template":"","format":"standard","meta":{"wp_popup_display_lightbox":0,"wp_popup_suppress":"","wp_popup_trigger":"","wp_popup_trigger_amount":0,"wp_popup_disable_on_mobile":false,"footnotes":""},"categories":[3,7],"tags":[],"class_list":["post-844","post","type-post","status-publish","format-standard","has-post-thumbnail","hentry","category-destacados","category-radioazul","category-3","category-7","description-off"],"_links":{"self":[{"href":"https:\/\/www.imer.mx\/radioazul\/wp-json\/wp\/v2\/posts\/844","targetHints":{"allow":["GET"]}}],"collection":[{"href":"https:\/\/www.imer.mx\/radioazul\/wp-json\/wp\/v2\/posts"}],"about":[{"href":"https:\/\/www.imer.mx\/radioazul\/wp-json\/wp\/v2\/types\/post"}],"author":[{"embeddable":true,"href":"https:\/\/www.imer.mx\/radioazul\/wp-json\/wp\/v2\/users\/1"}],"replies":[{"embeddable":true,"href":"https:\/\/www.imer.mx\/radioazul\/wp-json\/wp\/v2\/comments?post=844"}],"version-history":[{"count":0,"href":"https:\/\/www.imer.mx\/radioazul\/wp-json\/wp\/v2\/posts\/844\/revisions"}],"wp:featuredmedia":[{"embeddable":true,"href":"https:\/\/www.imer.mx\/radioazul\/wp-json\/wp\/v2\/media\/839"}],"wp:attachment":[{"href":"https:\/\/www.imer.mx\/radioazul\/wp-json\/wp\/v2\/media?parent=844"}],"wp:term":[{"taxonomy":"category","embeddable":true,"href":"https:\/\/www.imer.mx\/radioazul\/wp-json\/wp\/v2\/categories?post=844"},{"taxonomy":"post_tag","embeddable":true,"href":"https:\/\/www.imer.mx\/radioazul\/wp-json\/wp\/v2\/tags?post=844"}],"curies":[{"name":"wp","href":"https:\/\/api.w.org\/{rel}","templated":true}]}}