{"id":3572,"date":"2023-10-20T18:47:12","date_gmt":"2023-10-21T00:47:12","guid":{"rendered":"https:\/\/www.imer.mx\/radioazul\/?p=3572"},"modified":"2023-10-20T18:47:12","modified_gmt":"2023-10-21T00:47:12","slug":"20-octubre-dia-mund-osteoporosis","status":"publish","type":"post","link":"https:\/\/www.imer.mx\/radioazul\/20-octubre-dia-mund-osteoporosis\/","title":{"rendered":"20 de octubre: D\u00eda Mundial de la Osteoporosis"},"content":{"rendered":"<div class=\"wpb-content-wrapper\"><p>[vc_row][vc_column][vc_single_image image=&#8221;3570&#8243; img_size=&#8221;full&#8221;]<div id=\"ultimate-heading-985069f2cc210cd9d\" class=\"uvc-heading ult-adjust-bottom-margin ultimate-heading-985069f2cc210cd9d uvc-7934  uvc-heading-default-font-sizes\" data-hspacer=\"no_spacer\"  data-halign=\"left\" style=\"text-align:left\"><div class=\"uvc-heading-spacer no_spacer\" style=\"top\"><\/div><div class=\"uvc-main-heading ult-responsive\"  data-ultimate-target='.uvc-heading.ultimate-heading-985069f2cc210cd9d h3'  data-responsive-json-new='{\"font-size\":\"\",\"line-height\":\"\"}' ><h3 style=\"font-weight:bold;margin-bottom:12px;\">20 de octubre: D\u00eda Mundial de la Osteoporosis<\/h3><\/div><\/div>[vc_column_text]La osteoporosis afecta a millones de personas en todo el mundo y es una de las principales causas de dolor, discapacidad y p\u00e9rdida de independencia en las personas mayores, esta fecha tiene el prop\u00f3sito de concientizar a la poblaci\u00f3n sobre la prevenci\u00f3n, el diagn\u00f3stico y su tratamiento. De acuerdo con datos del Centro Nacional de Programas Preventivos y Control de Enfermedades (Cenaprece) de la Secretar\u00eda de Salud, en M\u00e9xico una de cada 12 mujeres y uno de cada 20 hombres mayores de 50 a\u00f1os sufrir\u00e1n una fractura de cadera en lo que les resta de vida.[\/vc_column_text][vc_column_text]<\/p>\n<audio class=\"wp-audio-shortcode\" id=\"audio-3572-1\" preload=\"none\" style=\"width: 100%;\" controls=\"controls\"><source type=\"audio\/mpeg\" src=\"https:\/\/www.imer.mx\/radioazul\/wp-content\/uploads\/sites\/29\/capsula_radio_azul_20oct_dia_mund_osteoporosis.mp3?_=1\" \/><a href=\"https:\/\/www.imer.mx\/radioazul\/wp-content\/uploads\/sites\/29\/capsula_radio_azul_20oct_dia_mund_osteoporosis.mp3\">https:\/\/www.imer.mx\/radioazul\/wp-content\/uploads\/sites\/29\/capsula_radio_azul_20oct_dia_mund_osteoporosis.mp3<\/a><\/audio>\n<p>[\/vc_column_text][\/vc_column][\/vc_row]<\/p>\n<\/div>","protected":false},"excerpt":{"rendered":"<p>[vc_row][vc_column][vc_single_image image=&#8221;3570&#8243; img_size=&#8221;full&#8221;][vc_column_text]La osteoporosis afecta a millones de personas en todo el mundo y es una de las principales causas de dolor, discapacidad y p\u00e9rdida de independencia en las personas mayores, esta fecha tiene el prop\u00f3sito de concientizar a la poblaci\u00f3n sobre la prevenci\u00f3n, el diagn\u00f3stico y su tratamiento. De acuerdo con datos del Centro&hellip;<\/p>\n","protected":false},"author":1,"featured_media":3570,"comment_status":"open","ping_status":"open","sticky":false,"template":"","format":"standard","meta":{"wp_popup_display_lightbox":0,"wp_popup_suppress":"","wp_popup_trigger":"","wp_popup_trigger_amount":0,"wp_popup_disable_on_mobile":false,"footnotes":""},"categories":[23],"tags":[],"class_list":["post-3572","post","type-post","status-publish","format-standard","has-post-thumbnail","hentry","category-capsulas","category-23","description-off"],"_links":{"self":[{"href":"https:\/\/www.imer.mx\/radioazul\/wp-json\/wp\/v2\/posts\/3572","targetHints":{"allow":["GET"]}}],"collection":[{"href":"https:\/\/www.imer.mx\/radioazul\/wp-json\/wp\/v2\/posts"}],"about":[{"href":"https:\/\/www.imer.mx\/radioazul\/wp-json\/wp\/v2\/types\/post"}],"author":[{"embeddable":true,"href":"https:\/\/www.imer.mx\/radioazul\/wp-json\/wp\/v2\/users\/1"}],"replies":[{"embeddable":true,"href":"https:\/\/www.imer.mx\/radioazul\/wp-json\/wp\/v2\/comments?post=3572"}],"version-history":[{"count":1,"href":"https:\/\/www.imer.mx\/radioazul\/wp-json\/wp\/v2\/posts\/3572\/revisions"}],"predecessor-version":[{"id":3573,"href":"https:\/\/www.imer.mx\/radioazul\/wp-json\/wp\/v2\/posts\/3572\/revisions\/3573"}],"wp:featuredmedia":[{"embeddable":true,"href":"https:\/\/www.imer.mx\/radioazul\/wp-json\/wp\/v2\/media\/3570"}],"wp:attachment":[{"href":"https:\/\/www.imer.mx\/radioazul\/wp-json\/wp\/v2\/media?parent=3572"}],"wp:term":[{"taxonomy":"category","embeddable":true,"href":"https:\/\/www.imer.mx\/radioazul\/wp-json\/wp\/v2\/categories?post=3572"},{"taxonomy":"post_tag","embeddable":true,"href":"https:\/\/www.imer.mx\/radioazul\/wp-json\/wp\/v2\/tags?post=3572"}],"curies":[{"name":"wp","href":"https:\/\/api.w.org\/{rel}","templated":true}]}}