{"id":3535,"date":"2023-08-09T14:00:07","date_gmt":"2023-08-09T20:00:07","guid":{"rendered":"https:\/\/www.imer.mx\/radioazul\/?p=3535"},"modified":"2023-08-09T14:00:07","modified_gmt":"2023-08-09T20:00:07","slug":"09-de-agosto-dia-internacional-de-los-pueblos-indigenas","status":"publish","type":"post","link":"https:\/\/www.imer.mx\/radioazul\/09-de-agosto-dia-internacional-de-los-pueblos-indigenas\/","title":{"rendered":"09 de agosto: D\u00eda Internacional de los Pueblos Ind\u00edgenas"},"content":{"rendered":"<div class=\"wpb-content-wrapper\"><p>[vc_row][vc_column][vc_single_image image=&#8221;3534&#8243; img_size=&#8221;full&#8221;]<div id=\"ultimate-heading-290569f3e392c23dc\" class=\"uvc-heading ult-adjust-bottom-margin ultimate-heading-290569f3e392c23dc uvc-9056  uvc-heading-default-font-sizes\" data-hspacer=\"no_spacer\"  data-halign=\"left\" style=\"text-align:left\"><div class=\"uvc-heading-spacer no_spacer\" style=\"top\"><\/div><div class=\"uvc-main-heading ult-responsive\"  data-ultimate-target='.uvc-heading.ultimate-heading-290569f3e392c23dc h3'  data-responsive-json-new='{\"font-size\":\"\",\"line-height\":\"\"}' ><h3 style=\"font-weight:bold;margin-bottom:12px;\">09 de agosto: D\u00eda Internacional de los Pueblos Ind\u00edgenas<\/h3><\/div><\/div>[vc_column_text]Cada a\u00f1o, el 9 de agosto, se conmemora el D\u00eda Internacional de los Pueblos Ind\u00edgenas. Es un d\u00eda para reflexionar sobre la herencia cultural que forma parte de la identidad de las naciones: sus tradiciones, valores, idiomas y costumbres; los pueblos ind\u00edgenas son la base de sistemas de organizaci\u00f3n y de cooperaci\u00f3n, adem\u00e1s de resaltar sus aportaciones a las ciencias y al cuidado y preservaci\u00f3n de los recursos naturales.[\/vc_column_text][vc_column_text]<\/p>\n<audio class=\"wp-audio-shortcode\" id=\"audio-3535-1\" preload=\"none\" style=\"width: 100%;\" controls=\"controls\"><source type=\"audio\/mpeg\" src=\"https:\/\/www.imer.mx\/radioazul\/wp-content\/uploads\/sites\/29\/radio_azul_capsula_9ago_dia_de_pueblos_indigenas.mp3?_=1\" \/><a href=\"https:\/\/www.imer.mx\/radioazul\/wp-content\/uploads\/sites\/29\/radio_azul_capsula_9ago_dia_de_pueblos_indigenas.mp3\">https:\/\/www.imer.mx\/radioazul\/wp-content\/uploads\/sites\/29\/radio_azul_capsula_9ago_dia_de_pueblos_indigenas.mp3<\/a><\/audio>\n<p>[\/vc_column_text][\/vc_column][\/vc_row]<\/p>\n<\/div>","protected":false},"excerpt":{"rendered":"<p>[vc_row][vc_column][vc_single_image image=&#8221;3534&#8243; img_size=&#8221;full&#8221;][vc_column_text]Cada a\u00f1o, el 9 de agosto, se conmemora el D\u00eda Internacional de los Pueblos Ind\u00edgenas. Es un d\u00eda para reflexionar sobre la herencia cultural que forma parte de la identidad de las naciones: sus tradiciones, valores, idiomas y costumbres; los pueblos ind\u00edgenas son la base de sistemas de organizaci\u00f3n y de cooperaci\u00f3n, adem\u00e1s&hellip;<\/p>\n","protected":false},"author":1,"featured_media":3534,"comment_status":"open","ping_status":"open","sticky":false,"template":"","format":"standard","meta":{"wp_popup_display_lightbox":0,"wp_popup_suppress":"","wp_popup_trigger":"","wp_popup_trigger_amount":0,"wp_popup_disable_on_mobile":false,"footnotes":""},"categories":[23],"tags":[],"class_list":["post-3535","post","type-post","status-publish","format-standard","has-post-thumbnail","hentry","category-capsulas","category-23","description-off"],"_links":{"self":[{"href":"https:\/\/www.imer.mx\/radioazul\/wp-json\/wp\/v2\/posts\/3535","targetHints":{"allow":["GET"]}}],"collection":[{"href":"https:\/\/www.imer.mx\/radioazul\/wp-json\/wp\/v2\/posts"}],"about":[{"href":"https:\/\/www.imer.mx\/radioazul\/wp-json\/wp\/v2\/types\/post"}],"author":[{"embeddable":true,"href":"https:\/\/www.imer.mx\/radioazul\/wp-json\/wp\/v2\/users\/1"}],"replies":[{"embeddable":true,"href":"https:\/\/www.imer.mx\/radioazul\/wp-json\/wp\/v2\/comments?post=3535"}],"version-history":[{"count":1,"href":"https:\/\/www.imer.mx\/radioazul\/wp-json\/wp\/v2\/posts\/3535\/revisions"}],"predecessor-version":[{"id":3537,"href":"https:\/\/www.imer.mx\/radioazul\/wp-json\/wp\/v2\/posts\/3535\/revisions\/3537"}],"wp:featuredmedia":[{"embeddable":true,"href":"https:\/\/www.imer.mx\/radioazul\/wp-json\/wp\/v2\/media\/3534"}],"wp:attachment":[{"href":"https:\/\/www.imer.mx\/radioazul\/wp-json\/wp\/v2\/media?parent=3535"}],"wp:term":[{"taxonomy":"category","embeddable":true,"href":"https:\/\/www.imer.mx\/radioazul\/wp-json\/wp\/v2\/categories?post=3535"},{"taxonomy":"post_tag","embeddable":true,"href":"https:\/\/www.imer.mx\/radioazul\/wp-json\/wp\/v2\/tags?post=3535"}],"curies":[{"name":"wp","href":"https:\/\/api.w.org\/{rel}","templated":true}]}}