{"id":3474,"date":"2023-05-18T15:05:40","date_gmt":"2023-05-18T21:05:40","guid":{"rendered":"https:\/\/www.imer.mx\/radioazul\/?p=3474"},"modified":"2023-05-18T15:05:40","modified_gmt":"2023-05-18T21:05:40","slug":"17-de-mayo-dia-int-vs-homo-bi-trans-fobia","status":"publish","type":"post","link":"https:\/\/www.imer.mx\/radioazul\/17-de-mayo-dia-int-vs-homo-bi-trans-fobia\/","title":{"rendered":"17 de mayo: D\u00eda Nacional e Internacional contra la Homofobia, Bifobia y la Transfobia"},"content":{"rendered":"<div class=\"wpb-content-wrapper\"><p>[vc_row][vc_column][vc_single_image image=&#8221;3472&#8243; img_size=&#8221;full&#8221;]<div id=\"ultimate-heading-948569f5e1641e4a7\" class=\"uvc-heading ult-adjust-bottom-margin ultimate-heading-948569f5e1641e4a7 uvc-3811  uvc-heading-default-font-sizes\" data-hspacer=\"no_spacer\"  data-halign=\"left\" style=\"text-align:left\"><div class=\"uvc-heading-spacer no_spacer\" style=\"top\"><\/div><div class=\"uvc-main-heading ult-responsive\"  data-ultimate-target='.uvc-heading.ultimate-heading-948569f5e1641e4a7 h3'  data-responsive-json-new='{\"font-size\":\"\",\"line-height\":\"\"}' ><h3 style=\"font-weight:bold;margin-bottom:12px;\">17 de mayo: D\u00eda Nacional e Internacional contra la Homofobia, Bifobia y la Transfobia<\/h3><\/div><\/div>[vc_column_text]Las personas LGBTI siguen siendo sujetos a padecer violaciones de sus derechos humanos fundamentales, pues la sociedad sigue manifestando violencia, cr\u00edmenes de odio y otras formas de discriminaci\u00f3n por motivos de identidad de g\u00e9nero y\/u orientaci\u00f3n sexual, a pesar de que existen modificaciones legislativas en beneficio de los derechos de la diversidad sexual. La conmemoraci\u00f3n se da en recuerdo del 17 de mayo de 1990 que la Organizaci\u00f3n Mundial de la Salud elimin\u00f3 a la homosexualidad de la clasificaci\u00f3n internacional de enfermedades psiqui\u00e1tricas.[\/vc_column_text][vc_column_text]<\/p>\n<audio class=\"wp-audio-shortcode\" id=\"audio-3474-1\" preload=\"none\" style=\"width: 100%;\" controls=\"controls\"><source type=\"audio\/mpeg\" src=\"https:\/\/www.imer.mx\/radioazul\/wp-content\/uploads\/sites\/29\/radio_azul_capsula_17may_dia_int_vs_homofobia.mp3?_=1\" \/><a href=\"https:\/\/www.imer.mx\/radioazul\/wp-content\/uploads\/sites\/29\/radio_azul_capsula_17may_dia_int_vs_homofobia.mp3\">https:\/\/www.imer.mx\/radioazul\/wp-content\/uploads\/sites\/29\/radio_azul_capsula_17may_dia_int_vs_homofobia.mp3<\/a><\/audio>\n<p>[\/vc_column_text][\/vc_column][\/vc_row]<\/p>\n<\/div>","protected":false},"excerpt":{"rendered":"<p>[vc_row][vc_column][vc_single_image image=&#8221;3472&#8243; img_size=&#8221;full&#8221;][vc_column_text]Las personas LGBTI siguen siendo sujetos a padecer violaciones de sus derechos humanos fundamentales, pues la sociedad sigue manifestando violencia, cr\u00edmenes de odio y otras formas de discriminaci\u00f3n por motivos de identidad de g\u00e9nero y\/u orientaci\u00f3n sexual, a pesar de que existen modificaciones legislativas en beneficio de los derechos de la diversidad sexual.&hellip;<\/p>\n","protected":false},"author":1,"featured_media":3472,"comment_status":"open","ping_status":"open","sticky":false,"template":"","format":"standard","meta":{"wp_popup_display_lightbox":0,"wp_popup_suppress":"","wp_popup_trigger":"","wp_popup_trigger_amount":0,"wp_popup_disable_on_mobile":false,"footnotes":""},"categories":[23],"tags":[],"class_list":["post-3474","post","type-post","status-publish","format-standard","has-post-thumbnail","hentry","category-capsulas","category-23","description-off"],"_links":{"self":[{"href":"https:\/\/www.imer.mx\/radioazul\/wp-json\/wp\/v2\/posts\/3474","targetHints":{"allow":["GET"]}}],"collection":[{"href":"https:\/\/www.imer.mx\/radioazul\/wp-json\/wp\/v2\/posts"}],"about":[{"href":"https:\/\/www.imer.mx\/radioazul\/wp-json\/wp\/v2\/types\/post"}],"author":[{"embeddable":true,"href":"https:\/\/www.imer.mx\/radioazul\/wp-json\/wp\/v2\/users\/1"}],"replies":[{"embeddable":true,"href":"https:\/\/www.imer.mx\/radioazul\/wp-json\/wp\/v2\/comments?post=3474"}],"version-history":[{"count":1,"href":"https:\/\/www.imer.mx\/radioazul\/wp-json\/wp\/v2\/posts\/3474\/revisions"}],"predecessor-version":[{"id":3475,"href":"https:\/\/www.imer.mx\/radioazul\/wp-json\/wp\/v2\/posts\/3474\/revisions\/3475"}],"wp:featuredmedia":[{"embeddable":true,"href":"https:\/\/www.imer.mx\/radioazul\/wp-json\/wp\/v2\/media\/3472"}],"wp:attachment":[{"href":"https:\/\/www.imer.mx\/radioazul\/wp-json\/wp\/v2\/media?parent=3474"}],"wp:term":[{"taxonomy":"category","embeddable":true,"href":"https:\/\/www.imer.mx\/radioazul\/wp-json\/wp\/v2\/categories?post=3474"},{"taxonomy":"post_tag","embeddable":true,"href":"https:\/\/www.imer.mx\/radioazul\/wp-json\/wp\/v2\/tags?post=3474"}],"curies":[{"name":"wp","href":"https:\/\/api.w.org\/{rel}","templated":true}]}}