{"id":3422,"date":"2023-03-03T17:46:03","date_gmt":"2023-03-03T23:46:03","guid":{"rendered":"https:\/\/www.imer.mx\/radioazul\/?p=3422"},"modified":"2023-03-03T18:02:22","modified_gmt":"2023-03-04T00:02:22","slug":"03-marzo-dia-mund-vida-silvestre","status":"publish","type":"post","link":"https:\/\/www.imer.mx\/radioazul\/03-marzo-dia-mund-vida-silvestre\/","title":{"rendered":"3 de marzo: D\u00eda Mundial de la Vida Silvestre"},"content":{"rendered":"<div class=\"wpb-content-wrapper\"><p>[vc_row][vc_column][vc_single_image image=&#8221;3424&#8243; img_size=&#8221;full&#8221;]<div id=\"ultimate-heading-641869f5165d0afc5\" class=\"uvc-heading ult-adjust-bottom-margin ultimate-heading-641869f5165d0afc5 uvc-5041  uvc-heading-default-font-sizes\" data-hspacer=\"no_spacer\"  data-halign=\"left\" style=\"text-align:left\"><div class=\"uvc-heading-spacer no_spacer\" style=\"top\"><\/div><div class=\"uvc-main-heading ult-responsive\"  data-ultimate-target='.uvc-heading.ultimate-heading-641869f5165d0afc5 h3'  data-responsive-json-new='{\"font-size\":\"\",\"line-height\":\"\"}' ><h3 style=\"font-weight:bold;margin-bottom:12px;\">3 de marzo: D\u00eda Mundial de la Vida Silvestre<\/h3><\/div><\/div>[vc_column_text]Cada 3 de marzo se celebra el D\u00eda Mundial de la Vida Silvestre, su importancia radica en fomentar conciencia del valor de la fauna y la flora, indispensables para la producci\u00f3n de alimentos, energ\u00eda, materiales, medicinas, as\u00ed como de espacios para la recreaci\u00f3n e inspiraci\u00f3n entre otras muchas contribuciones vitales para el bienestar y desarrollo humano. Debemos ser actores sociales participativos, donde trabajemos empresas, gobierno y la comunidad en la preservaci\u00f3n y mejora del medio ambiente. En este D\u00eda Mundial de la Vida Silvestre, \u00a1Reconozcamos su incalculable valor![\/vc_column_text][vc_column_text]<\/p>\n<audio class=\"wp-audio-shortcode\" id=\"audio-3422-1\" preload=\"none\" style=\"width: 100%;\" controls=\"controls\"><source type=\"audio\/mpeg\" src=\"https:\/\/www.imer.mx\/radioazul\/wp-content\/uploads\/sites\/29\/radio_azul_capsula_03mzo_dia_mund_vida_silvestre.mp3?_=1\" \/><a href=\"https:\/\/www.imer.mx\/radioazul\/wp-content\/uploads\/sites\/29\/radio_azul_capsula_03mzo_dia_mund_vida_silvestre.mp3\">https:\/\/www.imer.mx\/radioazul\/wp-content\/uploads\/sites\/29\/radio_azul_capsula_03mzo_dia_mund_vida_silvestre.mp3<\/a><\/audio>\n<p>[\/vc_column_text][\/vc_column][\/vc_row]<\/p>\n<\/div>","protected":false},"excerpt":{"rendered":"<p>[vc_row][vc_column][vc_single_image image=&#8221;3424&#8243; img_size=&#8221;full&#8221;][vc_column_text]Cada 3 de marzo se celebra el D\u00eda Mundial de la Vida Silvestre, su importancia radica en fomentar conciencia del valor de la fauna y la flora, indispensables para la producci\u00f3n de alimentos, energ\u00eda, materiales, medicinas, as\u00ed como de espacios para la recreaci\u00f3n e inspiraci\u00f3n entre otras muchas contribuciones vitales para el bienestar&hellip;<\/p>\n","protected":false},"author":1,"featured_media":3424,"comment_status":"open","ping_status":"open","sticky":false,"template":"","format":"standard","meta":{"wp_popup_display_lightbox":0,"wp_popup_suppress":"","wp_popup_trigger":"","wp_popup_trigger_amount":0,"wp_popup_disable_on_mobile":false,"footnotes":""},"categories":[23],"tags":[],"class_list":["post-3422","post","type-post","status-publish","format-standard","has-post-thumbnail","hentry","category-capsulas","category-23","description-off"],"_links":{"self":[{"href":"https:\/\/www.imer.mx\/radioazul\/wp-json\/wp\/v2\/posts\/3422","targetHints":{"allow":["GET"]}}],"collection":[{"href":"https:\/\/www.imer.mx\/radioazul\/wp-json\/wp\/v2\/posts"}],"about":[{"href":"https:\/\/www.imer.mx\/radioazul\/wp-json\/wp\/v2\/types\/post"}],"author":[{"embeddable":true,"href":"https:\/\/www.imer.mx\/radioazul\/wp-json\/wp\/v2\/users\/1"}],"replies":[{"embeddable":true,"href":"https:\/\/www.imer.mx\/radioazul\/wp-json\/wp\/v2\/comments?post=3422"}],"version-history":[{"count":2,"href":"https:\/\/www.imer.mx\/radioazul\/wp-json\/wp\/v2\/posts\/3422\/revisions"}],"predecessor-version":[{"id":3426,"href":"https:\/\/www.imer.mx\/radioazul\/wp-json\/wp\/v2\/posts\/3422\/revisions\/3426"}],"wp:featuredmedia":[{"embeddable":true,"href":"https:\/\/www.imer.mx\/radioazul\/wp-json\/wp\/v2\/media\/3424"}],"wp:attachment":[{"href":"https:\/\/www.imer.mx\/radioazul\/wp-json\/wp\/v2\/media?parent=3422"}],"wp:term":[{"taxonomy":"category","embeddable":true,"href":"https:\/\/www.imer.mx\/radioazul\/wp-json\/wp\/v2\/categories?post=3422"},{"taxonomy":"post_tag","embeddable":true,"href":"https:\/\/www.imer.mx\/radioazul\/wp-json\/wp\/v2\/tags?post=3422"}],"curies":[{"name":"wp","href":"https:\/\/api.w.org\/{rel}","templated":true}]}}