{"id":3403,"date":"2023-02-10T20:56:22","date_gmt":"2023-02-11T02:56:22","guid":{"rendered":"https:\/\/www.imer.mx\/radioazul\/?p=3403"},"modified":"2023-02-10T20:56:22","modified_gmt":"2023-02-11T02:56:22","slug":"13-de-febrero-dia-mundial-de-la-radio","status":"publish","type":"post","link":"https:\/\/www.imer.mx\/radioazul\/13-de-febrero-dia-mundial-de-la-radio\/","title":{"rendered":"13 de Febrero, d\u00eda mundial de la radio: Radio y Paz"},"content":{"rendered":"<div class=\"wpb-content-wrapper\"><p>[vc_row][vc_column][vc_single_image image=&#8221;3404&#8243; img_size=&#8221;full&#8221;]<div id=\"ultimate-heading-793769f4ff48ad206\" class=\"uvc-heading ult-adjust-bottom-margin ultimate-heading-793769f4ff48ad206 uvc-5370  uvc-heading-default-font-sizes\" data-hspacer=\"no_spacer\"  data-halign=\"left\" style=\"text-align:left\"><div class=\"uvc-heading-spacer no_spacer\" style=\"top\"><\/div><div class=\"uvc-main-heading ult-responsive\"  data-ultimate-target='.uvc-heading.ultimate-heading-793769f4ff48ad206 h3'  data-responsive-json-new='{\"font-size\":\"\",\"line-height\":\"\"}' ><h3 style=\"font-weight:bold;margin-bottom:12px;\">13 de Febrero, d\u00eda mundial de la radio: Radio y Paz<\/h3><\/div><\/div>[vc_column_text]En el d\u00eda mundial de la Radio, es necesario reconocer el poder que tiene para transformar una sociedad, como promotora del di\u00e1logo y m\u00e1s a\u00fan como un medio para alcanzar la tolerancia y la Paz. Con una trascendencia hist\u00f3rica en la que ha sido part\u00edcipe de los cambios pol\u00edticos, sociales y culturales.[\/vc_column_text][vc_column_text]<\/p>\n<audio class=\"wp-audio-shortcode\" id=\"audio-3403-1\" preload=\"none\" style=\"width: 100%;\" controls=\"controls\"><source type=\"audio\/mpeg\" src=\"https:\/\/www.imer.mx\/radioazul\/wp-content\/uploads\/sites\/29\/radio_azul_capsula_13feb_dia_mund_radio.mp3?_=1\" \/><a href=\"https:\/\/www.imer.mx\/radioazul\/wp-content\/uploads\/sites\/29\/radio_azul_capsula_13feb_dia_mund_radio.mp3\">https:\/\/www.imer.mx\/radioazul\/wp-content\/uploads\/sites\/29\/radio_azul_capsula_13feb_dia_mund_radio.mp3<\/a><\/audio>\n<p>[\/vc_column_text][\/vc_column][\/vc_row]<\/p>\n<\/div>","protected":false},"excerpt":{"rendered":"<p>[vc_row][vc_column][vc_single_image image=&#8221;3404&#8243; img_size=&#8221;full&#8221;][vc_column_text]En el d\u00eda mundial de la Radio, es necesario reconocer el poder que tiene para transformar una sociedad, como promotora del di\u00e1logo y m\u00e1s a\u00fan como un medio para alcanzar la tolerancia y la Paz. Con una trascendencia hist\u00f3rica en la que ha sido part\u00edcipe de los cambios pol\u00edticos, sociales y culturales.[\/vc_column_text][vc_column_text] [\/vc_column_text][\/vc_column][\/vc_row]<\/p>\n","protected":false},"author":1,"featured_media":3404,"comment_status":"open","ping_status":"open","sticky":false,"template":"","format":"standard","meta":{"wp_popup_display_lightbox":0,"wp_popup_suppress":"","wp_popup_trigger":"","wp_popup_trigger_amount":0,"wp_popup_disable_on_mobile":false,"footnotes":""},"categories":[23],"tags":[],"class_list":["post-3403","post","type-post","status-publish","format-standard","has-post-thumbnail","hentry","category-capsulas","category-23","description-off"],"_links":{"self":[{"href":"https:\/\/www.imer.mx\/radioazul\/wp-json\/wp\/v2\/posts\/3403","targetHints":{"allow":["GET"]}}],"collection":[{"href":"https:\/\/www.imer.mx\/radioazul\/wp-json\/wp\/v2\/posts"}],"about":[{"href":"https:\/\/www.imer.mx\/radioazul\/wp-json\/wp\/v2\/types\/post"}],"author":[{"embeddable":true,"href":"https:\/\/www.imer.mx\/radioazul\/wp-json\/wp\/v2\/users\/1"}],"replies":[{"embeddable":true,"href":"https:\/\/www.imer.mx\/radioazul\/wp-json\/wp\/v2\/comments?post=3403"}],"version-history":[{"count":1,"href":"https:\/\/www.imer.mx\/radioazul\/wp-json\/wp\/v2\/posts\/3403\/revisions"}],"predecessor-version":[{"id":3406,"href":"https:\/\/www.imer.mx\/radioazul\/wp-json\/wp\/v2\/posts\/3403\/revisions\/3406"}],"wp:featuredmedia":[{"embeddable":true,"href":"https:\/\/www.imer.mx\/radioazul\/wp-json\/wp\/v2\/media\/3404"}],"wp:attachment":[{"href":"https:\/\/www.imer.mx\/radioazul\/wp-json\/wp\/v2\/media?parent=3403"}],"wp:term":[{"taxonomy":"category","embeddable":true,"href":"https:\/\/www.imer.mx\/radioazul\/wp-json\/wp\/v2\/categories?post=3403"},{"taxonomy":"post_tag","embeddable":true,"href":"https:\/\/www.imer.mx\/radioazul\/wp-json\/wp\/v2\/tags?post=3403"}],"curies":[{"name":"wp","href":"https:\/\/api.w.org\/{rel}","templated":true}]}}