{"id":3239,"date":"2021-11-25T02:44:46","date_gmt":"2021-11-25T08:44:46","guid":{"rendered":"https:\/\/www.imer.mx\/radioazul\/?p=3239"},"modified":"2021-11-25T02:45:33","modified_gmt":"2021-11-25T08:45:33","slug":"25-de-noviembre-dia-int-eliminacion-violencia-vs-mujer","status":"publish","type":"post","link":"https:\/\/www.imer.mx\/radioazul\/25-de-noviembre-dia-int-eliminacion-violencia-vs-mujer\/","title":{"rendered":"25 de Noviembre, D\u00eda Internacional de la Eliminaci\u00f3n de la Violencia Contra la Mujer"},"content":{"rendered":"<div class=\"wpb-content-wrapper\" id=\"wpb-content-root\"><p>[vc_row][vc_column][vc_single_image image=&#8221;3238&#8243; img_size=&#8221;full&#8221;]<div id=\"ultimate-heading-11756a94ff1dcd9fb\" class=\"uvc-heading ult-adjust-bottom-margin ultimate-heading-11756a94ff1dcd9fb uvc-5871  uvc-heading-default-font-sizes\" data-hspacer=\"no_spacer\"  data-halign=\"left\" style=\"text-align:left\"><div class=\"uvc-heading-spacer no_spacer\" style=\"top\"><\/div><div class=\"uvc-main-heading ult-responsive\"  data-ultimate-target='.uvc-heading.ultimate-heading-11756a94ff1dcd9fb h3'  data-responsive-json-new='{\"font-size\":\"\",\"line-height\":\"\"}' ><h3 style=\"font-weight:bold;margin-bottom:12px;\">25 de Noviembre: D\u00eda Internacional de la Eliminaci\u00f3n de la Violencia Contra la Mujer<\/h3><\/div><\/div>[vc_column_text]Con el objetivo de concientizar sobre la violencia de g\u00e9nero, y a la vez poner un alto a las pr\u00e1cticas que ponen en vulnerabilidad a las ni\u00f1as y mujeres del mundo, Radio Azul comparte este <strong>25 de noviembre<\/strong>, una c\u00e1psula informativa sobre el <strong>D\u00eda Internacional de la Eliminaci\u00f3n de la Violencia Contra la Mujer.<\/strong><\/p>\n<p>La c\u00e1psula muestra las formas comunes de violencia y las acciones que se realizan por parte de los gobiernos para su eliminaci\u00f3n, vamos a escucharla.[\/vc_column_text][vc_column_text]<\/p>\n<audio class=\"wp-audio-shortcode\" id=\"audio-3239-1\" preload=\"none\" style=\"width: 100%;\" controls=\"controls\"><source type=\"audio\/mpeg\" src=\"https:\/\/www.imer.mx\/radioazul\/wp-content\/uploads\/sites\/29\/radio_azul_capsula_25nov_dia_int_elim_violen_vs_mujer.mp3?_=1\" \/><a href=\"https:\/\/www.imer.mx\/radioazul\/wp-content\/uploads\/sites\/29\/radio_azul_capsula_25nov_dia_int_elim_violen_vs_mujer.mp3\">https:\/\/www.imer.mx\/radioazul\/wp-content\/uploads\/sites\/29\/radio_azul_capsula_25nov_dia_int_elim_violen_vs_mujer.mp3<\/a><\/audio>\n<p>[\/vc_column_text][\/vc_column][\/vc_row]<\/p>\n<\/div>","protected":false},"excerpt":{"rendered":"<p>[vc_row][vc_column][vc_single_image image=&#8221;3238&#8243; img_size=&#8221;full&#8221;][vc_column_text]Con el objetivo de concientizar sobre la violencia de g\u00e9nero, y a la vez poner un alto a las pr\u00e1cticas que ponen en vulnerabilidad a las ni\u00f1as y mujeres del mundo, Radio Azul comparte este 25 de noviembre, una c\u00e1psula informativa sobre el D\u00eda Internacional de la Eliminaci\u00f3n de la Violencia Contra la&hellip;<\/p>\n","protected":false},"author":1,"featured_media":3238,"comment_status":"open","ping_status":"open","sticky":false,"template":"","format":"standard","meta":{"wp_popup_display_lightbox":0,"wp_popup_suppress":"","wp_popup_trigger":"","wp_popup_trigger_amount":0,"wp_popup_disable_on_mobile":false,"footnotes":""},"categories":[23],"tags":[],"class_list":["post-3239","post","type-post","status-publish","format-standard","has-post-thumbnail","hentry","category-capsulas","category-23","description-off"],"_links":{"self":[{"href":"https:\/\/www.imer.mx\/radioazul\/wp-json\/wp\/v2\/posts\/3239","targetHints":{"allow":["GET"]}}],"collection":[{"href":"https:\/\/www.imer.mx\/radioazul\/wp-json\/wp\/v2\/posts"}],"about":[{"href":"https:\/\/www.imer.mx\/radioazul\/wp-json\/wp\/v2\/types\/post"}],"author":[{"embeddable":true,"href":"https:\/\/www.imer.mx\/radioazul\/wp-json\/wp\/v2\/users\/1"}],"replies":[{"embeddable":true,"href":"https:\/\/www.imer.mx\/radioazul\/wp-json\/wp\/v2\/comments?post=3239"}],"version-history":[{"count":0,"href":"https:\/\/www.imer.mx\/radioazul\/wp-json\/wp\/v2\/posts\/3239\/revisions"}],"wp:featuredmedia":[{"embeddable":true,"href":"https:\/\/www.imer.mx\/radioazul\/wp-json\/wp\/v2\/media\/3238"}],"wp:attachment":[{"href":"https:\/\/www.imer.mx\/radioazul\/wp-json\/wp\/v2\/media?parent=3239"}],"wp:term":[{"taxonomy":"category","embeddable":true,"href":"https:\/\/www.imer.mx\/radioazul\/wp-json\/wp\/v2\/categories?post=3239"},{"taxonomy":"post_tag","embeddable":true,"href":"https:\/\/www.imer.mx\/radioazul\/wp-json\/wp\/v2\/tags?post=3239"}],"curies":[{"name":"wp","href":"https:\/\/api.w.org\/{rel}","templated":true}]}}