{"id":3217,"date":"2021-10-14T16:39:04","date_gmt":"2021-10-14T21:39:04","guid":{"rendered":"https:\/\/www.imer.mx\/radioazul\/?p=3217"},"modified":"2021-10-14T16:39:04","modified_gmt":"2021-10-14T21:39:04","slug":"14-de-octubre-dia-mundial-donacion-organos","status":"publish","type":"post","link":"https:\/\/www.imer.mx\/radioazul\/14-de-octubre-dia-mundial-donacion-organos\/","title":{"rendered":"14 de Octubre: D\u00eda Mundial de la Donaci\u00f3n de \u00d3rganos, Tejidos y Trasplantes"},"content":{"rendered":"<div class=\"wpb-content-wrapper\" id=\"wpb-content-root\"><p>[vc_row][vc_column][vc_single_image image=&#8221;3219&#8243; img_size=&#8221;full&#8221;]<div id=\"ultimate-heading-61436a950b1e2dddb\" class=\"uvc-heading ult-adjust-bottom-margin ultimate-heading-61436a950b1e2dddb uvc-9301  uvc-heading-default-font-sizes\" data-hspacer=\"no_spacer\"  data-halign=\"left\" style=\"text-align:left\"><div class=\"uvc-heading-spacer no_spacer\" style=\"top\"><\/div><div class=\"uvc-main-heading ult-responsive\"  data-ultimate-target='.uvc-heading.ultimate-heading-61436a950b1e2dddb h3'  data-responsive-json-new='{\"font-size\":\"\",\"line-height\":\"\"}' ><h3 style=\"font-weight:bold;margin-bottom:12px;\">14 de Octubre: D\u00eda Mundial de la Donaci\u00f3n de \u00d3rganos, Tejidos y Trasplantes<\/h3><\/div><\/div>[vc_column_text]<strong>Este 14 de octubre se celebra el D\u00eda Mundial de la Donaci\u00f3n de \u00d3rganos, Tejidos y Trasplantes<\/strong>, una celebraci\u00f3n que tiene como prop\u00f3sito incentivar en todas las personas del mundo el querer ser donantes y as\u00ed salvar la vida de otras personas.<\/p>\n<p>Hoy en d\u00eda, persisten muchas creencias que impiden pensar en ser donantes, pero ser donante de \u00f3rganos no es correr un riesgo, sino m\u00e1s bien convertirse en una salvaci\u00f3n para otros.<\/p>\n<p>Radio Azul te invita a conocer m\u00e1s sobre esta pr\u00e1ctica con la siguiente c\u00e1psula informativa. Vamos a escucharla.[\/vc_column_text][vc_column_text]<\/p>\n<audio class=\"wp-audio-shortcode\" id=\"audio-3217-1\" preload=\"none\" style=\"width: 100%;\" controls=\"controls\"><source type=\"audio\/mpeg\" src=\"https:\/\/www.imer.mx\/radioazul\/wp-content\/uploads\/sites\/29\/radio_azul_capsula_14oct_dia_mund_donacion_organos.mp3?_=1\" \/><a href=\"https:\/\/www.imer.mx\/radioazul\/wp-content\/uploads\/sites\/29\/radio_azul_capsula_14oct_dia_mund_donacion_organos.mp3\">https:\/\/www.imer.mx\/radioazul\/wp-content\/uploads\/sites\/29\/radio_azul_capsula_14oct_dia_mund_donacion_organos.mp3<\/a><\/audio>\n<p>[\/vc_column_text][\/vc_column][\/vc_row]<\/p>\n<\/div>","protected":false},"excerpt":{"rendered":"<p>[vc_row][vc_column][vc_single_image image=&#8221;3219&#8243; img_size=&#8221;full&#8221;][vc_column_text]Este 14 de octubre se celebra el D\u00eda Mundial de la Donaci\u00f3n de \u00d3rganos, Tejidos y Trasplantes, una celebraci\u00f3n que tiene como prop\u00f3sito incentivar en todas las personas del mundo el querer ser donantes y as\u00ed salvar la vida de otras personas. Hoy en d\u00eda, persisten muchas creencias que impiden pensar en ser&hellip;<\/p>\n","protected":false},"author":1,"featured_media":3219,"comment_status":"open","ping_status":"open","sticky":false,"template":"","format":"standard","meta":{"wp_popup_display_lightbox":0,"wp_popup_suppress":"","wp_popup_trigger":"","wp_popup_trigger_amount":0,"wp_popup_disable_on_mobile":false,"footnotes":""},"categories":[23],"tags":[],"class_list":["post-3217","post","type-post","status-publish","format-standard","has-post-thumbnail","hentry","category-capsulas","category-23","description-off"],"_links":{"self":[{"href":"https:\/\/www.imer.mx\/radioazul\/wp-json\/wp\/v2\/posts\/3217","targetHints":{"allow":["GET"]}}],"collection":[{"href":"https:\/\/www.imer.mx\/radioazul\/wp-json\/wp\/v2\/posts"}],"about":[{"href":"https:\/\/www.imer.mx\/radioazul\/wp-json\/wp\/v2\/types\/post"}],"author":[{"embeddable":true,"href":"https:\/\/www.imer.mx\/radioazul\/wp-json\/wp\/v2\/users\/1"}],"replies":[{"embeddable":true,"href":"https:\/\/www.imer.mx\/radioazul\/wp-json\/wp\/v2\/comments?post=3217"}],"version-history":[{"count":0,"href":"https:\/\/www.imer.mx\/radioazul\/wp-json\/wp\/v2\/posts\/3217\/revisions"}],"wp:featuredmedia":[{"embeddable":true,"href":"https:\/\/www.imer.mx\/radioazul\/wp-json\/wp\/v2\/media\/3219"}],"wp:attachment":[{"href":"https:\/\/www.imer.mx\/radioazul\/wp-json\/wp\/v2\/media?parent=3217"}],"wp:term":[{"taxonomy":"category","embeddable":true,"href":"https:\/\/www.imer.mx\/radioazul\/wp-json\/wp\/v2\/categories?post=3217"},{"taxonomy":"post_tag","embeddable":true,"href":"https:\/\/www.imer.mx\/radioazul\/wp-json\/wp\/v2\/tags?post=3217"}],"curies":[{"name":"wp","href":"https:\/\/api.w.org\/{rel}","templated":true}]}}