{"id":1523,"date":"2014-09-12T11:22:40","date_gmt":"2014-09-12T16:22:40","guid":{"rendered":"http:\/\/www.imer.mx\/radioazul\/?p=1523"},"modified":"2019-06-03T13:19:05","modified_gmt":"2019-06-03T18:19:05","slug":"mexico-historias-de-libertad","status":"publish","type":"post","link":"https:\/\/www.imer.mx\/radioazul\/mexico-historias-de-libertad\/","title":{"rendered":"M\u00e9xico, Historias de libertad"},"content":{"rendered":"<p><a href=\"https:\/\/www.imer.mx\/radioazul\/wp-content\/uploads\/sites\/29\/orgullomexicano_fullslide.jpg\"><img loading=\"lazy\" decoding=\"async\" class=\"alignnone size-full wp-image-1513\" src=\"https:\/\/www.imer.mx\/radioazul\/wp-content\/uploads\/sites\/29\/orgullomexicano_fullslide.jpg\" alt=\"orgullomexicano_fullslide\" width=\"940\" height=\"285\" srcset=\"https:\/\/www.imer.mx\/radioazul\/wp-content\/uploads\/sites\/29\/orgullomexicano_fullslide.jpg 940w, https:\/\/www.imer.mx\/radioazul\/wp-content\/uploads\/sites\/29\/orgullomexicano_fullslide-300x90.jpg 300w\" sizes=\"auto, (max-width: 940px) 100vw, 940px\" \/><\/a><\/p>\n<p>La Independencia de M\u00e9xico fue la consecuencia de un proceso pol\u00edtico y social resuelto por la v\u00eda de las armas, que puso fin al dominio espa\u00f1ol en los territorios de Nueva Espa\u00f1a. Escucha \u201c<strong>M\u00e9xico, historias de libertad<\/strong>\u201d.<\/p>\n<audio class=\"wp-audio-shortcode\" id=\"audio-1523-1\" preload=\"none\" style=\"width: 100%;\" controls=\"controls\"><source type=\"audio\/mpeg\" src=\"https:\/\/www.imer.mx\/radioazul\/wp-content\/uploads\/sites\/29\/MEXICO-HISTORIAS-DE-LIBERTAD.mp3?_=1\" \/><a href=\"https:\/\/www.imer.mx\/radioazul\/wp-content\/uploads\/sites\/29\/MEXICO-HISTORIAS-DE-LIBERTAD.mp3\">https:\/\/www.imer.mx\/radioazul\/wp-content\/uploads\/sites\/29\/MEXICO-HISTORIAS-DE-LIBERTAD.mp3<\/a><\/audio>\n","protected":false},"excerpt":{"rendered":"<p>La Independencia de M\u00e9xico fue la consecuencia de un proceso pol\u00edtico y social resuelto por la v\u00eda de las armas, que puso fin al dominio espa\u00f1ol en los territorios de Nueva Espa\u00f1a. Escucha \u201c<strong>M\u00e9xico, historias de libertad<\/strong>\u201d.<br \/>\n<strong>Siente el orgullo mexicano, \u00a1Porque M\u00e9xico eres t\u00fa!<\/strong><br \/>\n<a href=\"https:\/\/www.imer.mx\/radioazul\/mexico-historias-de-libertad\/\">Escucha el audio<\/a><\/p>\n","protected":false},"author":1,"featured_media":1518,"comment_status":"closed","ping_status":"closed","sticky":false,"template":"","format":"standard","meta":{"wp_popup_display_lightbox":0,"wp_popup_suppress":"","wp_popup_trigger":"","wp_popup_trigger_amount":0,"wp_popup_disable_on_mobile":false,"footnotes":""},"categories":[20],"tags":[],"class_list":["post-1523","post","type-post","status-publish","format-standard","has-post-thumbnail","hentry","category-porque-mexico-eres-tu","category-20","description-off"],"_links":{"self":[{"href":"https:\/\/www.imer.mx\/radioazul\/wp-json\/wp\/v2\/posts\/1523","targetHints":{"allow":["GET"]}}],"collection":[{"href":"https:\/\/www.imer.mx\/radioazul\/wp-json\/wp\/v2\/posts"}],"about":[{"href":"https:\/\/www.imer.mx\/radioazul\/wp-json\/wp\/v2\/types\/post"}],"author":[{"embeddable":true,"href":"https:\/\/www.imer.mx\/radioazul\/wp-json\/wp\/v2\/users\/1"}],"replies":[{"embeddable":true,"href":"https:\/\/www.imer.mx\/radioazul\/wp-json\/wp\/v2\/comments?post=1523"}],"version-history":[{"count":0,"href":"https:\/\/www.imer.mx\/radioazul\/wp-json\/wp\/v2\/posts\/1523\/revisions"}],"wp:featuredmedia":[{"embeddable":true,"href":"https:\/\/www.imer.mx\/radioazul\/wp-json\/wp\/v2\/media\/1518"}],"wp:attachment":[{"href":"https:\/\/www.imer.mx\/radioazul\/wp-json\/wp\/v2\/media?parent=1523"}],"wp:term":[{"taxonomy":"category","embeddable":true,"href":"https:\/\/www.imer.mx\/radioazul\/wp-json\/wp\/v2\/categories?post=1523"},{"taxonomy":"post_tag","embeddable":true,"href":"https:\/\/www.imer.mx\/radioazul\/wp-json\/wp\/v2\/tags?post=1523"}],"curies":[{"name":"wp","href":"https:\/\/api.w.org\/{rel}","templated":true}]}}