{"id":1331,"date":"2014-06-02T18:02:29","date_gmt":"2014-06-02T23:02:29","guid":{"rendered":"http:\/\/www.imer.mx\/radioazul\/?p=1331"},"modified":"2019-06-03T13:20:40","modified_gmt":"2019-06-03T18:20:40","slug":"programa-sobre-salud-mental","status":"publish","type":"post","link":"https:\/\/www.imer.mx\/radioazul\/programa-sobre-salud-mental\/","title":{"rendered":"Programa sobre Salud Mental"},"content":{"rendered":"<p><img loading=\"lazy\" decoding=\"async\" class=\"aligncenter wp-image-1330 size-full\" src=\"https:\/\/www.imer.mx\/radioazul\/wp-content\/uploads\/sites\/29\/saludmental_prog_twitter.jpg\" alt=\"saludmental_prog_twitter\" width=\"600\" height=\"300\" srcset=\"https:\/\/www.imer.mx\/radioazul\/wp-content\/uploads\/sites\/29\/saludmental_prog_twitter.jpg 600w, https:\/\/www.imer.mx\/radioazul\/wp-content\/uploads\/sites\/29\/saludmental_prog_twitter-300x150.jpg 300w\" sizes=\"auto, (max-width: 600px) 100vw, 600px\" \/>La salud mental es un estado de bienestar psicol\u00f3gico y emocional que permite al sujeto emplear sus habilidades mentales, sociales y sentimentales para desempe\u00f1arse con \u00e9xito en las interacciones cotidianas, pero \u00bfQu\u00e9 pasa cuando no tengo este deseado bienestar?, \u00bfDebo acudir con un psic\u00f3logo o un psiquiatra?<\/p>\n<p>Da click en el siguiente link y ent\u00e9rate m\u00e1s del tema:<\/p>\n<audio class=\"wp-audio-shortcode\" id=\"audio-1331-1\" preload=\"none\" style=\"width: 100%;\" controls=\"controls\"><source type=\"audio\/mpeg\" src=\"https:\/\/www.imer.mx\/radioazul\/wp-content\/uploads\/sites\/29\/saludmental_radioazul.mp3?_=1\" \/><a href=\"https:\/\/www.imer.mx\/radioazul\/wp-content\/uploads\/sites\/29\/saludmental_radioazul.mp3\">https:\/\/www.imer.mx\/radioazul\/wp-content\/uploads\/sites\/29\/saludmental_radioazul.mp3<\/a><\/audio>\n","protected":false},"excerpt":{"rendered":"<p>La salud mental es un estado de bienestar psicol\u00f3gico y emocional que permite al sujeto emplear sus habilidades mentales, sociales y sentimentales para desempe\u00f1arse con \u00e9xito en las interacciones cotidianas, pero \u00bfQu\u00e9 pasa cuando no tengo este deseado bienestar?, \u00bfDebo acudir con un psic\u00f3logo o un psiquiatra?.<br \/>\n<a href=\"https:\/\/www.imer.mx\/radioazul\/programa-sobre-salud-mental\/\">Escucha el audio<\/a><\/p>\n","protected":false},"author":1,"featured_media":1329,"comment_status":"closed","ping_status":"closed","sticky":false,"template":"","format":"standard","meta":{"wp_popup_display_lightbox":0,"wp_popup_suppress":"","wp_popup_trigger":"","wp_popup_trigger_amount":0,"wp_popup_disable_on_mobile":false,"footnotes":""},"categories":[2,19],"tags":[],"class_list":["post-1331","post","type-post","status-publish","format-standard","has-post-thumbnail","hentry","category-audiosold","category-salud-mental","category-2","category-19","description-off"],"_links":{"self":[{"href":"https:\/\/www.imer.mx\/radioazul\/wp-json\/wp\/v2\/posts\/1331","targetHints":{"allow":["GET"]}}],"collection":[{"href":"https:\/\/www.imer.mx\/radioazul\/wp-json\/wp\/v2\/posts"}],"about":[{"href":"https:\/\/www.imer.mx\/radioazul\/wp-json\/wp\/v2\/types\/post"}],"author":[{"embeddable":true,"href":"https:\/\/www.imer.mx\/radioazul\/wp-json\/wp\/v2\/users\/1"}],"replies":[{"embeddable":true,"href":"https:\/\/www.imer.mx\/radioazul\/wp-json\/wp\/v2\/comments?post=1331"}],"version-history":[{"count":0,"href":"https:\/\/www.imer.mx\/radioazul\/wp-json\/wp\/v2\/posts\/1331\/revisions"}],"wp:featuredmedia":[{"embeddable":true,"href":"https:\/\/www.imer.mx\/radioazul\/wp-json\/wp\/v2\/media\/1329"}],"wp:attachment":[{"href":"https:\/\/www.imer.mx\/radioazul\/wp-json\/wp\/v2\/media?parent=1331"}],"wp:term":[{"taxonomy":"category","embeddable":true,"href":"https:\/\/www.imer.mx\/radioazul\/wp-json\/wp\/v2\/categories?post=1331"},{"taxonomy":"post_tag","embeddable":true,"href":"https:\/\/www.imer.mx\/radioazul\/wp-json\/wp\/v2\/tags?post=1331"}],"curies":[{"name":"wp","href":"https:\/\/api.w.org\/{rel}","templated":true}]}}