{"id":1310,"date":"2014-05-27T10:24:53","date_gmt":"2014-05-27T15:24:53","guid":{"rendered":"http:\/\/www.imer.mx\/radioazul\/?p=1310"},"modified":"2019-06-03T13:20:50","modified_gmt":"2019-06-03T18:20:50","slug":"radio-conferencia-depresion","status":"publish","type":"post","link":"https:\/\/www.imer.mx\/radioazul\/radio-conferencia-depresion\/","title":{"rendered":"Radio-conferencia: Depresi\u00f3n"},"content":{"rendered":"<p><strong><img loading=\"lazy\" decoding=\"async\" class=\"aligncenter wp-image-1309 size-full\" src=\"https:\/\/www.imer.mx\/radioazul\/wp-content\/uploads\/sites\/29\/depresion_twitter.jpg\" alt=\"depresion_twitter\" width=\"600\" height=\"300\" srcset=\"https:\/\/www.imer.mx\/radioazul\/wp-content\/uploads\/sites\/29\/depresion_twitter.jpg 600w, https:\/\/www.imer.mx\/radioazul\/wp-content\/uploads\/sites\/29\/depresion_twitter-300x150.jpg 300w\" sizes=\"auto, (max-width: 600px) 100vw, 600px\" \/>Depresi\u00f3n<\/strong>, es un trastorno afectivo que var\u00eda desde: bajas transitorias del estado de \u00e1nimo que son caracter\u00edsticas de la vida misma, hasta el s\u00edndrome cl\u00ednico, de gravedad y duraci\u00f3n importante, con signos y s\u00edntomas asociados, marcadamente distintos a la normalidad.<br \/>\nLa depresi\u00f3n puede aparecer en un hombre o en una mujer, aunque las mujeres son dos o tres veces m\u00e1s propensas que los hombres a padecer esta enfermedad.<br \/>\nDa click en el siguiente link y ent\u00e9rate m\u00e1s del tema:<\/p>\n<audio class=\"wp-audio-shortcode\" id=\"audio-1310-1\" preload=\"none\" style=\"width: 100%;\" controls=\"controls\"><source type=\"audio\/mpeg\" src=\"https:\/\/www.imer.mx\/radioazul\/wp-content\/uploads\/sites\/29\/radioconferencia_depresion_.mp3?_=1\" \/><a href=\"https:\/\/www.imer.mx\/radioazul\/wp-content\/uploads\/sites\/29\/radioconferencia_depresion_.mp3\">https:\/\/www.imer.mx\/radioazul\/wp-content\/uploads\/sites\/29\/radioconferencia_depresion_.mp3<\/a><\/audio>\n","protected":false},"excerpt":{"rendered":"<p>Depresi\u00f3n, es un trastorno afectivo que var\u00eda desde: bajas transitorias del estado de \u00e1nimo que son caracter\u00edsticas de la vida misma, hasta el s\u00edndrome cl\u00ednico, de gravedad y duraci\u00f3n importante, con signos y s\u00edntomas asociados, marcadamente distintos a la normalidad.<br \/>\n<a href=\"https:\/\/www.imer.mx\/radioazul\/radio-conferencia-depresion\/\">Escucha el audio<\/a><\/p>\n","protected":false},"author":1,"featured_media":1308,"comment_status":"closed","ping_status":"closed","sticky":false,"template":"","format":"standard","meta":{"wp_popup_display_lightbox":0,"wp_popup_suppress":"","wp_popup_trigger":"","wp_popup_trigger_amount":0,"wp_popup_disable_on_mobile":false,"footnotes":""},"categories":[2,19],"tags":[],"class_list":["post-1310","post","type-post","status-publish","format-standard","has-post-thumbnail","hentry","category-audiosold","category-salud-mental","category-2","category-19","description-off"],"_links":{"self":[{"href":"https:\/\/www.imer.mx\/radioazul\/wp-json\/wp\/v2\/posts\/1310","targetHints":{"allow":["GET"]}}],"collection":[{"href":"https:\/\/www.imer.mx\/radioazul\/wp-json\/wp\/v2\/posts"}],"about":[{"href":"https:\/\/www.imer.mx\/radioazul\/wp-json\/wp\/v2\/types\/post"}],"author":[{"embeddable":true,"href":"https:\/\/www.imer.mx\/radioazul\/wp-json\/wp\/v2\/users\/1"}],"replies":[{"embeddable":true,"href":"https:\/\/www.imer.mx\/radioazul\/wp-json\/wp\/v2\/comments?post=1310"}],"version-history":[{"count":0,"href":"https:\/\/www.imer.mx\/radioazul\/wp-json\/wp\/v2\/posts\/1310\/revisions"}],"wp:featuredmedia":[{"embeddable":true,"href":"https:\/\/www.imer.mx\/radioazul\/wp-json\/wp\/v2\/media\/1308"}],"wp:attachment":[{"href":"https:\/\/www.imer.mx\/radioazul\/wp-json\/wp\/v2\/media?parent=1310"}],"wp:term":[{"taxonomy":"category","embeddable":true,"href":"https:\/\/www.imer.mx\/radioazul\/wp-json\/wp\/v2\/categories?post=1310"},{"taxonomy":"post_tag","embeddable":true,"href":"https:\/\/www.imer.mx\/radioazul\/wp-json\/wp\/v2\/tags?post=1310"}],"curies":[{"name":"wp","href":"https:\/\/api.w.org\/{rel}","templated":true}]}}