{"id":1201,"date":"2014-04-29T13:17:34","date_gmt":"2014-04-29T18:17:34","guid":{"rendered":"http:\/\/radioazul.imer.gob.mx\/?p=1188"},"modified":"2016-02-26T13:46:51","modified_gmt":"2016-02-26T19:46:51","slug":"escucha-voces-de-los-manglares","status":"publish","type":"post","link":"https:\/\/www.imer.mx\/radioazul\/escucha-voces-de-los-manglares\/","title":{"rendered":"Voces de los manglares parte 1"},"content":{"rendered":"<p><img loading=\"lazy\" decoding=\"async\" class=\"alignleft  wp-image-1186\" src=\"https:\/\/www.imer.mx\/radioazul\/wp-content\/uploads\/sites\/29\/vocesmanglares_fbk-300x300.jpg\" alt=\"vocesmanglares_fbk\" width=\"180\" height=\"180\" srcset=\"https:\/\/www.imer.mx\/radioazul\/wp-content\/uploads\/sites\/29\/vocesmanglares_fbk-300x300.jpg 300w, https:\/\/www.imer.mx\/radioazul\/wp-content\/uploads\/sites\/29\/vocesmanglares_fbk-150x150.jpg 150w, https:\/\/www.imer.mx\/radioazul\/wp-content\/uploads\/sites\/29\/vocesmanglares_fbk.jpg 600w\" sizes=\"auto, (max-width: 180px) 100vw, 180px\" \/>Los manglares desempe\u00f1an una funci\u00f3n clave en la protecci\u00f3n de las costas contra la erosi\u00f3n e\u00f3lica y por oleaje. Poseen una alta productividad, alojan gran cantidad de organismos acu\u00e1ticos, anfibios y terrestres; son h\u00e1bitat de los estadios juveniles de cientos de especies de peces, moluscos y crust\u00e1ceos y por ende desempe\u00f1an un papel fundamental en las pesquer\u00edas litorales, adem\u00e1s albergan especies de aves migratorias septentrionales y meridionales.<\/p>\n","protected":false},"excerpt":{"rendered":"<p>Los manglares desempe\u00f1an una funci\u00f3n clave en la protecci\u00f3n de las costas contra la erosi\u00f3n e\u00f3lica y por oleaje. Poseen una alta productividad, alojan gran cantidad de organismos acu\u00e1ticos, anfibios y terrestres; son h\u00e1bitat de los estadios juveniles de cientos de especies de peces, moluscos y crust\u00e1ceos y por ende desempe\u00f1an un papel fundamental en las pesquer\u00edas litorales, adem\u00e1s albergan especies de aves migratorias septentrionales y meridionales. <a href=\"https:\/\/www.imer.mx\/radioazul\/escucha-voces-de-los-manglares\/\">Escucha el audio<\/a><\/p>\n","protected":false},"author":1,"featured_media":1186,"comment_status":"closed","ping_status":"closed","sticky":false,"template":"","format":"audio","meta":{"wp_popup_display_lightbox":0,"wp_popup_suppress":"","wp_popup_trigger":"","wp_popup_trigger_amount":0,"wp_popup_disable_on_mobile":false,"footnotes":""},"categories":[2,16],"tags":[],"class_list":["post-1201","post","type-post","status-publish","format-audio","has-post-thumbnail","hentry","category-audiosold","category-voces-de-los-manglares","post_format-post-format-audio","category-2","category-16","description-off"],"_links":{"self":[{"href":"https:\/\/www.imer.mx\/radioazul\/wp-json\/wp\/v2\/posts\/1201","targetHints":{"allow":["GET"]}}],"collection":[{"href":"https:\/\/www.imer.mx\/radioazul\/wp-json\/wp\/v2\/posts"}],"about":[{"href":"https:\/\/www.imer.mx\/radioazul\/wp-json\/wp\/v2\/types\/post"}],"author":[{"embeddable":true,"href":"https:\/\/www.imer.mx\/radioazul\/wp-json\/wp\/v2\/users\/1"}],"replies":[{"embeddable":true,"href":"https:\/\/www.imer.mx\/radioazul\/wp-json\/wp\/v2\/comments?post=1201"}],"version-history":[{"count":0,"href":"https:\/\/www.imer.mx\/radioazul\/wp-json\/wp\/v2\/posts\/1201\/revisions"}],"wp:featuredmedia":[{"embeddable":true,"href":"https:\/\/www.imer.mx\/radioazul\/wp-json\/wp\/v2\/media\/1186"}],"wp:attachment":[{"href":"https:\/\/www.imer.mx\/radioazul\/wp-json\/wp\/v2\/media?parent=1201"}],"wp:term":[{"taxonomy":"category","embeddable":true,"href":"https:\/\/www.imer.mx\/radioazul\/wp-json\/wp\/v2\/categories?post=1201"},{"taxonomy":"post_tag","embeddable":true,"href":"https:\/\/www.imer.mx\/radioazul\/wp-json\/wp\/v2\/tags?post=1201"}],"curies":[{"name":"wp","href":"https:\/\/api.w.org\/{rel}","templated":true}]}}