{"id":1200,"date":"2014-04-29T13:18:40","date_gmt":"2014-04-29T18:18:40","guid":{"rendered":"http:\/\/radioazul.imer.gob.mx\/?p=1187"},"modified":"2016-02-26T13:44:43","modified_gmt":"2016-02-26T19:44:43","slug":"voces-de-los-manglares","status":"publish","type":"post","link":"https:\/\/www.imer.mx\/radioazul\/voces-de-los-manglares\/","title":{"rendered":"Voces de los manglares"},"content":{"rendered":"<p><img loading=\"lazy\" decoding=\"async\" class=\"alignleft size-full wp-image-1232\" src=\"https:\/\/www.imer.mx\/radioazul\/wp-content\/uploads\/sites\/29\/vocesmanglares_fullslide1.jpg\" alt=\"vocesmanglares_fullslide\" width=\"940\" height=\"285\" srcset=\"https:\/\/www.imer.mx\/radioazul\/wp-content\/uploads\/sites\/29\/vocesmanglares_fullslide1.jpg 940w, https:\/\/www.imer.mx\/radioazul\/wp-content\/uploads\/sites\/29\/vocesmanglares_fullslide1-300x90.jpg 300w\" sizes=\"auto, (max-width: 940px) 100vw, 940px\" \/>Los manglares desempe\u00f1an una funci\u00f3n clave en la protecci\u00f3n de las costas contra la erosi\u00f3n e\u00f3lica y por oleaje. Poseen una alta productividad, alojan gran cantidad de organismos acu\u00e1ticos, anfibios y terrestres; son h\u00e1bitat de los estadios juveniles de cientos de especies de peces, moluscos y crust\u00e1ceos y por ende desempe\u00f1an un papel fundamental en las pesquer\u00edas litorales, adem\u00e1s albergan especies de aves migratorias septentrionales y meridionales.<\/p>\n<p>&nbsp;<\/p>\n<p><strong>Primera parte<\/strong><\/p>\n<audio class=\"wp-audio-shortcode\" id=\"audio-1200-1\" preload=\"none\" style=\"width: 100%;\" controls=\"controls\"><source type=\"audio\/mpeg\" src=\"https:\/\/www.imer.mx\/radioazul\/wp-content\/uploads\/sites\/29\/VOCES-DE-LAS-MANGLARES-primera-entrega.mp3?_=1\" \/><a href=\"https:\/\/www.imer.mx\/radioazul\/wp-content\/uploads\/sites\/29\/VOCES-DE-LAS-MANGLARES-primera-entrega.mp3\">https:\/\/www.imer.mx\/radioazul\/wp-content\/uploads\/sites\/29\/VOCES-DE-LAS-MANGLARES-primera-entrega.mp3<\/a><\/audio>\n<p>&nbsp;<\/p>\n<p><strong>Segunda\u00a0parte<\/strong><\/p>\n<audio class=\"wp-audio-shortcode\" id=\"audio-1200-2\" preload=\"none\" style=\"width: 100%;\" controls=\"controls\"><source type=\"audio\/mpeg\" src=\"https:\/\/www.imer.mx\/radioazul\/wp-content\/uploads\/sites\/29\/VOCES-DE-LOS-MANGLARES-2.mp3?_=2\" \/><a href=\"https:\/\/www.imer.mx\/radioazul\/wp-content\/uploads\/sites\/29\/VOCES-DE-LOS-MANGLARES-2.mp3\">https:\/\/www.imer.mx\/radioazul\/wp-content\/uploads\/sites\/29\/VOCES-DE-LOS-MANGLARES-2.mp3<\/a><\/audio>\n<p>&nbsp;<\/p>\n<p><strong>Tercera\u00a0parte<\/strong><\/p>\n<p><audio class=\"wp-audio-shortcode\" id=\"audio-1200-3\" preload=\"none\" style=\"width: 100%;\" controls=\"controls\"><source type=\"audio\/mpeg\" src=\"https:\/\/www.imer.mx\/radioazul\/wp-content\/uploads\/sites\/29\/VOCES-DE-LOS-MANGLARES-3.mp3?_=3\" \/><a href=\"https:\/\/www.imer.mx\/radioazul\/wp-content\/uploads\/sites\/29\/VOCES-DE-LOS-MANGLARES-3.mp3\">https:\/\/www.imer.mx\/radioazul\/wp-content\/uploads\/sites\/29\/VOCES-DE-LOS-MANGLARES-3.mp3<\/a><\/audio><br \/>\n<b>Radio Azul 107.9 de FM y 1560 de AM,<\/b><\/p>\n<p><b><a href=\"http:\/\/www.imer.mx\">www.imer.mx<\/a><\/b><\/p>\n","protected":false},"excerpt":{"rendered":"<p>Los manglares desempe\u00f1an una funci\u00f3n clave en la protecci\u00f3n de las costas contra la erosi\u00f3n e\u00f3lica y por oleaje. Poseen una alta productividad, alojan gran cantidad de organismos acu\u00e1ticos, anfibios y terrestres. <\/p>\n<p> <a href=\"https:\/\/www.imer.mx\/radioazul\/voces-de-los-manglares\/\">Escucha el audio<\/a><\/p>\n","protected":false},"author":1,"featured_media":1186,"comment_status":"closed","ping_status":"closed","sticky":false,"template":"","format":"standard","meta":{"wp_popup_display_lightbox":0,"wp_popup_suppress":"","wp_popup_trigger":"","wp_popup_trigger_amount":0,"wp_popup_disable_on_mobile":false,"footnotes":""},"categories":[3,16],"tags":[13],"class_list":["post-1200","post","type-post","status-publish","format-standard","has-post-thumbnail","hentry","category-destacados","category-voces-de-los-manglares","tag-entradas","category-3","category-16","description-off"],"_links":{"self":[{"href":"https:\/\/www.imer.mx\/radioazul\/wp-json\/wp\/v2\/posts\/1200","targetHints":{"allow":["GET"]}}],"collection":[{"href":"https:\/\/www.imer.mx\/radioazul\/wp-json\/wp\/v2\/posts"}],"about":[{"href":"https:\/\/www.imer.mx\/radioazul\/wp-json\/wp\/v2\/types\/post"}],"author":[{"embeddable":true,"href":"https:\/\/www.imer.mx\/radioazul\/wp-json\/wp\/v2\/users\/1"}],"replies":[{"embeddable":true,"href":"https:\/\/www.imer.mx\/radioazul\/wp-json\/wp\/v2\/comments?post=1200"}],"version-history":[{"count":0,"href":"https:\/\/www.imer.mx\/radioazul\/wp-json\/wp\/v2\/posts\/1200\/revisions"}],"wp:featuredmedia":[{"embeddable":true,"href":"https:\/\/www.imer.mx\/radioazul\/wp-json\/wp\/v2\/media\/1186"}],"wp:attachment":[{"href":"https:\/\/www.imer.mx\/radioazul\/wp-json\/wp\/v2\/media?parent=1200"}],"wp:term":[{"taxonomy":"category","embeddable":true,"href":"https:\/\/www.imer.mx\/radioazul\/wp-json\/wp\/v2\/categories?post=1200"},{"taxonomy":"post_tag","embeddable":true,"href":"https:\/\/www.imer.mx\/radioazul\/wp-json\/wp\/v2\/tags?post=1200"}],"curies":[{"name":"wp","href":"https:\/\/api.w.org\/{rel}","templated":true}]}}