{"id":3250,"date":"2026-09-01T14:52:53","date_gmt":"2026-09-01T20:52:53","guid":{"rendered":"https:\/\/www.imer.mx\/radio710\/?p=3250"},"modified":"2026-09-01T15:07:26","modified_gmt":"2026-09-01T21:07:26","slug":"el-himno-que-nacio-de-una-apuesta","status":"publish","type":"post","link":"https:\/\/www.imer.mx\/radio710\/el-himno-que-nacio-de-una-apuesta\/","title":{"rendered":"La Marcha de Zacatecas naci\u00f3 de una apuesta"},"content":{"rendered":"<div class=\"wpb-content-wrapper\" id=\"wpb-content-root\"><p>[vc_row][vc_column][vc_column_text]<\/p>\n<h3 style=\"text-align: center\">La marcha que naci\u00f3 de una apuesta<\/h3>\n<div id=\"gtx-trans\" style=\"position: absolute;left: 343px;top: 38.375px\">\n<div class=\"gtx-trans-icon\"><\/div>\n<\/div>\n<p>[\/vc_column_text][vc_column_text]Hay canciones que se escuchan y hay canciones que enaltecen el amor por nuestro pa\u00eds. La Marcha de Zacatecas pertenece a la segunda categor\u00eda. Sus primeros compases evocan desfiles, celebraciones, ceremonias y momentos de orgullo nacional. Pero detr\u00e1s de esa m\u00fasica solemne y poderosa existe una historia mucho m\u00e1s sencilla: la de dos m\u00fasicos zacatecanos que, una tarde de 1891, decidieron aceptar un reto.<\/p>\n<p>La pieza no naci\u00f3 en un gran conservatorio europeo ni en un palacio. Surgi\u00f3 en Zacatecas, de la inspiraci\u00f3n de Genaro Codina, un m\u00fasico que, con el tiempo, terminar\u00eda dejando una de las composiciones m\u00e1s reconocibles del repertorio mexicano.<\/p>\n<p>La historia cuenta que en 1891 varias personas se encontraban reunidas en la casa del compositor Fernando Villalpando, cuando la conversaci\u00f3n deriv\u00f3 en un desaf\u00edo entre \u00e9l y Genaro Codina. Ambos m\u00fasicos se retaron para descubrir qui\u00e9n pod\u00eda componer la mejor marcha militar.<\/p>\n<p>No eran simples rivales musicales. Los un\u00edan la amistad y tambi\u00e9n los lazos familiares: Villalpando estaba casado con una hermana de Codina.<\/p>\n<p>El acuerdo fue claro: cada uno compondr\u00eda su propia marcha y, posteriormente, ambas ser\u00edan presentadas ante un jurado. La obra ganadora tendr\u00eda adem\u00e1s el honor de ser interpretada en una serenata dedicada al entonces gobernador de Zacatecas, el general Jes\u00fas Ar\u00e9chiga.<\/p>\n<p>La competencia termin\u00f3 favoreciendo a Codina y entonces comenz\u00f3 la parte que convertir\u00eda aquella apuesta en historia.<\/p>\n<p>Para cumplir lo acordado, se organiz\u00f3 una serenata en honor del gobernador. La ejecuci\u00f3n estuvo a cargo de la Banda del Estado, dirigida por el propio Fernando Villalpando y reforzada por la Banda de Ni\u00f1os del Hospicio.<\/p>\n<p>La obra de Codina caus\u00f3 tal impresi\u00f3n que originalmente recibi\u00f3 el nombre de \u201cMarcha Ar\u00e9chiga\u201d, en honor al gobernador. Sin embargo, fue el propio Ar\u00e9chiga quien habr\u00eda sugerido cambiar su nombre por uno que representara algo mucho m\u00e1s grande: \u201cMarcha de Zacatecas\u201d. Con ese nuevo nombre, la composici\u00f3n comenz\u00f3 su largo camino hacia la memoria colectiva.<\/p>\n<p>Genaro Codina muri\u00f3 en 1901, sin alcanzar a presenciar la enorme dimensi\u00f3n que adquirir\u00eda su creaci\u00f3n, pues a\u00f1os despu\u00e9s, durante la Revoluci\u00f3n Mexicana, la marcha encontr\u00f3 un nuevo escenario. La pieza fue adoptada por la Divisi\u00f3n del Norte de Francisco Villa y comenz\u00f3 a escucharse en campamentos, cuarteles, plazas y estaciones de tren. Su ritmo marcial, vigoroso y f\u00e1cilmente reconocible la convirti\u00f3 en una canci\u00f3n asociada con la fuerza, la celebraci\u00f3n y el orgullo.<\/p>\n<p>As\u00ed, aquella composici\u00f3n nacida de un reto entre dos m\u00fasicos dej\u00f3 de pertenecer \u00fanicamente a Zacatecas y poco a poco se convirti\u00f3 en parte del paisaje sonoro de todo M\u00e9xico.<\/p>\n<p>Ha acompa\u00f1ado desfiles, fiestas patrias, ceremonias, actos c\u00edvicos y celebraciones populares. Sus primeros acordes son capaces de provocar una reacci\u00f3n inmediata: algo solemne est\u00e1 por comenzar. Y quiz\u00e1 ah\u00ed est\u00e1 uno de sus mayores m\u00e9ritos. No necesita explicar su significado. Basta con escucharla.<\/p>\n<p>Lo m\u00e1s sorprendente de esta historia es su punto de partida. Una reuni\u00f3n entre amigos, un reto musical y una marcha compuesta por un m\u00fasico zacatecano terminaron dando origen a una pieza que, m\u00e1s de un siglo despu\u00e9s, contin\u00faa siendo motivo de orgullo.[\/vc_column_text][\/vc_column][\/vc_row]<\/p>\n<\/div>","protected":false},"excerpt":{"rendered":"<p>[vc_row][vc_column][vc_column_text] La marcha que naci\u00f3 de una apuesta [\/vc_column_text][vc_column_text]Hay canciones que se escuchan y hay canciones que enaltecen el amor por nuestro pa\u00eds. La Marcha de Zacatecas pertenece a la&hellip;<\/p>\n","protected":false},"author":33,"featured_media":3256,"comment_status":"open","ping_status":"open","sticky":false,"template":"","format":"standard","meta":{"wp_popup_display_lightbox":0,"wp_popup_suppress":"","wp_popup_trigger":"","wp_popup_trigger_amount":0,"wp_popup_disable_on_mobile":false,"footnotes":""},"categories":[24],"tags":[39],"class_list":["post-3250","post","type-post","status-publish","format-standard","has-post-thumbnail","hentry","category-destacadas","tag-39","category-24","description-off"],"_links":{"self":[{"href":"https:\/\/www.imer.mx\/radio710\/wp-json\/wp\/v2\/posts\/3250","targetHints":{"allow":["GET"]}}],"collection":[{"href":"https:\/\/www.imer.mx\/radio710\/wp-json\/wp\/v2\/posts"}],"about":[{"href":"https:\/\/www.imer.mx\/radio710\/wp-json\/wp\/v2\/types\/post"}],"author":[{"embeddable":true,"href":"https:\/\/www.imer.mx\/radio710\/wp-json\/wp\/v2\/users\/33"}],"replies":[{"embeddable":true,"href":"https:\/\/www.imer.mx\/radio710\/wp-json\/wp\/v2\/comments?post=3250"}],"version-history":[{"count":2,"href":"https:\/\/www.imer.mx\/radio710\/wp-json\/wp\/v2\/posts\/3250\/revisions"}],"predecessor-version":[{"id":3255,"href":"https:\/\/www.imer.mx\/radio710\/wp-json\/wp\/v2\/posts\/3250\/revisions\/3255"}],"wp:featuredmedia":[{"embeddable":true,"href":"https:\/\/www.imer.mx\/radio710\/wp-json\/wp\/v2\/media\/3256"}],"wp:attachment":[{"href":"https:\/\/www.imer.mx\/radio710\/wp-json\/wp\/v2\/media?parent=3250"}],"wp:term":[{"taxonomy":"category","embeddable":true,"href":"https:\/\/www.imer.mx\/radio710\/wp-json\/wp\/v2\/categories?post=3250"},{"taxonomy":"post_tag","embeddable":true,"href":"https:\/\/www.imer.mx\/radio710\/wp-json\/wp\/v2\/tags?post=3250"}],"curies":[{"name":"wp","href":"https:\/\/api.w.org\/{rel}","templated":true}]}}