{"id":61129,"date":"2025-09-02T13:00:49","date_gmt":"2025-09-02T19:00:49","guid":{"rendered":"https:\/\/www.imer.mx\/programas\/?p=61129"},"modified":"2025-09-02T13:44:32","modified_gmt":"2025-09-02T19:44:32","slug":"pobreza-debate-y-mejor-proposito","status":"publish","type":"post","link":"https:\/\/www.imer.mx\/programas\/pobreza-debate-y-mejor-proposito\/","title":{"rendered":"Pobreza. Debate y mejor prop\u00f3sito"},"content":{"rendered":"\t\t<div data-elementor-type=\"wp-post\" data-elementor-id=\"61129\" class=\"elementor elementor-61129\">\n\t\t\t\t<div data-marvy_enable_drop_animation=\"false\" data-marvy_enable_fancy_rotate=\"false\" data-marvy_enable_flying_object=\"false\" data-marvy_enable_ripples_animation=\"false\" data-marvy_enable_waves_animation=\"false\" data-marvy_enable_rings_animation=\"false\" data-marvy_enable_topology_animation=\"false\" data-marvy_enable_gradient_animation=\"false\" data-marvy_enable_snow_animation=\"false\" data-marvy_enable_firework_animation=\"false\" data-marvy_enable_cloud_animation=\"false\" class=\"elementor-element elementor-element-53f3c1f7 e-flex e-con-boxed e-con e-parent\" data-id=\"53f3c1f7\" data-element_type=\"container\" data-e-type=\"container\" data-settings=\"{&quot;background_background&quot;:&quot;gradient&quot;}\">\n\t\t\t\t\t<div class=\"e-con-inner\">\n\t\t<div data-marvy_enable_drop_animation=\"false\" data-marvy_enable_fancy_rotate=\"false\" data-marvy_enable_flying_object=\"false\" data-marvy_enable_ripples_animation=\"false\" data-marvy_enable_waves_animation=\"false\" data-marvy_enable_rings_animation=\"false\" data-marvy_enable_topology_animation=\"false\" data-marvy_enable_gradient_animation=\"false\" data-marvy_enable_snow_animation=\"false\" data-marvy_enable_firework_animation=\"false\" data-marvy_enable_cloud_animation=\"false\" class=\"elementor-element elementor-element-afab20a e-con-full e-flex e-con e-child\" data-id=\"afab20a\" data-element_type=\"container\" data-e-type=\"container\" data-settings=\"{&quot;background_background&quot;:&quot;classic&quot;}\">\n\t\t\t\t<div class=\"elementor-element elementor-element-464a7046 elementor-widget elementor-widget-heading\" data-id=\"464a7046\" data-element_type=\"widget\" data-e-type=\"widget\" data-widget_type=\"heading.default\">\n\t\t\t\t<div class=\"elementor-widget-container\">\n\t\t\t\t\t<h2 class=\"elementor-heading-title elementor-size-default\">Pobreza. Debate y mejor prop\u00f3sito\n<br>\n\n<\/h2>\t\t\t\t<\/div>\n\t\t\t\t<\/div>\n\t\t\t\t<div class=\"elementor-element elementor-element-6d162b5 elementor-position-left elementor-vertical-align-middle elementor-widget elementor-widget-image-box\" data-id=\"6d162b5\" data-element_type=\"widget\" data-e-type=\"widget\" data-widget_type=\"image-box.default\">\n\t\t\t\t<div class=\"elementor-widget-container\">\n\t\t\t\t\t<div class=\"elementor-image-box-wrapper\"><figure class=\"elementor-image-box-img\"><img fetchpriority=\"high\" decoding=\"async\" width=\"262\" height=\"262\" src=\"https:\/\/www.imer.mx\/programas\/wp-content\/uploads\/sites\/77\/2025\/08\/WhatsApp-Image-2025-08-11-at-12.10.11-PM.jpeg\" class=\"attachment-full size-full wp-image-60579\" alt=\"\" srcset=\"https:\/\/www.imer.mx\/programas\/wp-content\/uploads\/sites\/77\/2025\/08\/WhatsApp-Image-2025-08-11-at-12.10.11-PM.jpeg 262w, https:\/\/www.imer.mx\/programas\/wp-content\/uploads\/sites\/77\/2025\/08\/WhatsApp-Image-2025-08-11-at-12.10.11-PM-150x150.jpeg 150w\" sizes=\"(max-width: 262px) 100vw, 262px\" \/><\/figure><div class=\"elementor-image-box-content\"><p class=\"elementor-image-box-description\">Por Morelos Canseco G\u00f3mez\n<br>\n\n<\/p><\/div><\/div>\t\t\t\t<\/div>\n\t\t\t\t<\/div>\n\t\t\t\t<div class=\"elementor-element elementor-element-4336d0fd elementor-widget elementor-widget-text-editor\" data-id=\"4336d0fd\" data-element_type=\"widget\" data-e-type=\"widget\" data-widget_type=\"text-editor.default\">\n\t\t\t\t<div class=\"elementor-widget-container\">\n\t\t\t\t\t\t\t\t\t<p>Lorem ipsum dolor sit amet, consectetur adipiscing elit. Ut elit tellus, luctus nec ullamcorper mattis, pulvinar dapibus leo.<\/p>\t\t\t\t\t\t\t\t<\/div>\n\t\t\t\t<\/div>\n\t\t\t\t<div class=\"elementor-element elementor-element-207598d2 elementor-widget-mobile__width-initial elementor-widget elementor-widget-text-editor\" data-id=\"207598d2\" data-element_type=\"widget\" data-e-type=\"widget\" data-widget_type=\"text-editor.default\">\n\t\t\t\t<div class=\"elementor-widget-container\">\n\t\t\t\t\t\t\t\t\t<p><em>(El siguiente, es un art\u00edculo de opini\u00f3n ciudadana. Las afirmaciones vertidas son responsabilidad de quien las emite y no expresan necesariamente la postura del IMER)<\/em><\/p>\t\t\t\t\t\t\t\t<\/div>\n\t\t\t\t<\/div>\n\t\t\t\t<div class=\"elementor-element elementor-element-53eee1bc elementor-widget__width-initial elementor-widget-mobile__width-initial elementor-widget-tablet__width-initial elementor-widget elementor-widget-text-editor\" data-id=\"53eee1bc\" data-element_type=\"widget\" data-e-type=\"widget\" data-widget_type=\"text-editor.default\">\n\t\t\t\t<div class=\"elementor-widget-container\">\n\t\t\t\t\t\t\t\t\t<p>Es revelador el mosaico de las opiniones y comentarios derivados de la presentaci\u00f3n de la medici\u00f3n de la pobreza en nuestro pa\u00eds del Instituto Nacional de Estad\u00edstica y Geograf\u00eda (INEGI).<\/p><p>Primero, el contexto. Es la primera vez que se presenta con posterioridad a la desaparici\u00f3n del Consejo Nacional de Evaluaci\u00f3n de la Pol\u00edtica de Desarrollo Social (CONEVAL) y la asignaci\u00f3n de la funci\u00f3n al INEGI. Cabe registrar que no hubo modificaci\u00f3n en la metodolog\u00eda empleada en la serie bianual.<\/p><p>Segundo, los resultados. Una de cada tres personas en nuestro pa\u00eds se encuentra en pobreza multidimensional; es decir, carec\u00eda de, al menos, acceso a uno de los siguientes satisfactores: educaci\u00f3n, salud, seguridad social, vivienda, alimentaci\u00f3n o ingreso mensual por persona menor al necesario para adquirir una canasta alimentaria, bienes o servicios indispensables. En comparaci\u00f3n con 2022, la disminuci\u00f3n fue de 6.8 por ciento. Y la pobreza extrema \u2014m\u00e1s de tres carencias de los satisfactores aludidos\u2014 pas\u00f3 de 9.1 millones de personas en 2022 a 7 millones en 2024.<\/p><p>Son, sin duda, logros en la direcci\u00f3n correcta.<\/p><p>Dos componentes sirven para explicar el movimiento positivo y su significado: el abandono de la contenci\u00f3n del incremento del salario m\u00ednimo por debajo de la inflaci\u00f3n, que se aduc\u00eda tendr\u00eda un efecto negativo en la estabilidad de los precios; y las transferencias federales a determinados grupos de la poblaci\u00f3n con menores ingresos, como las personas adultas mayores. En el an\u00e1lisis, el primero es fundamental en el avance contra la pobreza multidimensional y el segundo resulta medular para explicar la disminuci\u00f3n de la pobreza extrema.<\/p><p>A ra\u00edz del reporte, buena parte del debate p\u00fablico se ha plegado a la polarizaci\u00f3n promovida durante la gesti\u00f3n del expresidente L\u00f3pez, con su particular inclinaci\u00f3n a la descalificaci\u00f3n y la denostaci\u00f3n de quienes no coincid\u00edan con sus consideraciones y decisiones, y confirmada a lo largo del per\u00edodo presidencial de la Dra. Claudia Sheinbaum Pardo. En un polo, el elogio y el paneg\u00edrico y, en el otro, la reticencia y la negaci\u00f3n. La valoraci\u00f3n objetiva y ponderada est\u00e1, tambi\u00e9n, en la plaza p\u00fablica, pero tiende a escasear.<\/p><p>La confrontaci\u00f3n por el poder pol\u00edtico que se prolonga durante el ejercicio de las funciones encomendadas es propicia para nublar el panorama. Lo que merece ser reconocido enfrenta cortedad e, incluso, ausencia, que no se justifica a la luz del logro, y lo que requiere ser enmendado no recibe el an\u00e1lisis mesurado que es necesario para mejorar. Todo bien o todo mal, sin las tonalidades indispensables para abrir el di\u00e1logo y revisar lo que se considera positivo y lo que se estima negativo.<\/p><p>Ser\u00eda err\u00f3neo y mezquino no reconocer que la revisi\u00f3n (iniciada al final de la gesti\u00f3n 2012-2018) del nivel del salario m\u00ednimo como el piso de la remuneraci\u00f3n por la contribuci\u00f3n al proceso productivo ha sido factor determinante para disminuir la pobreza multidimensional y mejorar la situaci\u00f3n econ\u00f3mica de millones de personas. La econom\u00eda pr\u00e1cticamente no crece, pero hay un efecto distributivo de la riqueza por una determinaci\u00f3n de pol\u00edtica p\u00fablica en materia salarial. Vale festejar el acertado abandono del dogma de la mayor parte de la tecnocracia hacendario-financiera sobre el efecto de salarios y su revisi\u00f3n por razones de justicia social en el \u00edndice inflacionario.<\/p><p>Tambi\u00e9n ser\u00eda ingenuo caer en la complacencia de celebrar la meta alcanzada sin\u00a0ver los dem\u00e1s elementos que lo requieren: falta de crecimiento econ\u00f3mico, insuficiencia de recursos para el gasto p\u00fablico necesario, casi la mitad de la poblaci\u00f3n econ\u00f3micamente activa en la informalidad y fin de la etapa del bono demogr\u00e1fico y la cada vez mayor presi\u00f3n del costo de las pensiones para las finanzas p\u00fablicas.<\/p><p>En vez de la confrontaci\u00f3n por los <em>plus <\/em>y los <em>minus<\/em> de los resultados de la medici\u00f3n m\u00e1s reciente de la pobreza en el pa\u00eds, valdr\u00eda la pena que desde el mundo de las ideas y la formulaci\u00f3n de los diagn\u00f3sticos y las propuestas se hiciera el esfuerzo por elaborar planteamientos sobre los problemas que est\u00e1n con nosotros:<\/p><p>(i) \u00bfC\u00f3mo reactivar y acelerar el crecimiento del Producto Interno Bruto? Son parte de la agenda la confianza de quien tiene ahorros o disposici\u00f3n de cr\u00e9dito para invertir, la seguridad jur\u00eddica inherente y la confiabilidad del sistema de justicia.<\/p><p>(ii) \u00bfC\u00f3mo elevar los ingresos p\u00fablicos y propiciar una mejor distribuci\u00f3n entre los \u00f3rdenes de gobierno? Hay que dialogar sobre la pertinencia de ir a la reforma hacendaria que permita revertir la distancia entre ser la 12.\u00aa econom\u00eda del mundo, pero con el lugar 81.\u00ba en el \u00edndice de desarrollo humano.<\/p><p>(iii) \u00bfC\u00f3mo llevar a cabo una pol\u00edtica transexenal de mediano plazo para terminar con el empleo informal y hacer que esos esfuerzos productivos cuenten con el reconocimiento y protecci\u00f3n del orden legal? La idea de colocar el derecho de las personas a la par de la realizaci\u00f3n de sus actividades de generaci\u00f3n de producto y valor ha sido postergada pr\u00e1cticamente por la vida entera de nuestra Constituci\u00f3n.<\/p><p>(iv) \u00bfCu\u00e1les son las medidas urgentes que deben tomarse para detener y revertir el cada vez m\u00e1s severo subsidio de las finanzas nacionales al pago de las pensiones exigibles por la quiebra del modelo en el cual se generaron y siguen gener\u00e1ndose?\u00a0<\/p><p>Vale la pena superar la confrontaci\u00f3n est\u00e9ril sobre qui\u00e9n se equivoc\u00f3 y qui\u00e9n tuvo raz\u00f3n, para enfocarnos objetiva y constructivamente en los problemas que siguen aqu\u00ed, incluida la siguiente fase del combate a la pobreza.<\/p><p><span style=\"font-weight: 400\">San Pedro Garza Garc\u00eda, Nuevo Le\u00f3n, 23 de agosto de 2025.<\/span><\/p>\t\t\t\t\t\t\t\t<\/div>\n\t\t\t\t<\/div>\n\t\t\t\t<div class=\"elementor-element elementor-element-3eddb2e4 elementor-widget__width-initial elementor-widget elementor-widget-post-navigation\" data-id=\"3eddb2e4\" data-element_type=\"widget\" data-e-type=\"widget\" data-widget_type=\"post-navigation.default\">\n\t\t\t\t<div class=\"elementor-widget-container\">\n\t\t\t\t\t \t\t\t\t<\/div>\n\t\t\t\t<\/div>\n\t\t\t\t<\/div>\n\t\t<div data-marvy_enable_drop_animation=\"false\" data-marvy_enable_fancy_rotate=\"false\" data-marvy_enable_flying_object=\"false\" data-marvy_enable_ripples_animation=\"false\" data-marvy_enable_waves_animation=\"false\" data-marvy_enable_rings_animation=\"false\" data-marvy_enable_topology_animation=\"false\" data-marvy_enable_gradient_animation=\"false\" data-marvy_enable_snow_animation=\"false\" data-marvy_enable_firework_animation=\"false\" data-marvy_enable_cloud_animation=\"false\" class=\"elementor-element elementor-element-7ba1ce4a e-con-full e-flex e-con e-child\" data-id=\"7ba1ce4a\" data-element_type=\"container\" data-e-type=\"container\" data-settings=\"{&quot;background_background&quot;:&quot;classic&quot;}\">\n\t\t\t\t<div class=\"elementor-element elementor-element-6b61f94 elementor-widget elementor-widget-posts\" data-id=\"6b61f94\" data-element_type=\"widget\" data-e-type=\"widget\" data-widget_type=\"posts.default\">\n\t\t\t\t<div class=\"elementor-widget-container\">\n\t\t\t\t\t \t\t\t\t<\/div>\n\t\t\t\t<\/div>\n\t\t\t\t<div class=\"elementor-element elementor-element-3fed0944 elementor-hidden-desktop elementor-hidden-tablet elementor-hidden-mobile elementor-widget elementor-widget-image\" data-id=\"3fed0944\" data-element_type=\"widget\" data-e-type=\"widget\" data-widget_type=\"image.default\">\n\t\t\t\t<div class=\"elementor-widget-container\">\n\t\t\t\t\t\t\t\t\t\t\t\t\t\t\t<img decoding=\"async\" width=\"600\" height=\"600\" src=\"https:\/\/www.imer.mx\/programas\/wp-content\/uploads\/sites\/77\/2024\/05\/Maternar-min.jpg\" class=\"attachment-large size-large wp-image-24186\" alt=\"\" srcset=\"https:\/\/www.imer.mx\/programas\/wp-content\/uploads\/sites\/77\/2024\/05\/Maternar-min.jpg 600w, https:\/\/www.imer.mx\/programas\/wp-content\/uploads\/sites\/77\/2024\/05\/Maternar-min-300x300.jpg 300w, https:\/\/www.imer.mx\/programas\/wp-content\/uploads\/sites\/77\/2024\/05\/Maternar-min-150x150.jpg 150w, https:\/\/www.imer.mx\/programas\/wp-content\/uploads\/sites\/77\/2024\/05\/Maternar-min-560x560.jpg 560w\" sizes=\"(max-width: 600px) 100vw, 600px\" \/>\t\t\t\t\t\t\t\t\t\t\t\t\t\t\t<\/div>\n\t\t\t\t<\/div>\n\t\t\t\t<\/div>\n\t\t\t\t\t<\/div>\n\t\t\t\t<\/div>\n\t\t\t\t<\/div>\n\t\t","protected":false},"excerpt":{"rendered":"<p>&#8230; el abandono de la contenci\u00f3n del incremento del salario m\u00ednimo por debajo de la inflaci\u00f3n, que se aduc\u00eda tendr\u00eda un efecto negativo en la estabilidad de los precios&#8230;<\/p>\n","protected":false},"author":235,"featured_media":60579,"comment_status":"closed","ping_status":"open","sticky":false,"template":"","format":"standard","meta":{"wp_popup_display_lightbox":0,"wp_popup_suppress":"","wp_popup_trigger":"","wp_popup_trigger_amount":0,"wp_popup_disable_on_mobile":false,"h5ap_radio_sources":[],"footnotes":""},"categories":[137],"tags":[135],"class_list":["post-61129","post","type-post","status-publish","format-standard","has-post-thumbnail","hentry","category-articulos-de-la-serie-luchando-por-la-justicia","tag-legal"],"_links":{"self":[{"href":"https:\/\/www.imer.mx\/programas\/wp-json\/wp\/v2\/posts\/61129","targetHints":{"allow":["GET"]}}],"collection":[{"href":"https:\/\/www.imer.mx\/programas\/wp-json\/wp\/v2\/posts"}],"about":[{"href":"https:\/\/www.imer.mx\/programas\/wp-json\/wp\/v2\/types\/post"}],"author":[{"embeddable":true,"href":"https:\/\/www.imer.mx\/programas\/wp-json\/wp\/v2\/users\/235"}],"replies":[{"embeddable":true,"href":"https:\/\/www.imer.mx\/programas\/wp-json\/wp\/v2\/comments?post=61129"}],"version-history":[{"count":2,"href":"https:\/\/www.imer.mx\/programas\/wp-json\/wp\/v2\/posts\/61129\/revisions"}],"predecessor-version":[{"id":61136,"href":"https:\/\/www.imer.mx\/programas\/wp-json\/wp\/v2\/posts\/61129\/revisions\/61136"}],"wp:featuredmedia":[{"embeddable":true,"href":"https:\/\/www.imer.mx\/programas\/wp-json\/wp\/v2\/media\/60579"}],"wp:attachment":[{"href":"https:\/\/www.imer.mx\/programas\/wp-json\/wp\/v2\/media?parent=61129"}],"wp:term":[{"taxonomy":"category","embeddable":true,"href":"https:\/\/www.imer.mx\/programas\/wp-json\/wp\/v2\/categories?post=61129"},{"taxonomy":"post_tag","embeddable":true,"href":"https:\/\/www.imer.mx\/programas\/wp-json\/wp\/v2\/tags?post=61129"}],"curies":[{"name":"wp","href":"https:\/\/api.w.org\/{rel}","templated":true}]}}