{"id":50795,"date":"2025-02-19T19:01:58","date_gmt":"2025-02-20T01:01:58","guid":{"rendered":"https:\/\/www.imer.mx\/programas\/?p=50795"},"modified":"2025-02-17T10:09:24","modified_gmt":"2025-02-17T16:09:24","slug":"el-sonido-del-simbolo-y-su-presencia-en-el-mexico-prehispanico-y-colonial-ii","status":"publish","type":"post","link":"https:\/\/www.imer.mx\/programas\/el-sonido-del-simbolo-y-su-presencia-en-el-mexico-prehispanico-y-colonial-ii\/","title":{"rendered":"El sonido del s\u00edmbolo y su presencia en el M\u00e9xico prehisp\u00e1nico y colonial II"},"content":{"rendered":"\t\t<div data-elementor-type=\"wp-post\" data-elementor-id=\"50795\" class=\"elementor elementor-50795\">\n\t\t\t\t<div data-marvy_enable_drop_animation=\"false\" data-marvy_enable_fancy_rotate=\"false\" data-marvy_enable_flying_object=\"false\" data-marvy_enable_ripples_animation=\"false\" data-marvy_enable_waves_animation=\"false\" data-marvy_enable_rings_animation=\"false\" data-marvy_enable_topology_animation=\"false\" data-marvy_enable_gradient_animation=\"false\" data-marvy_enable_snow_animation=\"false\" data-marvy_enable_firework_animation=\"false\" data-marvy_enable_cloud_animation=\"false\" class=\"elementor-element elementor-element-49e4cc74 e-flex e-con-boxed e-con e-parent\" data-id=\"49e4cc74\" data-element_type=\"container\" data-e-type=\"container\">\n\t\t\t\t\t<div class=\"e-con-inner\">\n\t\t<div data-marvy_enable_drop_animation=\"false\" data-marvy_enable_fancy_rotate=\"false\" data-marvy_enable_flying_object=\"false\" data-marvy_enable_ripples_animation=\"false\" data-marvy_enable_waves_animation=\"false\" data-marvy_enable_rings_animation=\"false\" data-marvy_enable_topology_animation=\"false\" data-marvy_enable_gradient_animation=\"false\" data-marvy_enable_snow_animation=\"false\" data-marvy_enable_firework_animation=\"false\" data-marvy_enable_cloud_animation=\"false\" class=\"elementor-element elementor-element-5aa4e4b1 e-con-full e-flex e-con e-child\" data-id=\"5aa4e4b1\" data-element_type=\"container\" data-e-type=\"container\" data-settings=\"{&quot;background_background&quot;:&quot;classic&quot;}\">\n\t\t<div data-marvy_enable_drop_animation=\"false\" data-marvy_enable_fancy_rotate=\"false\" data-marvy_enable_flying_object=\"false\" data-marvy_enable_ripples_animation=\"false\" data-marvy_enable_waves_animation=\"false\" data-marvy_enable_rings_animation=\"false\" data-marvy_enable_topology_animation=\"false\" data-marvy_enable_gradient_animation=\"false\" data-marvy_enable_snow_animation=\"false\" data-marvy_enable_firework_animation=\"false\" data-marvy_enable_cloud_animation=\"false\" class=\"elementor-element elementor-element-4e956847 e-con-full e-flex e-con e-child\" data-id=\"4e956847\" data-element_type=\"container\" data-e-type=\"container\">\n\t\t<div data-marvy_enable_drop_animation=\"false\" data-marvy_enable_fancy_rotate=\"false\" data-marvy_enable_flying_object=\"false\" data-marvy_enable_ripples_animation=\"false\" data-marvy_enable_waves_animation=\"false\" data-marvy_enable_rings_animation=\"false\" data-marvy_enable_topology_animation=\"false\" data-marvy_enable_gradient_animation=\"false\" data-marvy_enable_snow_animation=\"false\" data-marvy_enable_firework_animation=\"false\" data-marvy_enable_cloud_animation=\"false\" class=\"elementor-element elementor-element-307523a9 e-con-full e-flex e-con e-child\" data-id=\"307523a9\" data-element_type=\"container\" data-e-type=\"container\">\n\t\t\t\t<div class=\"elementor-element elementor-element-d59da61 elementor-widget__width-initial elementor-widget elementor-widget-image\" data-id=\"d59da61\" data-element_type=\"widget\" data-e-type=\"widget\" data-widget_type=\"image.default\">\n\t\t\t\t<div class=\"elementor-widget-container\">\n\t\t\t\t\t\t\t\t\t\t\t\t\t\t\t\t<a href=\"https:\/\/www.imer.mx\/programas\/letrasyvoces\/\">\n\t\t\t\t\t\t\t<img fetchpriority=\"high\" decoding=\"async\" width=\"800\" height=\"800\" src=\"https:\/\/www.imer.mx\/programas\/wp-content\/uploads\/sites\/77\/2024\/02\/Letras-y-Voces-1024x1024.jpg\" class=\"attachment-large size-large wp-image-13725\" alt=\"Letras y Voces IMER\" srcset=\"https:\/\/www.imer.mx\/programas\/wp-content\/uploads\/sites\/77\/2024\/02\/Letras-y-Voces-1024x1024.jpg 1024w, https:\/\/www.imer.mx\/programas\/wp-content\/uploads\/sites\/77\/2024\/02\/Letras-y-Voces-300x300.jpg 300w, https:\/\/www.imer.mx\/programas\/wp-content\/uploads\/sites\/77\/2024\/02\/Letras-y-Voces-150x150.jpg 150w, https:\/\/www.imer.mx\/programas\/wp-content\/uploads\/sites\/77\/2024\/02\/Letras-y-Voces-768x768.jpg 768w, https:\/\/www.imer.mx\/programas\/wp-content\/uploads\/sites\/77\/2024\/02\/Letras-y-Voces-560x560.jpg 560w, https:\/\/www.imer.mx\/programas\/wp-content\/uploads\/sites\/77\/2024\/02\/Letras-y-Voces.jpg 1181w\" sizes=\"(max-width: 800px) 100vw, 800px\" \/>\t\t\t\t\t\t\t\t<\/a>\n\t\t\t\t\t\t\t\t\t\t\t\t\t\t\t<\/div>\n\t\t\t\t<\/div>\n\t\t<div data-marvy_enable_drop_animation=\"false\" data-marvy_enable_fancy_rotate=\"false\" data-marvy_enable_flying_object=\"false\" data-marvy_enable_ripples_animation=\"false\" data-marvy_enable_waves_animation=\"false\" data-marvy_enable_rings_animation=\"false\" data-marvy_enable_topology_animation=\"false\" data-marvy_enable_gradient_animation=\"false\" data-marvy_enable_snow_animation=\"false\" data-marvy_enable_firework_animation=\"false\" data-marvy_enable_cloud_animation=\"false\" class=\"elementor-element elementor-element-3e0cb60e e-flex e-con-boxed e-con e-child\" data-id=\"3e0cb60e\" data-element_type=\"container\" data-e-type=\"container\">\n\t\t\t\t\t<div class=\"e-con-inner\">\n\t\t\t\t<div class=\"elementor-element elementor-element-1443a526 elementor-widget__width-initial elementor-widget elementor-widget-heading\" data-id=\"1443a526\" data-element_type=\"widget\" data-e-type=\"widget\" data-widget_type=\"heading.default\">\n\t\t\t\t<div class=\"elementor-widget-container\">\n\t\t\t\t\t<h2 class=\"elementor-heading-title elementor-size-default\"><a href=\"https:\/\/www.imer.mx\/programas\/letrasyvoces\/\">Letras y Voces presenta:<\/a><\/h2>\t\t\t\t<\/div>\n\t\t\t\t<\/div>\n\t\t\t\t<div class=\"elementor-element elementor-element-6151ae31 elementor-widget__width-initial elementor-widget elementor-widget-heading\" data-id=\"6151ae31\" data-element_type=\"widget\" data-e-type=\"widget\" data-widget_type=\"heading.default\">\n\t\t\t\t<div class=\"elementor-widget-container\">\n\t\t\t\t\t<h2 class=\"elementor-heading-title elementor-size-default\">Hackfeminismo<\/h2>\t\t\t\t<\/div>\n\t\t\t\t<\/div>\n\t\t\t\t<div class=\"elementor-element elementor-element-347f8fa3 elementor-widget__width-initial elementor-widget elementor-widget-text-editor\" data-id=\"347f8fa3\" data-element_type=\"widget\" data-e-type=\"widget\" data-widget_type=\"text-editor.default\">\n\t\t\t\t<div class=\"elementor-widget-container\">\n\t\t\t\t\t\t\t\t\t<p>Lorem ipsum dolor sit amet, consectetur adipiscing elit. Ut elit tellus, luctus nec ullamcorper mattis, pulvinar dapibus leo.<\/p>\t\t\t\t\t\t\t\t<\/div>\n\t\t\t\t<\/div>\n\t\t\t\t\t<\/div>\n\t\t\t\t<\/div>\n\t\t\t\t<\/div>\n\t\t\t\t<\/div>\n\t\t\t\t<div class=\"elementor-element elementor-element-5735ac69 elementor-widget elementor-widget-wp-widget-media_audio\" data-id=\"5735ac69\" data-element_type=\"widget\" data-e-type=\"widget\" data-widget_type=\"wp-widget-media_audio.default\">\n\t\t\t\t<div class=\"elementor-widget-container\">\n\t\t\t\t\t<audio class=\"wp-audio-shortcode\" id=\"audio-50795-1\" preload=\"none\" style=\"width: 100%;\" controls=\"controls\"><source type=\"audio\/mpeg\" src=\"https:\/\/www.imer.mx\/programas\/wp-content\/uploads\/sites\/77\/2025\/02\/Letras-y-Voces_631_El-sonido-del-simbolo-y-su-precencia-en-el-Mexico-prehispanico-y-colonial-II_Eduardo-Matos_19022025.mp3?_=1\" \/><source type=\"audio\/mpeg\" src=\"http:\/\/www.imer.mx\/programas\/wp-content\/uploads\/sites\/77\/2025\/02\/Letras-y-Voces_631_El-sonido-del-simbolo-y-su-precencia-en-el-Mexico-prehispanico-y-colonial-II_Eduardo-Matos_19022025.mp3?_=1\" \/><a href=\"https:\/\/www.imer.mx\/programas\/wp-content\/uploads\/sites\/77\/2025\/02\/Letras-y-Voces_631_El-sonido-del-simbolo-y-su-precencia-en-el-Mexico-prehispanico-y-colonial-II_Eduardo-Matos_19022025.mp3\">https:\/\/www.imer.mx\/programas\/wp-content\/uploads\/sites\/77\/2025\/02\/Letras-y-Voces_631_El-sonido-del-simbolo-y-su-precencia-en-el-Mexico-prehispanico-y-colonial-II_Eduardo-Matos_19022025.mp3<\/a><\/audio>\t\t\t\t<\/div>\n\t\t\t\t<\/div>\n\t\t<div data-marvy_enable_drop_animation=\"false\" data-marvy_enable_fancy_rotate=\"false\" data-marvy_enable_flying_object=\"false\" data-marvy_enable_ripples_animation=\"false\" data-marvy_enable_waves_animation=\"false\" data-marvy_enable_rings_animation=\"false\" data-marvy_enable_topology_animation=\"false\" data-marvy_enable_gradient_animation=\"false\" data-marvy_enable_snow_animation=\"false\" data-marvy_enable_firework_animation=\"false\" data-marvy_enable_cloud_animation=\"false\" class=\"elementor-element elementor-element-641eb40b e-con-full e-flex e-con e-child\" data-id=\"641eb40b\" data-element_type=\"container\" data-e-type=\"container\">\n\t\t<div data-marvy_enable_drop_animation=\"false\" data-marvy_enable_fancy_rotate=\"false\" data-marvy_enable_flying_object=\"false\" data-marvy_enable_ripples_animation=\"false\" data-marvy_enable_waves_animation=\"false\" data-marvy_enable_rings_animation=\"false\" data-marvy_enable_topology_animation=\"false\" data-marvy_enable_gradient_animation=\"false\" data-marvy_enable_snow_animation=\"false\" data-marvy_enable_firework_animation=\"false\" data-marvy_enable_cloud_animation=\"false\" class=\"elementor-element elementor-element-1184b0e6 e-con-full e-flex e-con e-child\" data-id=\"1184b0e6\" data-element_type=\"container\" data-e-type=\"container\" data-settings=\"{&quot;background_background&quot;:&quot;classic&quot;}\">\n\t\t\t\t<div class=\"elementor-element elementor-element-5fcb9e11 elementor-widget elementor-widget-image\" data-id=\"5fcb9e11\" data-element_type=\"widget\" data-e-type=\"widget\" data-widget_type=\"image.default\">\n\t\t\t\t<div class=\"elementor-widget-container\">\n\t\t\t\t\t\t\t\t\t\t\t\t\t\t\t<img decoding=\"async\" width=\"768\" height=\"902\" src=\"https:\/\/www.imer.mx\/programas\/wp-content\/uploads\/sites\/77\/2025\/02\/Eduardo-Matos.jpg\" class=\"attachment-large size-large wp-image-50235\" alt=\"\" srcset=\"https:\/\/www.imer.mx\/programas\/wp-content\/uploads\/sites\/77\/2025\/02\/Eduardo-Matos.jpg 768w, https:\/\/www.imer.mx\/programas\/wp-content\/uploads\/sites\/77\/2025\/02\/Eduardo-Matos-255x300.jpg 255w\" sizes=\"(max-width: 768px) 100vw, 768px\" \/>\t\t\t\t\t\t\t\t\t\t\t\t\t\t\t<\/div>\n\t\t\t\t<\/div>\n\t\t\t\t<\/div>\n\t\t<div data-marvy_enable_drop_animation=\"false\" data-marvy_enable_fancy_rotate=\"false\" data-marvy_enable_flying_object=\"false\" data-marvy_enable_ripples_animation=\"false\" data-marvy_enable_waves_animation=\"false\" data-marvy_enable_rings_animation=\"false\" data-marvy_enable_topology_animation=\"false\" data-marvy_enable_gradient_animation=\"false\" data-marvy_enable_snow_animation=\"false\" data-marvy_enable_firework_animation=\"false\" data-marvy_enable_cloud_animation=\"false\" class=\"elementor-element elementor-element-78e44b55 e-con-full e-flex e-con e-child\" data-id=\"78e44b55\" data-element_type=\"container\" data-e-type=\"container\" data-settings=\"{&quot;background_background&quot;:&quot;classic&quot;}\">\n\t\t<div data-marvy_enable_drop_animation=\"false\" data-marvy_enable_fancy_rotate=\"false\" data-marvy_enable_flying_object=\"false\" data-marvy_enable_ripples_animation=\"false\" data-marvy_enable_waves_animation=\"false\" data-marvy_enable_rings_animation=\"false\" data-marvy_enable_topology_animation=\"false\" data-marvy_enable_gradient_animation=\"false\" data-marvy_enable_snow_animation=\"false\" data-marvy_enable_firework_animation=\"false\" data-marvy_enable_cloud_animation=\"false\" class=\"elementor-element elementor-element-41e0231b e-con-full e-flex e-con e-child\" data-id=\"41e0231b\" data-element_type=\"container\" data-e-type=\"container\">\n\t\t\t\t<div class=\"elementor-element elementor-element-73196bfc elementor-widget elementor-widget-heading\" data-id=\"73196bfc\" data-element_type=\"widget\" data-e-type=\"widget\" data-widget_type=\"heading.default\">\n\t\t\t\t<div class=\"elementor-widget-container\">\n\t\t\t\t\t<h2 class=\"elementor-heading-title elementor-size-default\">SINOPSIS<\/h2>\t\t\t\t<\/div>\n\t\t\t\t<\/div>\n\t\t\t\t<div class=\"elementor-element elementor-element-3f0a8b9e elementor-widget__width-initial elementor-widget elementor-widget-text-editor\" data-id=\"3f0a8b9e\" data-element_type=\"widget\" data-e-type=\"widget\" data-widget_type=\"text-editor.default\">\n\t\t\t\t<div class=\"elementor-widget-container\">\n\t\t\t\t\t\t\t\t\t<p style=\"text-align: left\">Segundo programa dedicado a la lectura estatutaria de Eduardo Matos Moctezuma titulada: El s\u00edmbolo del sonido y su presencia en el M\u00e9xico prehisp\u00e1nico y colonial. Don Eduardo comenta que las volutas se empleaban para representar la palabra, la m\u00fasica, rugidos de animales, cantos, gritos y susurros; mientras que solo se encontr\u00f3 un ejemplo de la v\u00edrgula simbolizando el canto de un ave.<\/p>\t\t\t\t\t\t\t\t<\/div>\n\t\t\t\t<\/div>\n\t\t\t\t<div class=\"elementor-element elementor-element-346204e elementor-widget elementor-widget-heading\" data-id=\"346204e\" data-element_type=\"widget\" data-e-type=\"widget\" data-widget_type=\"heading.default\">\n\t\t\t\t<div class=\"elementor-widget-container\">\n\t\t\t\t\t<h2 class=\"elementor-heading-title elementor-size-default\">FICHA T\u00c9CNICA<\/h2>\t\t\t\t<\/div>\n\t\t\t\t<\/div>\n\t\t\t\t<div class=\"elementor-element elementor-element-403548c elementor-widget__width-initial elementor-widget elementor-widget-text-editor\" data-id=\"403548c\" data-element_type=\"widget\" data-e-type=\"widget\" data-widget_type=\"text-editor.default\">\n\t\t\t\t<div class=\"elementor-widget-container\">\n\t\t\t\t\t\t\t\t\t<p><span style=\"font-weight: bolder\">GRABACI\u00d3N:<\/span> 17\/09\/2024<\/p><p><span style=\"font-weight: bolder\">TRANSMISI\u00d3N:<\/span> 19\/02\/2025<\/p><p><span style=\"font-weight: bolder\">CONDUCCI\u00d3N:<\/span>\u00a0Adolfo Casta\u00f1\u00f3n y Sergio Bustos<\/p><p><span style=\"font-weight: bolder\">PRODUCCI\u00d3N<\/span>: Jos\u00e9 de Jes\u00fas S\u00e1nchez Ram\u00edrez<\/p>\t\t\t\t\t\t\t\t<\/div>\n\t\t\t\t<\/div>\n\t\t\t\t<\/div>\n\t\t\t\t<\/div>\n\t\t\t\t<\/div>\n\t\t<div data-marvy_enable_drop_animation=\"false\" data-marvy_enable_fancy_rotate=\"false\" data-marvy_enable_flying_object=\"false\" data-marvy_enable_ripples_animation=\"false\" data-marvy_enable_waves_animation=\"false\" data-marvy_enable_rings_animation=\"false\" data-marvy_enable_topology_animation=\"false\" data-marvy_enable_gradient_animation=\"false\" data-marvy_enable_snow_animation=\"false\" data-marvy_enable_firework_animation=\"false\" data-marvy_enable_cloud_animation=\"false\" class=\"elementor-element elementor-element-29dd1ffb e-con-full e-flex e-con e-child\" data-id=\"29dd1ffb\" data-element_type=\"container\" data-e-type=\"container\">\n\t\t\t\t<div class=\"elementor-element elementor-element-64fdf8df elementor-widget-divider--view-line elementor-widget elementor-widget-divider\" data-id=\"64fdf8df\" data-element_type=\"widget\" data-e-type=\"widget\" data-widget_type=\"divider.default\">\n\t\t\t\t<div class=\"elementor-widget-container\">\n\t\t\t\t\t\t\t<div class=\"elementor-divider\">\n\t\t\t<span class=\"elementor-divider-separator\">\n\t\t\t\t\t\t<\/span>\n\t\t<\/div>\n\t\t\t\t\t\t<\/div>\n\t\t\t\t<\/div>\n\t\t\t\t<div class=\"elementor-element elementor-element-3b12731d elementor-widget elementor-widget-heading\" data-id=\"3b12731d\" data-element_type=\"widget\" data-e-type=\"widget\" data-widget_type=\"heading.default\">\n\t\t\t\t<div class=\"elementor-widget-container\">\n\t\t\t\t\t<h2 class=\"elementor-heading-title elementor-size-default\">Informaci\u00f3n contextual del episodio<\/h2>\t\t\t\t<\/div>\n\t\t\t\t<\/div>\n\t\t\t\t<div class=\"elementor-element elementor-element-1234e0d3 elementor-position-left elementor-hidden-desktop elementor-vertical-align-top elementor-widget elementor-widget-image-box\" data-id=\"1234e0d3\" data-element_type=\"widget\" data-e-type=\"widget\" data-widget_type=\"image-box.default\">\n\t\t\t\t<div class=\"elementor-widget-container\">\n\t\t\t\t\t<div class=\"elementor-image-box-wrapper\"><figure class=\"elementor-image-box-img\"><img decoding=\"async\" width=\"800\" height=\"800\" src=\"https:\/\/www.imer.mx\/programas\/wp-content\/uploads\/sites\/77\/2024\/03\/ANA-ESCUTIA.jpg\" class=\"attachment-full size-full wp-image-15626\" alt=\"\" srcset=\"https:\/\/www.imer.mx\/programas\/wp-content\/uploads\/sites\/77\/2024\/03\/ANA-ESCUTIA.jpg 800w, https:\/\/www.imer.mx\/programas\/wp-content\/uploads\/sites\/77\/2024\/03\/ANA-ESCUTIA-300x300.jpg 300w, https:\/\/www.imer.mx\/programas\/wp-content\/uploads\/sites\/77\/2024\/03\/ANA-ESCUTIA-150x150.jpg 150w, https:\/\/www.imer.mx\/programas\/wp-content\/uploads\/sites\/77\/2024\/03\/ANA-ESCUTIA-768x768.jpg 768w, https:\/\/www.imer.mx\/programas\/wp-content\/uploads\/sites\/77\/2024\/03\/ANA-ESCUTIA-560x560.jpg 560w\" sizes=\"(max-width: 800px) 100vw, 800px\" \/><\/figure><div class=\"elementor-image-box-content\"><h3 class=\"elementor-image-box-title\">Sobre la invitada<\/h3><p class=\"elementor-image-box-description\">Ana Escutia es especialista en educaci\u00f3n e Inclusi\u00f3n social en el Centro de Cultura Digital. La puedes seguir en redes sociales como @laanamatopeia<\/p><\/div><\/div>\t\t\t\t<\/div>\n\t\t\t\t<\/div>\n\t\t\t\t<\/div>\n\t\t<div data-marvy_enable_drop_animation=\"false\" data-marvy_enable_fancy_rotate=\"false\" data-marvy_enable_flying_object=\"false\" data-marvy_enable_ripples_animation=\"false\" data-marvy_enable_waves_animation=\"false\" data-marvy_enable_rings_animation=\"false\" data-marvy_enable_topology_animation=\"false\" data-marvy_enable_gradient_animation=\"false\" data-marvy_enable_snow_animation=\"false\" data-marvy_enable_firework_animation=\"false\" data-marvy_enable_cloud_animation=\"false\" class=\"elementor-element elementor-element-77195d71 e-con-full e-flex e-con e-child\" data-id=\"77195d71\" data-element_type=\"container\" data-e-type=\"container\" data-settings=\"{&quot;background_background&quot;:&quot;classic&quot;}\">\n\t\t<div data-marvy_enable_drop_animation=\"false\" data-marvy_enable_fancy_rotate=\"false\" data-marvy_enable_flying_object=\"false\" data-marvy_enable_ripples_animation=\"false\" data-marvy_enable_waves_animation=\"false\" data-marvy_enable_rings_animation=\"false\" data-marvy_enable_topology_animation=\"false\" data-marvy_enable_gradient_animation=\"false\" data-marvy_enable_snow_animation=\"false\" data-marvy_enable_firework_animation=\"false\" data-marvy_enable_cloud_animation=\"false\" class=\"elementor-element elementor-element-29a368f9 e-con-full e-flex e-con e-child\" data-id=\"29a368f9\" data-element_type=\"container\" data-e-type=\"container\">\n\t\t\t\t<div class=\"elementor-element elementor-element-a72c6b8 elementor-position-left elementor-hidden-desktop elementor-vertical-align-top elementor-widget elementor-widget-image-box\" data-id=\"a72c6b8\" data-element_type=\"widget\" data-e-type=\"widget\" data-widget_type=\"image-box.default\">\n\t\t\t\t<div class=\"elementor-widget-container\">\n\t\t\t\t\t<div class=\"elementor-image-box-wrapper\"><figure class=\"elementor-image-box-img\"><img loading=\"lazy\" decoding=\"async\" width=\"204\" height=\"204\" src=\"https:\/\/www.imer.mx\/programas\/wp-content\/uploads\/sites\/77\/2024\/03\/ccd-1.png\" class=\"attachment-full size-full wp-image-15641\" alt=\"\" srcset=\"https:\/\/www.imer.mx\/programas\/wp-content\/uploads\/sites\/77\/2024\/03\/ccd-1.png 204w, https:\/\/www.imer.mx\/programas\/wp-content\/uploads\/sites\/77\/2024\/03\/ccd-1-150x150.png 150w\" sizes=\"(max-width: 204px) 100vw, 204px\" \/><\/figure><div class=\"elementor-image-box-content\"><h3 class=\"elementor-image-box-title\">Acerca del Centro de Cultura Digital<\/h3><p class=\"elementor-image-box-description\">El CCD es un espacio para la reapropiaci\u00f3n de la cultura digital, para la exploraci\u00f3n de las narrativas y convivencias y para la articulaci\u00f3n de experiencias y saberes en red...\nSer en conjunto...\nProyectos de des(aprendizaje) diverso en acompa\u00f1amiento.<br>\n<br>\n<a href=\"https:\/\/www.centroculturadigital.mx\/\">https:\/\/www.centroculturadigital.mx\/<\/a><\/p><\/div><\/div>\t\t\t\t<\/div>\n\t\t\t\t<\/div>\n\t\t<div data-marvy_enable_drop_animation=\"false\" data-marvy_enable_fancy_rotate=\"false\" data-marvy_enable_flying_object=\"false\" data-marvy_enable_ripples_animation=\"false\" data-marvy_enable_waves_animation=\"false\" data-marvy_enable_rings_animation=\"false\" data-marvy_enable_topology_animation=\"false\" data-marvy_enable_gradient_animation=\"false\" data-marvy_enable_snow_animation=\"false\" data-marvy_enable_firework_animation=\"false\" data-marvy_enable_cloud_animation=\"false\" class=\"elementor-element elementor-element-2948c91e e-con-full e-flex e-con e-child\" data-id=\"2948c91e\" data-element_type=\"container\" data-e-type=\"container\" data-settings=\"{&quot;background_background&quot;:&quot;classic&quot;}\">\n\t\t\t\t<div class=\"elementor-element elementor-element-7347128c elementor-widget elementor-widget-heading\" data-id=\"7347128c\" data-element_type=\"widget\" data-e-type=\"widget\" data-widget_type=\"heading.default\">\n\t\t\t\t<div class=\"elementor-widget-container\">\n\t\t\t\t\t<h2 class=\"elementor-heading-title elementor-size-default\">Comparte este contenido<\/h2>\t\t\t\t<\/div>\n\t\t\t\t<\/div>\n\t\t\t\t<div class=\"elementor-element elementor-element-2c42c5a9 elementor-widget elementor-widget-share-buttons\" data-id=\"2c42c5a9\" data-element_type=\"widget\" data-e-type=\"widget\" data-widget_type=\"share-buttons.default\">\n\t\t\t\t<div class=\"elementor-widget-container\">\n\t\t\t\t\t \t\t\t\t<\/div>\n\t\t\t\t<\/div>\n\t\t\t\t<div class=\"elementor-element elementor-element-458fa300 elementor-widget elementor-widget-post-navigation\" data-id=\"458fa300\" data-element_type=\"widget\" data-e-type=\"widget\" data-widget_type=\"post-navigation.default\">\n\t\t\t\t<div class=\"elementor-widget-container\">\n\t\t\t\t\t \t\t\t\t<\/div>\n\t\t\t\t<\/div>\n\t\t\t\t<div class=\"elementor-element elementor-element-2cedd4a2 elementor-widget-divider--view-line elementor-widget elementor-widget-divider\" data-id=\"2cedd4a2\" data-element_type=\"widget\" data-e-type=\"widget\" data-widget_type=\"divider.default\">\n\t\t\t\t<div class=\"elementor-widget-container\">\n\t\t\t\t\t\t\t<div class=\"elementor-divider\">\n\t\t\t<span class=\"elementor-divider-separator\">\n\t\t\t\t\t\t<\/span>\n\t\t<\/div>\n\t\t\t\t\t\t<\/div>\n\t\t\t\t<\/div>\n\t\t\t\t<div class=\"elementor-element elementor-element-39e3e3e5 elementor-widget elementor-widget-heading\" data-id=\"39e3e3e5\" data-element_type=\"widget\" data-e-type=\"widget\" data-widget_type=\"heading.default\">\n\t\t\t\t<div class=\"elementor-widget-container\">\n\t\t\t\t\t<h2 class=\"elementor-heading-title elementor-size-default\">Tambi\u00e9n te podr\u00eda interesar...<\/h2>\t\t\t\t<\/div>\n\t\t\t\t<\/div>\n\t\t\t\t<div class=\"elementor-element elementor-element-521d9c08 elementor-widget elementor-widget-posts\" data-id=\"521d9c08\" data-element_type=\"widget\" data-e-type=\"widget\" data-widget_type=\"posts.cards\">\n\t\t\t\t<div class=\"elementor-widget-container\">\n\t\t\t\t\t \t\t\t\t<\/div>\n\t\t\t\t<\/div>\n\t\t\t\t<\/div>\n\t\t\t\t<\/div>\n\t\t\t\t<\/div>\n\t\t\t\t<\/div>\n\t\t<div data-marvy_enable_drop_animation=\"false\" data-marvy_enable_fancy_rotate=\"false\" data-marvy_enable_flying_object=\"false\" data-marvy_enable_ripples_animation=\"false\" data-marvy_enable_waves_animation=\"false\" data-marvy_enable_rings_animation=\"false\" data-marvy_enable_topology_animation=\"false\" data-marvy_enable_gradient_animation=\"false\" data-marvy_enable_snow_animation=\"false\" data-marvy_enable_firework_animation=\"false\" data-marvy_enable_cloud_animation=\"false\" class=\"elementor-element elementor-element-4524989b e-con-full e-flex e-con e-child\" data-id=\"4524989b\" data-element_type=\"container\" data-e-type=\"container\">\n\t\t\t\t<div class=\"elementor-element elementor-element-3f780f74 elementor-widget-mobile__width-initial elementor-widget elementor-widget-image\" data-id=\"3f780f74\" data-element_type=\"widget\" data-e-type=\"widget\" data-widget_type=\"image.default\">\n\t\t\t\t<div class=\"elementor-widget-container\">\n\t\t\t\t\t\t\t\t\t\t\t\t\t\t\t<img loading=\"lazy\" decoding=\"async\" width=\"600\" height=\"900\" src=\"https:\/\/www.imer.mx\/programas\/wp-content\/uploads\/sites\/77\/2024\/02\/Cartelera-IMER-fondo-obscuro-V2.jpg\" class=\"attachment-large size-large wp-image-7591\" alt=\"Banner Cartelera IMER\" srcset=\"https:\/\/www.imer.mx\/programas\/wp-content\/uploads\/sites\/77\/2024\/02\/Cartelera-IMER-fondo-obscuro-V2.jpg 600w, https:\/\/www.imer.mx\/programas\/wp-content\/uploads\/sites\/77\/2024\/02\/Cartelera-IMER-fondo-obscuro-V2-200x300.jpg 200w\" sizes=\"(max-width: 600px) 100vw, 600px\" \/>\t\t\t\t\t\t\t\t\t\t\t\t\t\t\t<\/div>\n\t\t\t\t<\/div>\n\t\t\t\t<\/div>\n\t\t\t\t\t<\/div>\n\t\t\t\t<\/div>\n\t\t\t\t<\/div>\n\t\t","protected":false},"excerpt":{"rendered":"<p>   [audio mp3=\"http:\/\/www.imer.mx\/programas\/wp-content\/uploads\/sites\/77\/2025\/02\/Letras-y-Voces_631_El-sonido-del-simbolo-y-su-precencia-en-el-Mexico-prehispanico-y-colonial-II_Eduardo-Matos_19022025.mp3\"][\/audio]<br \/>\n&nbsp;<\/p>\n<p>Segundo programa dedicado a la lectura estatutaria de Eduardo Matos Moctezuma titulada: El s\u00edmbolo del sonido y su presencia en el M\u00e9xico prehisp\u00e1nico y colonial.<\/p>\n","protected":false},"author":183,"featured_media":50235,"comment_status":"closed","ping_status":"open","sticky":false,"template":"elementor_header_footer","format":"standard","meta":{"wp_popup_display_lightbox":0,"wp_popup_suppress":"","wp_popup_trigger":"","wp_popup_trigger_amount":0,"wp_popup_disable_on_mobile":false,"h5ap_radio_sources":[],"footnotes":""},"categories":[95],"tags":[45],"class_list":["post-50795","post","type-post","status-publish","format-standard","has-post-thumbnail","hentry","category-letras-y-voces","tag-historia"],"_links":{"self":[{"href":"https:\/\/www.imer.mx\/programas\/wp-json\/wp\/v2\/posts\/50795","targetHints":{"allow":["GET"]}}],"collection":[{"href":"https:\/\/www.imer.mx\/programas\/wp-json\/wp\/v2\/posts"}],"about":[{"href":"https:\/\/www.imer.mx\/programas\/wp-json\/wp\/v2\/types\/post"}],"author":[{"embeddable":true,"href":"https:\/\/www.imer.mx\/programas\/wp-json\/wp\/v2\/users\/183"}],"replies":[{"embeddable":true,"href":"https:\/\/www.imer.mx\/programas\/wp-json\/wp\/v2\/comments?post=50795"}],"version-history":[{"count":2,"href":"https:\/\/www.imer.mx\/programas\/wp-json\/wp\/v2\/posts\/50795\/revisions"}],"predecessor-version":[{"id":50801,"href":"https:\/\/www.imer.mx\/programas\/wp-json\/wp\/v2\/posts\/50795\/revisions\/50801"}],"wp:featuredmedia":[{"embeddable":true,"href":"https:\/\/www.imer.mx\/programas\/wp-json\/wp\/v2\/media\/50235"}],"wp:attachment":[{"href":"https:\/\/www.imer.mx\/programas\/wp-json\/wp\/v2\/media?parent=50795"}],"wp:term":[{"taxonomy":"category","embeddable":true,"href":"https:\/\/www.imer.mx\/programas\/wp-json\/wp\/v2\/categories?post=50795"},{"taxonomy":"post_tag","embeddable":true,"href":"https:\/\/www.imer.mx\/programas\/wp-json\/wp\/v2\/tags?post=50795"}],"curies":[{"name":"wp","href":"https:\/\/api.w.org\/{rel}","templated":true}]}}