{"id":3513,"date":"2023-10-06T18:57:25","date_gmt":"2023-10-07T00:57:25","guid":{"rendered":"https:\/\/www.imer.mx\/programas\/?p=3513"},"modified":"2024-04-03T16:51:06","modified_gmt":"2024-04-03T22:51:06","slug":"mexico-68-un-pais-que-se-fue","status":"publish","type":"post","link":"https:\/\/www.imer.mx\/programas\/mexico-68-un-pais-que-se-fue\/","title":{"rendered":"M\u00e9xico 68 un pa\u00eds que se fue"},"content":{"rendered":"\t\t<div data-elementor-type=\"wp-post\" data-elementor-id=\"3513\" class=\"elementor elementor-3513\">\n\t\t\t\t\t\t<section data-marvy_enable_drop_animation=\"false\" data-marvy_enable_fancy_rotate=\"false\" data-marvy_enable_flying_object=\"false\" data-marvy_enable_ripples_animation=\"false\" data-marvy_enable_waves_animation=\"false\" data-marvy_enable_rings_animation=\"false\" data-marvy_enable_topology_animation=\"false\" data-marvy_enable_gradient_animation=\"false\" data-marvy_enable_snow_animation=\"false\" data-marvy_enable_firework_animation=\"false\" data-marvy_enable_cloud_animation=\"false\" class=\"elementor-section elementor-top-section elementor-element elementor-element-4c73f35 elementor-section-boxed elementor-section-height-default elementor-section-height-default\" data-id=\"4c73f35\" data-element_type=\"section\" data-e-type=\"section\">\n\t\t\t\t\t\t<div class=\"elementor-container elementor-column-gap-no\">\n\t\t\t\t\t<div class=\"elementor-column elementor-col-50 elementor-top-column elementor-element elementor-element-4bfe102\" data-id=\"4bfe102\" data-element_type=\"column\" data-e-type=\"column\" data-settings=\"{&quot;background_background&quot;:&quot;classic&quot;}\">\n\t\t\t<div class=\"elementor-widget-wrap elementor-element-populated\">\n\t\t\t\t\t\t<section data-marvy_enable_drop_animation=\"false\" data-marvy_enable_fancy_rotate=\"false\" data-marvy_enable_flying_object=\"false\" data-marvy_enable_ripples_animation=\"false\" data-marvy_enable_waves_animation=\"false\" data-marvy_enable_rings_animation=\"false\" data-marvy_enable_topology_animation=\"false\" data-marvy_enable_gradient_animation=\"false\" data-marvy_enable_snow_animation=\"false\" data-marvy_enable_firework_animation=\"false\" data-marvy_enable_cloud_animation=\"false\" class=\"elementor-section elementor-inner-section elementor-element elementor-element-cdff32c elementor-section-boxed elementor-section-height-default elementor-section-height-default\" data-id=\"cdff32c\" data-element_type=\"section\" data-e-type=\"section\">\n\t\t\t\t\t\t<div class=\"elementor-container elementor-column-gap-default\">\n\t\t\t\t\t<div class=\"elementor-column elementor-col-50 elementor-inner-column elementor-element elementor-element-bafc32f\" data-id=\"bafc32f\" data-element_type=\"column\" data-e-type=\"column\">\n\t\t\t<div class=\"elementor-widget-wrap elementor-element-populated\">\n\t\t\t\t\t\t<div class=\"elementor-element elementor-element-cf8bcd5 elementor-widget elementor-widget-image\" data-id=\"cf8bcd5\" data-element_type=\"widget\" data-e-type=\"widget\" data-widget_type=\"image.default\">\n\t\t\t\t<div class=\"elementor-widget-container\">\n\t\t\t\t\t\t\t\t\t\t\t\t\t\t\t\t<a href=\"https:\/\/www.imer.mx\/programas\/bingo\/\">\n\t\t\t\t\t\t\t<img fetchpriority=\"high\" decoding=\"async\" width=\"800\" height=\"800\" src=\"https:\/\/www.imer.mx\/programas\/wp-content\/uploads\/sites\/77\/2023\/09\/BINGO-min-1.jpg\" class=\"attachment-large size-large wp-image-2566\" alt=\"\" srcset=\"https:\/\/www.imer.mx\/programas\/wp-content\/uploads\/sites\/77\/2023\/09\/BINGO-min-1.jpg 800w, https:\/\/www.imer.mx\/programas\/wp-content\/uploads\/sites\/77\/2023\/09\/BINGO-min-1-300x300.jpg 300w, https:\/\/www.imer.mx\/programas\/wp-content\/uploads\/sites\/77\/2023\/09\/BINGO-min-1-150x150.jpg 150w, https:\/\/www.imer.mx\/programas\/wp-content\/uploads\/sites\/77\/2023\/09\/BINGO-min-1-768x768.jpg 768w, https:\/\/www.imer.mx\/programas\/wp-content\/uploads\/sites\/77\/2023\/09\/BINGO-min-1-560x560.jpg 560w, https:\/\/www.imer.mx\/programas\/wp-content\/uploads\/sites\/77\/2023\/09\/elementor\/thumbs\/BINGO-min-1-qcreqszfj31x5rlvdzsbbl68ddlj3ejz1djr5ug0ss.jpg 270w\" sizes=\"(max-width: 800px) 100vw, 800px\" \/>\t\t\t\t\t\t\t\t<\/a>\n\t\t\t\t\t\t\t\t\t\t\t\t\t\t\t<\/div>\n\t\t\t\t<\/div>\n\t\t\t\t\t<\/div>\n\t\t<\/div>\n\t\t\t\t<div class=\"elementor-column elementor-col-50 elementor-inner-column elementor-element elementor-element-3a31e09\" data-id=\"3a31e09\" data-element_type=\"column\" data-e-type=\"column\">\n\t\t\t<div class=\"elementor-widget-wrap elementor-element-populated\">\n\t\t\t\t\t\t<div class=\"elementor-element elementor-element-1a357cd elementor-widget elementor-widget-heading\" data-id=\"1a357cd\" data-element_type=\"widget\" data-e-type=\"widget\" data-widget_type=\"heading.default\">\n\t\t\t\t<div class=\"elementor-widget-container\">\n\t\t\t\t\t<h2 class=\"elementor-heading-title elementor-size-default\"><a href=\"https:\/\/www.imer.mx\/programas\/bingo\/\">Bingo presenta:<\/a><\/h2>\t\t\t\t<\/div>\n\t\t\t\t<\/div>\n\t\t\t\t<div class=\"elementor-element elementor-element-e74d4eb elementor-widget elementor-widget-heading\" data-id=\"e74d4eb\" data-element_type=\"widget\" data-e-type=\"widget\" data-widget_type=\"heading.default\">\n\t\t\t\t<div class=\"elementor-widget-container\">\n\t\t\t\t\t<h2 class=\"elementor-heading-title elementor-size-default\">REFORMA LABORAL... DE 3 EN 3<\/h2>\t\t\t\t<\/div>\n\t\t\t\t<\/div>\n\t\t\t\t\t<\/div>\n\t\t<\/div>\n\t\t\t\t\t<\/div>\n\t\t<\/section>\n\t\t\t\t<div class=\"elementor-element elementor-element-22d6922 elementor-widget__width-auto elementor-widget elementor-widget-heading\" data-id=\"22d6922\" data-element_type=\"widget\" data-e-type=\"widget\" data-widget_type=\"heading.default\">\n\t\t\t\t<div class=\"elementor-widget-container\">\n\t\t\t\t\t<h2 class=\"elementor-heading-title elementor-size-default\">SINOPSIS<\/h2>\t\t\t\t<\/div>\n\t\t\t\t<\/div>\n\t\t\t\t<div class=\"elementor-element elementor-element-96884cc elementor-widget elementor-widget-text-editor\" data-id=\"96884cc\" data-element_type=\"widget\" data-e-type=\"widget\" data-widget_type=\"text-editor.default\">\n\t\t\t\t<div class=\"elementor-widget-container\">\n\t\t\t\t\t\t\t\t\t<p>La d\u00e9cada de 1960 fue un punto de no retorno en la vida del siglo XX. Dejando atr\u00e1s al fantasma de la \u00faltima gran guerra, la juventud busc\u00f3 (y encontr\u00f3) nuevas formas de incidir y hasta influir en todo el mundo. No solo la moda, con sus dise\u00f1os psicod\u00e9licos y de colores vibrantes, ni solo la m\u00fasica, con propuestas m\u00e1s frescas, menos solemnes y mucho m\u00e1s atrevidas en los ritmos y en letras; tambi\u00e9n en la cultura, el cine, la literatura (en M\u00e9xico surgi\u00f3 el movimiento llamado \u201cLiteratura de la Onda\u201d), la fuerza laboral, el \u00e1mbito profesional y econ\u00f3mico.<\/p><p>A la par, o como consecuencia de todo esto, en todo el mundo se vivieron momentos convulsos y complicados protagonizados por j\u00f3venes desde su h\u00e1bitat natural: las universidades. Desde Europa hasta Am\u00e9rica del Sur, pasando por los Estados Unidos, surgieron movimientos estudiantiles que ten\u00edan un com\u00fan denominador: la lucha contra los convencionalismos, empa\u00f1ada por la represi\u00f3n autoritaria, que funcion\u00f3 con la misma violencia e intolerancia en cualquier latitud.<\/p><p>En M\u00e9xico, tales tendencias coincidieron con un gobierno particularmente autoritario, cargado de tensi\u00f3n por la responsabilidad enorme de la organizaci\u00f3n de los XIX Juegos Ol\u00edmpicos de la era moderna, y con ella, la de alimentar y conservar la reputaci\u00f3n mexicana de estupendo anfitri\u00f3n.<\/p><p>Esa coyuntura dio pie a uno de los episodios m\u00e1s intensos y controvertidos de nuestra historia: el Movimiento social \u2013 estudiantil de 1968, que en escasos 3 meses transform\u00f3 la vida nacional.<\/p><p><strong><br \/><br \/><\/strong><\/p>\t\t\t\t\t\t\t\t<\/div>\n\t\t\t\t<\/div>\n\t\t\t\t<div class=\"elementor-element elementor-element-019e8e6 elementor-widget__width-auto elementor-widget elementor-widget-heading\" data-id=\"019e8e6\" data-element_type=\"widget\" data-e-type=\"widget\" data-widget_type=\"heading.default\">\n\t\t\t\t<div class=\"elementor-widget-container\">\n\t\t\t\t\t<h2 class=\"elementor-heading-title elementor-size-default\">EPISODIOS<\/h2>\t\t\t\t<\/div>\n\t\t\t\t<\/div>\n\t\t\t\t<div class=\"elementor-element elementor-element-9ee3dfc elementor-widget elementor-widget-wp-widget-media_audio\" data-id=\"9ee3dfc\" data-element_type=\"widget\" data-e-type=\"widget\" data-widget_type=\"wp-widget-media_audio.default\">\n\t\t\t\t<div class=\"elementor-widget-container\">\n\t\t\t\t\t<h5>Episodio 1: M\u00e9xico 68: un pa\u00eds que se fue.<\/h5><audio class=\"wp-audio-shortcode\" id=\"audio-3513-1\" preload=\"none\" style=\"width: 100%;\" controls=\"controls\"><source type=\"audio\/mpeg\" src=\"https:\/\/www.imer.mx\/programas\/wp-content\/uploads\/sites\/77\/2023\/11\/Bingo_16_Tlatelolco_Ep-01_02102023.mp3?_=1\" \/><source type=\"audio\/mpeg\" src=\"http:\/\/www.imer.mx\/programas\/wp-content\/uploads\/sites\/77\/2023\/11\/Bingo_16_Tlatelolco_Ep-01_02102023.mp3?_=1\" \/><a href=\"https:\/\/www.imer.mx\/programas\/wp-content\/uploads\/sites\/77\/2023\/11\/Bingo_16_Tlatelolco_Ep-01_02102023.mp3\">https:\/\/www.imer.mx\/programas\/wp-content\/uploads\/sites\/77\/2023\/11\/Bingo_16_Tlatelolco_Ep-01_02102023.mp3<\/a><\/audio>\t\t\t\t<\/div>\n\t\t\t\t<\/div>\n\t\t\t\t<div class=\"elementor-element elementor-element-8d17b22 elementor-widget elementor-widget-text-editor\" data-id=\"8d17b22\" data-element_type=\"widget\" data-e-type=\"widget\" data-widget_type=\"text-editor.default\">\n\t\t\t\t<div class=\"elementor-widget-container\">\n\t\t\t\t\t\t\t\t\t<p>Comencemos por el principio, hablando sobre c\u00f3mo la juventud de los a\u00f1os 60 experiment\u00f3 una transformaci\u00f3n significativa, abandonando la terlenka por los jeans, pero tambi\u00e9n aspirando a algo distinto; sobre los movimientos sociales globales y c\u00f3mo influenciaron un M\u00e9xico cargado de tensiones en un ambiente de represi\u00f3n gubernamental; y, todo esto, en plena efervescencia previa a los Juegos Ol\u00edmpicos de 1968 en M\u00e9xico, cuando espec\u00edficamente el Distrito Federal estaba por transformarse para siempre.<\/p>\t\t\t\t\t\t\t\t<\/div>\n\t\t\t\t<\/div>\n\t\t\t\t<div class=\"elementor-element elementor-element-8cfce2a elementor-widget elementor-widget-wp-widget-media_audio\" data-id=\"8cfce2a\" data-element_type=\"widget\" data-e-type=\"widget\" data-widget_type=\"wp-widget-media_audio.default\">\n\t\t\t\t<div class=\"elementor-widget-container\">\n\t\t\t\t\t<h5>Episodio 2: \u00danete Pueblo: Los d\u00edas del Movimiento<\/h5><audio class=\"wp-audio-shortcode\" id=\"audio-3513-2\" preload=\"none\" style=\"width: 100%;\" controls=\"controls\"><source type=\"audio\/mpeg\" src=\"https:\/\/www.imer.mx\/programas\/wp-content\/uploads\/sites\/77\/2023\/11\/Bingo_17_Tlatelolco_Ep-02_03102023.mp3?_=2\" \/><source type=\"audio\/mpeg\" src=\"http:\/\/www.imer.mx\/programas\/wp-content\/uploads\/sites\/77\/2023\/11\/Bingo_17_Tlatelolco_Ep-02_03102023.mp3?_=2\" \/><a href=\"https:\/\/www.imer.mx\/programas\/wp-content\/uploads\/sites\/77\/2023\/11\/Bingo_17_Tlatelolco_Ep-02_03102023.mp3\">https:\/\/www.imer.mx\/programas\/wp-content\/uploads\/sites\/77\/2023\/11\/Bingo_17_Tlatelolco_Ep-02_03102023.mp3<\/a><\/audio>\t\t\t\t<\/div>\n\t\t\t\t<\/div>\n\t\t\t\t<div class=\"elementor-element elementor-element-395756a elementor-widget elementor-widget-text-editor\" data-id=\"395756a\" data-element_type=\"widget\" data-e-type=\"widget\" data-widget_type=\"text-editor.default\">\n\t\t\t\t<div class=\"elementor-widget-container\">\n\t\t\t\t\t\t\t\t\t<p>Todo parec\u00eda estar en orden, pero el lunes 22 de julio, un enfrentamiento entre estudiantes de diferentes instituciones desencaden\u00f3 una serie de eventos que llevaron a una creciente agitaci\u00f3n social. Estudiantes de diversas escuelas comenzaron a unirse en protestas y huelgas exigiendo la satisfacci\u00f3n de varias demandas, incluyendo la liberaci\u00f3n de estudiantes detenidos y la desaparici\u00f3n de grupos de \u201cporros\u201d. La respuesta del gobierno fue cada vez m\u00e1s violenta, incluyendo la toma militar de una preparatoria y la destrucci\u00f3n de edificios hist\u00f3rico, comenzando una escalada de represi\u00f3n.<\/p>\t\t\t\t\t\t\t\t<\/div>\n\t\t\t\t<\/div>\n\t\t\t\t<div class=\"elementor-element elementor-element-3efc6bd elementor-widget elementor-widget-wp-widget-media_audio\" data-id=\"3efc6bd\" data-element_type=\"widget\" data-e-type=\"widget\" data-widget_type=\"wp-widget-media_audio.default\">\n\t\t\t\t<div class=\"elementor-widget-container\">\n\t\t\t\t\t<h5>Episodio 3: Voces del Movimiento: Testimonios de los protagonistas<\/h5><audio class=\"wp-audio-shortcode\" id=\"audio-3513-3\" preload=\"none\" style=\"width: 100%;\" controls=\"controls\"><source type=\"audio\/mpeg\" src=\"https:\/\/www.imer.mx\/programas\/wp-content\/uploads\/sites\/77\/2023\/11\/Bingo_18_Tlatelolco_Ep-03_04102023.mp3?_=3\" \/><source type=\"audio\/mpeg\" src=\"http:\/\/www.imer.mx\/programas\/wp-content\/uploads\/sites\/77\/2023\/11\/Bingo_18_Tlatelolco_Ep-03_04102023.mp3?_=3\" \/><a href=\"https:\/\/www.imer.mx\/programas\/wp-content\/uploads\/sites\/77\/2023\/11\/Bingo_18_Tlatelolco_Ep-03_04102023.mp3\">https:\/\/www.imer.mx\/programas\/wp-content\/uploads\/sites\/77\/2023\/11\/Bingo_18_Tlatelolco_Ep-03_04102023.mp3<\/a><\/audio>\t\t\t\t<\/div>\n\t\t\t\t<\/div>\n\t\t\t\t<div class=\"elementor-element elementor-element-9376e6a elementor-widget elementor-widget-text-editor\" data-id=\"9376e6a\" data-element_type=\"widget\" data-e-type=\"widget\" data-widget_type=\"text-editor.default\">\n\t\t\t\t<div class=\"elementor-widget-container\">\n\t\t\t\t\t\t\t\t\t<p>El 29 de julio, j\u00f3venes protestan en el Z\u00f3calo de Ciudad de M\u00e9xico y se ven obligados a refugiarse en la preparatoria n\u00famero 1 para evitar un enfrentamiento con al ej\u00e9rcito. De nada sirve. El ej\u00e9rcito los encuentra y los reprime bruscamente. Como resultado, se forma el Consejo Nacional de Huelga (CNH) y brigadas de estudiantes buscan informar a la ciudadan\u00eda, pero el clima de represi\u00f3n comienza a escalar en la ciudad hasta llegar a una convocatoria de mitin a llevarse a cabo el 2 de octubre en la Plaza de las Tres Culturas, en Tlatelolco.<\/p>\t\t\t\t\t\t\t\t<\/div>\n\t\t\t\t<\/div>\n\t\t\t\t<div class=\"elementor-element elementor-element-8fef254 elementor-widget elementor-widget-wp-widget-media_audio\" data-id=\"8fef254\" data-element_type=\"widget\" data-e-type=\"widget\" data-widget_type=\"wp-widget-media_audio.default\">\n\t\t\t\t<div class=\"elementor-widget-container\">\n\t\t\t\t\t<h5>Episodio 4:Destellos en el cielo: Tlatelolco, 2 de octubre de 1968<\/h5><audio class=\"wp-audio-shortcode\" id=\"audio-3513-4\" preload=\"none\" style=\"width: 100%;\" controls=\"controls\"><source type=\"audio\/mpeg\" src=\"https:\/\/www.imer.mx\/programas\/wp-content\/uploads\/sites\/77\/2023\/11\/Bingo_19_Tlatelolco_Ep-04_05102023.mp3?_=4\" \/><source type=\"audio\/mpeg\" src=\"http:\/\/www.imer.mx\/programas\/wp-content\/uploads\/sites\/77\/2023\/11\/Bingo_19_Tlatelolco_Ep-04_05102023.mp3?_=4\" \/><a href=\"https:\/\/www.imer.mx\/programas\/wp-content\/uploads\/sites\/77\/2023\/11\/Bingo_19_Tlatelolco_Ep-04_05102023.mp3\">https:\/\/www.imer.mx\/programas\/wp-content\/uploads\/sites\/77\/2023\/11\/Bingo_19_Tlatelolco_Ep-04_05102023.mp3<\/a><\/audio>\t\t\t\t<\/div>\n\t\t\t\t<\/div>\n\t\t\t\t<div class=\"elementor-element elementor-element-3c76a28 elementor-widget elementor-widget-text-editor\" data-id=\"3c76a28\" data-element_type=\"widget\" data-e-type=\"widget\" data-widget_type=\"text-editor.default\">\n\t\t\t\t<div class=\"elementor-widget-container\">\n\t\t\t\t\t\t\t\t\t<p>Como parte de las acciones del Movimiento Estudiantil se convoca a un mitin en la Plaza de las Tres Culturas de Tlatelolco el 2 de octubre de 1968. Aunque se esperaba represi\u00f3n, nadie anticip\u00f3 la magnitud de la tragedia. Entre disparos, gritos y p\u00e1nico, la gente corr\u00eda buscando refugio\u2026 El ej\u00e9rcito alegar\u00eda haber respondido a disparos mientras que individuos vestidos de civil detuvieron a los l\u00edderes del movimiento. Ese mitin cambiar\u00eda la historia del pa\u00eds en m\u00e1s de un sentido, esta es parte de esa historia.<\/p>\t\t\t\t\t\t\t\t<\/div>\n\t\t\t\t<\/div>\n\t\t\t\t<div class=\"elementor-element elementor-element-24af3a5 elementor-widget elementor-widget-wp-widget-media_audio\" data-id=\"24af3a5\" data-element_type=\"widget\" data-e-type=\"widget\" data-widget_type=\"wp-widget-media_audio.default\">\n\t\t\t\t<div class=\"elementor-widget-container\">\n\t\t\t\t\t<h5>Episodio 5: Los d\u00edas y los a\u00f1os: M\u00e9xico despu\u00e9s de Tlatelolco<\/h5><audio class=\"wp-audio-shortcode\" id=\"audio-3513-5\" preload=\"none\" style=\"width: 100%;\" controls=\"controls\"><source type=\"audio\/mpeg\" src=\"https:\/\/www.imer.mx\/programas\/wp-content\/uploads\/sites\/77\/2023\/11\/Bingo_20_Tlatelolco_Ep-05_06102023.mp3?_=5\" \/><source type=\"audio\/mpeg\" src=\"http:\/\/www.imer.mx\/programas\/wp-content\/uploads\/sites\/77\/2023\/11\/Bingo_20_Tlatelolco_Ep-05_06102023.mp3?_=5\" \/><a href=\"https:\/\/www.imer.mx\/programas\/wp-content\/uploads\/sites\/77\/2023\/11\/Bingo_20_Tlatelolco_Ep-05_06102023.mp3\">https:\/\/www.imer.mx\/programas\/wp-content\/uploads\/sites\/77\/2023\/11\/Bingo_20_Tlatelolco_Ep-05_06102023.mp3<\/a><\/audio>\t\t\t\t<\/div>\n\t\t\t\t<\/div>\n\t\t\t\t<div class=\"elementor-element elementor-element-a7b8171 elementor-widget elementor-widget-text-editor\" data-id=\"a7b8171\" data-element_type=\"widget\" data-e-type=\"widget\" data-widget_type=\"text-editor.default\">\n\t\t\t\t<div class=\"elementor-widget-container\">\n\t\t\t\t\t\t\t\t\t<p>Despu\u00e9s de la tragedia del 2 de octubre de 1968 en Tlatelolco, los l\u00edderes del movimiento fueron encarcelados y la informaci\u00f3n en los peri\u00f3dicos sigui\u00f3 limitada debido al bloqueo de la cobertura period\u00edstica. Asombrosamente, los Juegos Ol\u00edmpicos de M\u00e9xico se inauguraron sin incidentes notables. Pero al final de todo y a pesar de la represi\u00f3n y la disoluci\u00f3n gradual del movimiento estudiantil, la conciencia social de los mexicanos hab\u00eda cambiado, el movimiento estudiantil de 1968 hab\u00eda dejado una huella indeleble en la historia de M\u00e9xico.<\/p>\t\t\t\t\t\t\t\t<\/div>\n\t\t\t\t<\/div>\n\t\t\t\t<div class=\"elementor-element elementor-element-df38576 elementor-widget__width-auto elementor-widget elementor-widget-heading\" data-id=\"df38576\" data-element_type=\"widget\" data-e-type=\"widget\" data-widget_type=\"heading.default\">\n\t\t\t\t<div class=\"elementor-widget-container\">\n\t\t\t\t\t<h2 class=\"elementor-heading-title elementor-size-default\">FICHA T\u00c9CNICA <\/h2>\t\t\t\t<\/div>\n\t\t\t\t<\/div>\n\t\t\t\t\t<\/div>\n\t\t<\/div>\n\t\t\t\t<div class=\"elementor-column elementor-col-50 elementor-top-column elementor-element elementor-element-9a96a5f\" data-id=\"9a96a5f\" data-element_type=\"column\" data-e-type=\"column\">\n\t\t\t<div class=\"elementor-widget-wrap\">\n\t\t\t\t\t\t\t<\/div>\n\t\t<\/div>\n\t\t\t\t\t<\/div>\n\t\t<\/section>\n\t\t\t\t<section data-marvy_enable_drop_animation=\"false\" data-marvy_enable_fancy_rotate=\"false\" data-marvy_enable_flying_object=\"false\" data-marvy_enable_ripples_animation=\"false\" data-marvy_enable_waves_animation=\"false\" data-marvy_enable_rings_animation=\"false\" data-marvy_enable_topology_animation=\"false\" data-marvy_enable_gradient_animation=\"false\" data-marvy_enable_snow_animation=\"false\" data-marvy_enable_firework_animation=\"false\" data-marvy_enable_cloud_animation=\"false\" class=\"elementor-section elementor-top-section elementor-element elementor-element-be6c34b elementor-section-boxed elementor-section-height-default elementor-section-height-default\" data-id=\"be6c34b\" data-element_type=\"section\" data-e-type=\"section\" data-settings=\"{&quot;background_background&quot;:&quot;classic&quot;}\">\n\t\t\t\t\t\t<div class=\"elementor-container elementor-column-gap-default\">\n\t\t\t\t\t<div class=\"elementor-column elementor-col-33 elementor-top-column elementor-element elementor-element-545715a\" data-id=\"545715a\" data-element_type=\"column\" data-e-type=\"column\" data-settings=\"{&quot;background_background&quot;:&quot;classic&quot;}\">\n\t\t\t<div class=\"elementor-widget-wrap elementor-element-populated\">\n\t\t\t\t\t\t<div class=\"elementor-element elementor-element-a686595 elementor-widget__width-initial elementor-widget elementor-widget-image\" data-id=\"a686595\" data-element_type=\"widget\" data-e-type=\"widget\" data-widget_type=\"image.default\">\n\t\t\t\t<div class=\"elementor-widget-container\">\n\t\t\t\t\t\t\t\t\t\t\t\t<figure class=\"wp-caption\">\n\t\t\t\t\t\t\t\t\t\t<img decoding=\"async\" width=\"644\" height=\"341\" src=\"https:\/\/www.imer.mx\/programas\/wp-content\/uploads\/sites\/77\/2023\/10\/tlatelol01.jpg\" class=\"attachment-full size-full wp-image-3580\" alt=\"\" srcset=\"https:\/\/www.imer.mx\/programas\/wp-content\/uploads\/sites\/77\/2023\/10\/tlatelol01.jpg 644w, https:\/\/www.imer.mx\/programas\/wp-content\/uploads\/sites\/77\/2023\/10\/tlatelol01-300x159.jpg 300w\" sizes=\"(max-width: 644px) 100vw, 644px\" \/>\t\t\t\t\t\t\t\t\t\t\t<figcaption class=\"widget-image-caption wp-caption-text\"><\/figcaption>\n\t\t\t\t\t\t\t\t\t\t<\/figure>\n\t\t\t\t\t\t\t\t\t<\/div>\n\t\t\t\t<\/div>\n\t\t\t\t\t<\/div>\n\t\t<\/div>\n\t\t\t\t<div class=\"elementor-column elementor-col-33 elementor-top-column elementor-element elementor-element-c3ce87e\" data-id=\"c3ce87e\" data-element_type=\"column\" data-e-type=\"column\" data-settings=\"{&quot;background_background&quot;:&quot;classic&quot;}\">\n\t\t\t<div class=\"elementor-widget-wrap elementor-element-populated\">\n\t\t\t\t\t\t<section data-marvy_enable_drop_animation=\"false\" data-marvy_enable_fancy_rotate=\"false\" data-marvy_enable_flying_object=\"false\" data-marvy_enable_ripples_animation=\"false\" data-marvy_enable_waves_animation=\"false\" data-marvy_enable_rings_animation=\"false\" data-marvy_enable_topology_animation=\"false\" data-marvy_enable_gradient_animation=\"false\" data-marvy_enable_snow_animation=\"false\" data-marvy_enable_firework_animation=\"false\" data-marvy_enable_cloud_animation=\"false\" class=\"elementor-section elementor-inner-section elementor-element elementor-element-272a392 elementor-section-boxed elementor-section-height-default elementor-section-height-default\" data-id=\"272a392\" data-element_type=\"section\" data-e-type=\"section\">\n\t\t\t\t\t\t<div class=\"elementor-container elementor-column-gap-default\">\n\t\t\t\t\t<div class=\"elementor-column elementor-col-100 elementor-inner-column elementor-element elementor-element-8d55c35\" data-id=\"8d55c35\" data-element_type=\"column\" data-e-type=\"column\" data-settings=\"{&quot;background_background&quot;:&quot;classic&quot;}\">\n\t\t\t<div class=\"elementor-widget-wrap elementor-element-populated\">\n\t\t\t\t\t\t<div class=\"elementor-element elementor-element-2d0add5 elementor-widget elementor-widget-heading\" data-id=\"2d0add5\" data-element_type=\"widget\" data-e-type=\"widget\" data-widget_type=\"heading.default\">\n\t\t\t\t<div class=\"elementor-widget-container\">\n\t\t\t\t\t<h2 class=\"elementor-heading-title elementor-size-default\">FICHA T\u00c9CNICA<\/h2>\t\t\t\t<\/div>\n\t\t\t\t<\/div>\n\t\t\t\t<div class=\"elementor-element elementor-element-aa77dac elementor-widget__width-initial elementor-widget elementor-widget-text-editor\" data-id=\"aa77dac\" data-element_type=\"widget\" data-e-type=\"widget\" data-widget_type=\"text-editor.default\">\n\t\t\t\t<div class=\"elementor-widget-container\">\n\t\t\t\t\t\t\t\t\t<p><strong>LOCUCI\u00d3N:<\/strong> Alejandro Joseph y Ariadna B\u00e1ez<\/p><p><strong>PRODUCCI\u00d3N<\/strong>: Enrique Gil<\/p><p><strong>GUION\/ESCALETA<\/strong>: Rogelio Castro Hern\u00e1ndez y Ariadna B\u00e1ez<\/p><p><span style=\"font-weight: bolder\">MUSICALIZACI\u00d3N<\/span>: Enrique Gil<\/p>\t\t\t\t\t\t\t\t<\/div>\n\t\t\t\t<\/div>\n\t\t\t\t\t<\/div>\n\t\t<\/div>\n\t\t\t\t\t<\/div>\n\t\t<\/section>\n\t\t\t\t\t<\/div>\n\t\t<\/div>\n\t\t\t\t<div class=\"elementor-column elementor-col-33 elementor-top-column elementor-element elementor-element-119dce1\" data-id=\"119dce1\" data-element_type=\"column\" data-e-type=\"column\">\n\t\t\t<div class=\"elementor-widget-wrap\">\n\t\t\t\t\t\t\t<\/div>\n\t\t<\/div>\n\t\t\t\t\t<\/div>\n\t\t<\/section>\n\t\t\t\t<section data-marvy_enable_drop_animation=\"false\" data-marvy_enable_fancy_rotate=\"false\" data-marvy_enable_flying_object=\"false\" data-marvy_enable_ripples_animation=\"false\" data-marvy_enable_waves_animation=\"false\" data-marvy_enable_rings_animation=\"false\" data-marvy_enable_topology_animation=\"false\" data-marvy_enable_gradient_animation=\"false\" data-marvy_enable_snow_animation=\"false\" data-marvy_enable_firework_animation=\"false\" data-marvy_enable_cloud_animation=\"false\" class=\"elementor-section elementor-top-section elementor-element elementor-element-97fca4c elementor-section-boxed elementor-section-height-default elementor-section-height-default\" data-id=\"97fca4c\" data-element_type=\"section\" data-e-type=\"section\" data-settings=\"{&quot;background_background&quot;:&quot;classic&quot;}\">\n\t\t\t\t\t\t<div class=\"elementor-container elementor-column-gap-default\">\n\t\t\t\t\t<div class=\"elementor-column elementor-col-50 elementor-top-column elementor-element elementor-element-9d5e455\" data-id=\"9d5e455\" data-element_type=\"column\" data-e-type=\"column\" data-settings=\"{&quot;background_background&quot;:&quot;classic&quot;}\">\n\t\t\t<div class=\"elementor-widget-wrap elementor-element-populated\">\n\t\t\t\t\t\t<div class=\"elementor-element elementor-element-55b7ff1 elementor-widget__width-auto elementor-widget elementor-widget-heading\" data-id=\"55b7ff1\" data-element_type=\"widget\" data-e-type=\"widget\" data-widget_type=\"heading.default\">\n\t\t\t\t<div class=\"elementor-widget-container\">\n\t\t\t\t\t<h2 class=\"elementor-heading-title elementor-size-default\">FUENTES<\/h2>\t\t\t\t<\/div>\n\t\t\t\t<\/div>\n\t\t\t\t<div class=\"elementor-element elementor-element-2d9fadd elementor-widget elementor-widget-text-editor\" data-id=\"2d9fadd\" data-element_type=\"widget\" data-e-type=\"widget\" data-widget_type=\"text-editor.default\">\n\t\t\t\t<div class=\"elementor-widget-container\">\n\t\t\t\t\t\t\t\t\t<p><strong>ENTREVISTAS<\/strong><\/p><ul><li>Fernando Valadez, m\u00e9dico, psiquiatra y psicoanalista, estudiante en 1968<\/li><li>Gast\u00f3n Mart\u00ednez, m\u00e9dico y estudiante en 1968<\/li><li>Mario Campuzano, m\u00e9dico y estudiante en 1968<\/li><li>Juan de Dios Hern\u00e1ndez, abogado y estudiante en 1968.<\/li><\/ul><p><strong>VIDEOS Y AUDIOS:<\/strong><\/p><ul><li><a href=\"https:\/\/www.youtube.com\/watch?v=GsnqbWl00IU&amp;ab_channel=CanaldelCongresoM%C3%A9xico\">https:\/\/www.youtube.com\/watch?v=GsnqbWl00IU&amp;ab_channel=CanaldelCongresoM%C3%A9xico<\/a><\/li><\/ul><p>Memoria del 68 cap\u00edtulo 1<\/p><ul><li><a href=\"https:\/\/www.youtube.com\/watch?v=xt1c_jmz4AU&amp;ab_channel=CanaldelCongresoM%C3%A9xico\">https:\/\/www.youtube.com\/watch?v=xt1c_jmz4AU&amp;ab_channel=CanaldelCongresoM%C3%A9xico<\/a><\/li><\/ul><p>Memoria del 68 cap\u00edtulo 2<\/p><ul><li><a href=\"https:\/\/www.youtube.com\/watch?v=D0w8wc3YQ6s&amp;ab_channel=historiadeM%C3%A9xico\">https:\/\/www.youtube.com\/watch?v=D0w8wc3YQ6s&amp;ab_channel=historiadeM%C3%A9xico<\/a><\/li><\/ul><p>IV Informe de Gobierno de Gustavo D\u00edaz Ordaz<\/p><ul><li><a href=\"https:\/\/www.youtube.com\/watch?v=sFIne8m118g&amp;ab_channel=mexicohistoria\">https:\/\/www.youtube.com\/watch?v=sFIne8m118g&amp;ab_channel=mexicohistoria<\/a><\/li><\/ul><p>3\/3 1968 Movimiento Estudiantil<\/p><ul><li><a href=\"https:\/\/www.youtube.com\/watch?v=qdT040JZwfw&amp;ab_channel=MILENIO\">https:\/\/www.youtube.com\/watch?v=qdT040JZwfw&amp;ab_channel=MILENIO<\/a><\/li><\/ul><p>\u00abEstoy muy contento de haber podido servir a mi pa\u00eds\u201d: D\u00edaz Ordaz tras la matanza del 68\u201d<\/p><p><strong>DOCUMENTOS:<\/strong><\/p><ul><li>El Movimiento se disuelve; perdura en la memoria de la Gaceta de la UNAM<\/li><li>El libro \u201cLos D\u00edas y los A\u00f1os\u201d, de Luis Gonz\u00e1lez de Alba, editorial ERA<\/li><li>El libro \u201cLa Noche de Tlatelolco\u201d, de Elena Poniatowska, editorial ERA<\/li><li>Documental \u201cTlatelolco, las claves de la masacre\u201d, disponible en la plataforma Amazon Prime Video<\/li><li>Revista \u201cLos Agachados\u201d (del caricaturista Rius) de Editorial Posada, septiembre de 1968<\/li><li>Y experiencia propia de Rogelio Castro, de las pl\u00e1ticas con sus pap\u00e1s y t\u00edos.<\/li><\/ul>\t\t\t\t\t\t\t\t<\/div>\n\t\t\t\t<\/div>\n\t\t\t\t\t<\/div>\n\t\t<\/div>\n\t\t\t\t<div class=\"elementor-column elementor-col-50 elementor-top-column elementor-element elementor-element-622994e\" data-id=\"622994e\" data-element_type=\"column\" data-e-type=\"column\">\n\t\t\t<div class=\"elementor-widget-wrap\">\n\t\t\t\t\t\t\t<\/div>\n\t\t<\/div>\n\t\t\t\t\t<\/div>\n\t\t<\/section>\n\t\t\t\t<section data-marvy_enable_drop_animation=\"false\" data-marvy_enable_fancy_rotate=\"false\" data-marvy_enable_flying_object=\"false\" data-marvy_enable_ripples_animation=\"false\" data-marvy_enable_waves_animation=\"false\" data-marvy_enable_rings_animation=\"false\" data-marvy_enable_topology_animation=\"false\" data-marvy_enable_gradient_animation=\"false\" data-marvy_enable_snow_animation=\"false\" data-marvy_enable_firework_animation=\"false\" data-marvy_enable_cloud_animation=\"false\" class=\"elementor-section elementor-top-section elementor-element elementor-element-2a18625f elementor-section-boxed elementor-section-height-default elementor-section-height-default\" data-id=\"2a18625f\" data-element_type=\"section\" data-e-type=\"section\">\n\t\t\t\t\t\t<div class=\"elementor-container elementor-column-gap-default\">\n\t\t\t\t\t<div class=\"elementor-column elementor-col-50 elementor-top-column elementor-element elementor-element-3f77ea3d\" data-id=\"3f77ea3d\" data-element_type=\"column\" data-e-type=\"column\" data-settings=\"{&quot;background_background&quot;:&quot;classic&quot;}\">\n\t\t\t<div class=\"elementor-widget-wrap elementor-element-populated\">\n\t\t\t\t\t\t<div class=\"elementor-element elementor-element-72405003 elementor-widget elementor-widget-post-navigation\" data-id=\"72405003\" data-element_type=\"widget\" data-e-type=\"widget\" data-widget_type=\"post-navigation.default\">\n\t\t\t\t<div class=\"elementor-widget-container\">\n\t\t\t\t\t \t\t\t\t<\/div>\n\t\t\t\t<\/div>\n\t\t\t\t\t<\/div>\n\t\t<\/div>\n\t\t\t\t<div class=\"elementor-column elementor-col-50 elementor-top-column elementor-element elementor-element-7c2d8262\" data-id=\"7c2d8262\" data-element_type=\"column\" data-e-type=\"column\">\n\t\t\t<div class=\"elementor-widget-wrap\">\n\t\t\t\t\t\t\t<\/div>\n\t\t<\/div>\n\t\t\t\t\t<\/div>\n\t\t<\/section>\n\t\t\t\t<\/div>\n\t\t","protected":false},"excerpt":{"rendered":"<p>[audio mp3=\"http:\/\/www.imer.mx\/programas\/wp-content\/uploads\/sites\/77\/2023\/10\/Clic-en-ver-mas-2.mp3\"][\/audio]<br \/>\n&nbsp;<\/p>\n<p>La d\u00e9cada de 1960 fue un punto de no retorno en la vida del siglo XX. Dejando atr\u00e1s al fantasma de la \u00faltima gran guerra, la juventud busc\u00f3 (y encontr\u00f3) nuevas formas de incidir y hasta influir en todo el mundo. No solo la moda, con sus dise\u00f1os psicod\u00e9licos y de colores vibrantes, ni solo la m\u00fasica, con propuestas m\u00e1s frescas, menos solemnes y mucho m\u00e1s atrevidas en los ritmos y en letras; tambi\u00e9n en la cultura, el cine, la literatura (en M\u00e9xico surgi\u00f3 el movimiento llamado \u201cLiteratura de la Onda\u201d), la fuerza laboral, el \u00e1mbito profesional y econ\u00f3mico.<br \/>\nA la par, o como consecuencia de todo esto, en todo el mundo se vivieron momentos convulsos y complicados protagonizados por j\u00f3venes desde su h\u00e1bitat natural: las universidades. Desde Europa hasta Am\u00e9rica del Sur, pasando por los Estados Unidos, surgieron movimientos estudiantiles que ten\u00edan un com\u00fan denominador: la lucha contra los convencionalismos, empa\u00f1ada por la represi\u00f3n autoritaria, que funcion\u00f3 con la misma violencia e intolerancia en cualquier latitud.<br \/>\nEn M\u00e9xico, tales tendencias coincidieron con un gobierno particularmente autoritario, cargado de tensi\u00f3n por la responsabilidad enorme de la organizaci\u00f3n de los XIX Juegos Ol\u00edmpicos de la era moderna, y con ella, la de alimentar y conservar la reputaci\u00f3n mexicana de estupendo anfitri\u00f3n.<br \/>\nEsa coyuntura dio pie a uno de los episodios m\u00e1s intensos y controvertidos de nuestra historia: el Movimiento social \u2013 estudiantil de 1968, que en escasos 3 meses transform\u00f3 la vida nacional.<\/p>\n","protected":false},"author":220,"featured_media":3580,"comment_status":"closed","ping_status":"open","sticky":false,"template":"","format":"standard","meta":{"wp_popup_display_lightbox":0,"wp_popup_suppress":"","wp_popup_trigger":"","wp_popup_trigger_amount":0,"wp_popup_disable_on_mobile":false,"h5ap_radio_sources":[],"footnotes":""},"categories":[37],"tags":[45],"class_list":["post-3513","post","type-post","status-publish","format-standard","has-post-thumbnail","hentry","category-bingo","tag-historia"],"_links":{"self":[{"href":"https:\/\/www.imer.mx\/programas\/wp-json\/wp\/v2\/posts\/3513","targetHints":{"allow":["GET"]}}],"collection":[{"href":"https:\/\/www.imer.mx\/programas\/wp-json\/wp\/v2\/posts"}],"about":[{"href":"https:\/\/www.imer.mx\/programas\/wp-json\/wp\/v2\/types\/post"}],"author":[{"embeddable":true,"href":"https:\/\/www.imer.mx\/programas\/wp-json\/wp\/v2\/users\/220"}],"replies":[{"embeddable":true,"href":"https:\/\/www.imer.mx\/programas\/wp-json\/wp\/v2\/comments?post=3513"}],"version-history":[{"count":2,"href":"https:\/\/www.imer.mx\/programas\/wp-json\/wp\/v2\/posts\/3513\/revisions"}],"predecessor-version":[{"id":17225,"href":"https:\/\/www.imer.mx\/programas\/wp-json\/wp\/v2\/posts\/3513\/revisions\/17225"}],"wp:featuredmedia":[{"embeddable":true,"href":"https:\/\/www.imer.mx\/programas\/wp-json\/wp\/v2\/media\/3580"}],"wp:attachment":[{"href":"https:\/\/www.imer.mx\/programas\/wp-json\/wp\/v2\/media?parent=3513"}],"wp:term":[{"taxonomy":"category","embeddable":true,"href":"https:\/\/www.imer.mx\/programas\/wp-json\/wp\/v2\/categories?post=3513"},{"taxonomy":"post_tag","embeddable":true,"href":"https:\/\/www.imer.mx\/programas\/wp-json\/wp\/v2\/tags?post=3513"}],"curies":[{"name":"wp","href":"https:\/\/api.w.org\/{rel}","templated":true}]}}