{"id":1868,"date":"2019-02-20T17:46:35","date_gmt":"2019-02-21T00:46:35","guid":{"rendered":"https:\/\/www.imer.mx\/orbita\/?p=1868"},"modified":"2019-02-20T17:46:37","modified_gmt":"2019-02-21T00:46:37","slug":"the-byrds-se-despiden-con-su-ultimo-concierto","status":"publish","type":"post","link":"https:\/\/www.imer.mx\/orbita\/the-byrds-se-despiden-con-su-ultimo-concierto\/","title":{"rendered":"The Byrds se despiden con su \u00faltimo concierto"},"content":{"rendered":"\n<p>Febrero de 1973 marc\u00f3 el adi\u00f3s de uno de los grupos m\u00e1s importantes&nbsp;del folk rock de los sesenta; The Byrds. La despedida la dieron en el Teatro Capitol de Passaic, en Nueva Jersey. All\u00ed estuvieron <strong>Roger McGuinn, Clarence White, John York<\/strong> y <strong>Gene Parsons<\/strong>.<\/p>\n","protected":false},"excerpt":{"rendered":"<p>Febrero de 1973 marc\u00f3 el adi\u00f3s de uno de los grupos m\u00e1s importantes&nbsp;del folk rock de los sesenta; The Byrds. La despedida la dieron en el Teatro Capitol de Passaic, en Nueva Jersey. All\u00ed estuvieron Roger McGuinn, Clarence White, John York y Gene Parsons.<\/p>\n","protected":false},"author":120,"featured_media":1869,"comment_status":"open","ping_status":"open","sticky":false,"template":"","format":"standard","meta":{"wp_popup_display_lightbox":0,"wp_popup_suppress":"","wp_popup_trigger":"","wp_popup_trigger_amount":0,"wp_popup_disable_on_mobile":false,"footnotes":""},"categories":[2,4],"tags":[],"class_list":["post-1868","post","type-post","status-publish","format-standard","has-post-thumbnail","hentry","category-destacados","category-orbita","category-2","category-4","description-off"],"_links":{"self":[{"href":"https:\/\/www.imer.mx\/orbita\/wp-json\/wp\/v2\/posts\/1868","targetHints":{"allow":["GET"]}}],"collection":[{"href":"https:\/\/www.imer.mx\/orbita\/wp-json\/wp\/v2\/posts"}],"about":[{"href":"https:\/\/www.imer.mx\/orbita\/wp-json\/wp\/v2\/types\/post"}],"author":[{"embeddable":true,"href":"https:\/\/www.imer.mx\/orbita\/wp-json\/wp\/v2\/users\/120"}],"replies":[{"embeddable":true,"href":"https:\/\/www.imer.mx\/orbita\/wp-json\/wp\/v2\/comments?post=1868"}],"version-history":[{"count":0,"href":"https:\/\/www.imer.mx\/orbita\/wp-json\/wp\/v2\/posts\/1868\/revisions"}],"wp:featuredmedia":[{"embeddable":true,"href":"https:\/\/www.imer.mx\/orbita\/wp-json\/wp\/v2\/media\/1869"}],"wp:attachment":[{"href":"https:\/\/www.imer.mx\/orbita\/wp-json\/wp\/v2\/media?parent=1868"}],"wp:term":[{"taxonomy":"category","embeddable":true,"href":"https:\/\/www.imer.mx\/orbita\/wp-json\/wp\/v2\/categories?post=1868"},{"taxonomy":"post_tag","embeddable":true,"href":"https:\/\/www.imer.mx\/orbita\/wp-json\/wp\/v2\/tags?post=1868"}],"curies":[{"name":"wp","href":"https:\/\/api.w.org\/{rel}","templated":true}]}}